{"id":17171,"date":"2025-08-26T14:48:04","date_gmt":"2025-08-26T11:48:04","guid":{"rendered":"https:\/\/www.hbrkahta.com\/?p=17171"},"modified":"2025-08-26T14:48:04","modified_gmt":"2025-08-26T11:48:04","slug":"ak-parti-adiyaman-il-baskani-kablan-milletimizin-ve-esnafimizin-yanindayiz","status":"publish","type":"post","link":"https:\/\/www.hbrkahta.com\/index.php\/2025\/08\/26\/ak-parti-adiyaman-il-baskani-kablan-milletimizin-ve-esnafimizin-yanindayiz\/","title":{"rendered":"AK Parti Ad\u0131yaman \u0130l Ba\u015fkan\u0131 Kablan: milletimizin ve esnaf\u0131m\u0131z\u0131n yan\u0131nday\u0131z"},"content":{"rendered":"<p>Sorunlar\u0131 yerinde dinliyor, \u00e7\u00f6z\u00fcm i\u00e7in ad\u0131m at\u0131yoruz<\/p>\n<p>Kablan yapt\u0131\u011f\u0131 a\u00e7\u0131klamada, AK Parti\u2019nin kuruldu\u011fu g\u00fcnden bu yana halkla i\u00e7 i\u00e7e oldu\u011funu vurgulayarak \u015funlar\u0131 s\u00f6yledi:<br \/>\n&ldquo;TBMM\u2019nin tatil d\u00f6nemine girmesiyle birlikte bizler de milletvekillerimiz ve t\u00fcm te\u015fkilat\u0131m\u0131zla beraber vatanda\u015f\u0131m\u0131z\u0131n ve esnaf\u0131m\u0131z\u0131n yan\u0131nda olmaya devam ediyoruz. Sorunlar\u0131 yerinde dinliyor, \u00e7\u00f6z\u00fcm i\u00e7in gerekli ad\u0131mlar\u0131 at\u0131yoruz. AK Parti, sadece se\u00e7im d\u00f6nemlerinde de\u011fil her daim milletin yan\u0131ndad\u0131r.&rdquo;<\/p>\n<p>Saha ziyaretleri devam edecek<\/p>\n<p>\u0130l Ba\u015fkan\u0131 Kablan, yaz d\u00f6nemi boyunca k\u00f6y ve mahalle ziyaretlerini s\u00fcrd\u00fcreceklerini, vatanda\u015flar\u0131n taleplerini do\u011frudan kendilerinden dinlemeye devam edeceklerini ifade etti.<\/p>\n<p>Esnaf\u0131m\u0131z bizim i\u00e7in k\u0131ymetlidir<\/p>\n<p>Kablan, esnaf ziyaretlerinin de s\u00fcrece\u011fini belirterek, &ldquo;Esnaf\u0131m\u0131z bizim i\u00e7in \u00e7ok k\u0131ymetlidir. Onlar\u0131n sorunlar\u0131n\u0131 ve taleplerini dinlemek, \u00e7\u00f6z\u00fcm i\u00e7in gerekli ad\u0131mlar\u0131 atmak en \u00f6nemli g\u00f6revlerimizdendir&rdquo; dedi.<\/p>\n<p>Kablan, hem vatanda\u015f\u0131n hem de esnaf\u0131n beklentilerinin takip\u00e7isi olmaya devam edeceklerini s\u00f6zlerine ekledi.<\/p><\/p>\n","protected":false},"excerpt":{"rendered":"<p> Fatma didar YILDIRIM &#8211; AK Parti Ad\u0131yaman \u0130l Ba\u015fkan\u0131 Faruk B\u00fclent Kablan, T\u00fcrkiye B\u00fcy\u00fck Millet Meclisi\u2019nin (TBMM) tatile girmesiyle birlikte milletvekilleri ve te\u015fkilat \u00fcyeleriyle beraber saha \u00e7al\u0131\u015fmalar\u0131n\u0131 s\u00fcrd\u00fcreceklerini belirterek, \u201cHer daim vatanda\u015f\u0131m\u0131z\u0131n ve esnaf\u0131m\u0131z\u0131n yan\u0131nda olaca\u011f\u0131z\u201d dedi.<\/p>\n","protected":false},"author":1,"featured_media":17172,"comment_status":"open","ping_status":"open","sticky":false,"template":"","format":"standard","meta":{"om_disable_all_campaigns":false,"_monsterinsights_skip_tracking":false,"_monsterinsights_sitenote_active":false,"_monsterinsights_sitenote_note":"","_monsterinsights_sitenote_category":0,"footnotes":""},"categories":[1,11],"tags":[538,533],"aioseo_notices":[],"_links":{"self":[{"href":"https:\/\/www.hbrkahta.com\/index.php\/wp-json\/wp\/v2\/posts\/17171"}],"collection":[{"href":"https:\/\/www.hbrkahta.com\/index.php\/wp-json\/wp\/v2\/posts"}],"about":[{"href":"https:\/\/www.hbrkahta.com\/index.php\/wp-json\/wp\/v2\/types\/post"}],"author":[{"embeddable":true,"href":"https:\/\/www.hbrkahta.com\/index.php\/wp-json\/wp\/v2\/users\/1"}],"replies":[{"embeddable":true,"href":"https:\/\/www.hbrkahta.com\/index.php\/wp-json\/wp\/v2\/comments?post=17171"}],"version-history":[{"count":1,"href":"https:\/\/www.hbrkahta.com\/index.php\/wp-json\/wp\/v2\/posts\/17171\/revisions"}],"predecessor-version":[{"id":17173,"href":"https:\/\/www.hbrkahta.com\/index.php\/wp-json\/wp\/v2\/posts\/17171\/revisions\/17173"}],"wp:featuredmedia":[{"embeddable":true,"href":"https:\/\/www.hbrkahta.com\/index.php\/wp-json\/wp\/v2\/media\/17172"}],"wp:attachment":[{"href":"https:\/\/www.hbrkahta.com\/index.php\/wp-json\/wp\/v2\/media?parent=17171"}],"wp:term":[{"taxonomy":"category","embeddable":true,"href":"https:\/\/www.hbrkahta.com\/index.php\/wp-json\/wp\/v2\/categories?post=17171"},{"taxonomy":"post_tag","embeddable":true,"href":"https:\/\/www.hbrkahta.com\/index.php\/wp-json\/wp\/v2\/tags?post=17171"}],"curies":[{"name":"wp","href":"https:\/\/api.w.org\/{rel}","templated":true}]}}