{"id":17057,"date":"2025-08-17T18:36:03","date_gmt":"2025-08-17T15:36:03","guid":{"rendered":"https:\/\/www.hbrkahta.com\/?p=17057"},"modified":"2025-08-17T18:36:03","modified_gmt":"2025-08-17T15:36:03","slug":"dem-parti-adiyaman-il-orgutunden-yangin-aciklamasi-etkin-politikalar-gelistirilmeli","status":"publish","type":"post","link":"https:\/\/www.hbrkahta.com\/index.php\/2025\/08\/17\/dem-parti-adiyaman-il-orgutunden-yangin-aciklamasi-etkin-politikalar-gelistirilmeli\/","title":{"rendered":"DEM Parti Ad\u0131yaman \u0130l \u00d6rg\u00fct\u00fc\u2019nden yang\u0131n a\u00e7\u0131klamas\u0131: \u2018Etkin politikalar geli\u015ftirilmeli\u2019"},"content":{"rendered":"<p>DEM Parti Ad\u0131yaman \u0130l \u00d6rg\u00fct\u00fc, Besni il\u00e7esinde \u00e7\u0131kan orman yang\u0131n\u0131yla ilgili bas\u0131n a\u00e7\u0131klamas\u0131 yapt\u0131. A\u00e7\u0131klamada, iktidar\u0131n yang\u0131nlara kar\u015f\u0131 etkin politikalar geli\u015ftirmesi konusunda \u00e7a\u011fr\u0131da bulunuldu.<\/p>\n<p>Haklar\u0131n E\u015fitlik ve Demokrasi Partisi (DEM Parti) Ad\u0131yaman \u0130l \u00d6rg\u00fct\u00fc\u2019nden Besni il\u00e7esinde 4 farkl\u0131 alanda \u00e7\u0131kan yang\u0131n sonras\u0131 a\u00e7\u0131klama geldi. DEM Parti \u0130l \u00d6rg\u00fct\u00fc binas\u0131nda d\u00fczenlenen bas\u0131n a\u00e7\u0131klamas\u0131nda, Tevgera Jin&ecirc;n Azad (TJA), Demokratik B\u00f6lgeler Partisi (DBP) ile \u00e7ok say\u0131da ki\u015fi destek verdi. Bas\u0131n a\u00e7\u0131klamas\u0131nda konu\u015fan demokratik b\u00f6lgeler Partisi (DBP) \u0130l E\u015f ba\u015fkan\u0131 Suzan \u015ean, &ldquo;Bir a\u011fac\u0131n g\u00f6lgesi, bu co\u011frafyan\u0131n ortak miras\u0131d\u0131r&rdquo; ifadelerini kulland\u0131.<\/p>\n<p>&ldquo;Her bir fidan, hem insan eme\u011finin hem de do\u011fan\u0131n ortak eseridir&rdquo;<\/p>\n<p>Yang\u0131nlar\u0131n ekolojik ya\u015fam\u0131n dengesini bozdu\u011funu vurgulayan \u015ean, &ldquo;Son g\u00fcnlerde oldu\u011fu gibi d\u00fcn de b\u00f6lgemizde tar\u0131m alanlar\u0131nda meydana gelen yang\u0131nlar sadece ekinlerimizi de\u011fil, topra\u011f\u0131m\u0131z\u0131, havam\u0131z\u0131, suyumuzu ve birlikte ya\u015fad\u0131\u011f\u0131m\u0131z t\u00fcm canl\u0131lar\u0131 tehdit etmektedir. Bu yang\u0131nlar, ekosistemin dengesini bozmakta, topra\u011f\u0131n verimini yok etmekte ve b\u00f6lge halk\u0131n\u0131n ge\u00e7im kaynaklar\u0131n\u0131 ciddi bi\u00e7imde riske atmaktad\u0131r. Bizler biliyoruz ki toprak sadece \u00fcretim arac\u0131 de\u011fil; k\u00fclt\u00fcr\u00fcm\u00fcz\u00fcn, kimli\u011fimizin ve ya\u015fam\u0131m\u0131z\u0131n bir par\u00e7as\u0131d\u0131r. Her bir tarla, her bir fidan hem insan eme\u011finin hem de do\u011fan\u0131n ortak eseridir. Yang\u0131nlarla birlikte yaln\u0131zca maddi kay\u0131plar ya\u015fanmamakta; yaban hayat\u0131, yerel bitki t\u00fcrleri, toprak verimlili\u011fi ve gelecek ku\u015faklar\u0131n ya\u015fam hakk\u0131 da elinden al\u0131nmaktad\u0131r&rdquo; dedi.<\/p>\n<p>&ldquo;Yang\u0131nlarla yok edilen yaln\u0131zca tar\u0131m de\u011fil, gelece\u011fimizdir&rdquo;<\/p>\n<p>Daha efektif m\u00fcdahale y\u00f6ntemlerinin hayata ge\u00e7irilmesi gerekti\u011fine i\u015faret eden \u015ean, &ldquo;Toprak yaln\u0131zca ekmek kap\u0131s\u0131 de\u011fil; halklar\u0131n belle\u011fi, k\u00fclt\u00fcr\u00fc, ortak ya\u015fam alan\u0131d\u0131r. Bir a\u011fac\u0131n g\u00f6lgesi, bir ba\u015fa\u011f\u0131n her bir tanesi, bir dere kenar\u0131ndaki sazl\u0131k hepsi bu co\u011frafyan\u0131n ortak miras\u0131d\u0131r. Yang\u0131nlarla yok edilen yaln\u0131zca tar\u0131m de\u011fil gelece\u011fimizdir. Sadece bug\u00fcn\u00fcn \u00fcr\u00fcnleri de\u011fil yar\u0131n\u0131n nefesidir. Bu k\u00fclt\u00fcrel miras\u0131, do\u011fan\u0131n bize sundu\u011fu bu belle\u011fi korumak ve daha etkin, daha efektif m\u00fcdahale y\u00f6ntemlerinin hayata ge\u00e7irilmesi i\u00e7in t\u00fcm yetkilileri g\u00f6reve \u00e7a\u011f\u0131r\u0131yoruz. Biliyoruz ki toplumsal bar\u0131\u015f\u0131n sa\u011flanmas\u0131 b\u00fct\u00fcnc\u00fcl politikalarla m\u00fcmk\u00fcnd\u00fcr. Do\u011fa ile bar\u0131\u015f\u0131n da bunun bir par\u00e7as\u0131 oldu\u011fu unutulmamal\u0131d\u0131r&rdquo; a\u00e7\u0131klamalar\u0131nda bulundu.<\/p>\n<p>A\u00e7\u0131klamas\u0131n\u0131n devam\u0131nda iktidara \u00e7a\u011fr\u0131da bulunan \u015ean, &ldquo;Bu anlamda h\u00fckumeti, iktidar\u0131 yang\u0131nlara kar\u015f\u0131 etkin politikalar geli\u015ftirmesi ve denetim mekanizmalar\u0131yla do\u011fan\u0131n, ekosistemin canl\u0131l\u0131\u011f\u0131n\u0131 korumas\u0131 i\u00e7in sorumluluk almaya ve \u00f6nleyici politikalar geli\u015ftirmeye \u00e7a\u011f\u0131r\u0131yoruz&rdquo; ifadelerini kulland\u0131.<\/p>\n<p>Dem Parti \u0130l E\u015f Ba\u015fkan\u0131 Mehmet Bay\u0131r ise, bas\u0131n a\u00e7\u0131klamas\u0131n\u0131 K\u00fcrt\u00e7e konu\u015farak sonland\u0131rd\u0131.<\/p><\/p>\n","protected":false},"excerpt":{"rendered":"<p> DEM Parti, Besni, Yang\u0131n, Bas\u0131n A\u00e7\u0131klamas\u0131<\/p>\n","protected":false},"author":1,"featured_media":17058,"comment_status":"open","ping_status":"open","sticky":false,"template":"","format":"standard","meta":{"om_disable_all_campaigns":false,"_monsterinsights_skip_tracking":false,"_monsterinsights_sitenote_active":false,"_monsterinsights_sitenote_note":"","_monsterinsights_sitenote_category":0,"footnotes":""},"categories":[1,11],"tags":[1333,540,535,129,701],"aioseo_notices":[],"_links":{"self":[{"href":"https:\/\/www.hbrkahta.com\/index.php\/wp-json\/wp\/v2\/posts\/17057"}],"collection":[{"href":"https:\/\/www.hbrkahta.com\/index.php\/wp-json\/wp\/v2\/posts"}],"about":[{"href":"https:\/\/www.hbrkahta.com\/index.php\/wp-json\/wp\/v2\/types\/post"}],"author":[{"embeddable":true,"href":"https:\/\/www.hbrkahta.com\/index.php\/wp-json\/wp\/v2\/users\/1"}],"replies":[{"embeddable":true,"href":"https:\/\/www.hbrkahta.com\/index.php\/wp-json\/wp\/v2\/comments?post=17057"}],"version-history":[{"count":1,"href":"https:\/\/www.hbrkahta.com\/index.php\/wp-json\/wp\/v2\/posts\/17057\/revisions"}],"predecessor-version":[{"id":17059,"href":"https:\/\/www.hbrkahta.com\/index.php\/wp-json\/wp\/v2\/posts\/17057\/revisions\/17059"}],"wp:featuredmedia":[{"embeddable":true,"href":"https:\/\/www.hbrkahta.com\/index.php\/wp-json\/wp\/v2\/media\/17058"}],"wp:attachment":[{"href":"https:\/\/www.hbrkahta.com\/index.php\/wp-json\/wp\/v2\/media?parent=17057"}],"wp:term":[{"taxonomy":"category","embeddable":true,"href":"https:\/\/www.hbrkahta.com\/index.php\/wp-json\/wp\/v2\/categories?post=17057"},{"taxonomy":"post_tag","embeddable":true,"href":"https:\/\/www.hbrkahta.com\/index.php\/wp-json\/wp\/v2\/tags?post=17057"}],"curies":[{"name":"wp","href":"https:\/\/api.w.org\/{rel}","templated":true}]}}