{"id":17039,"date":"2025-08-17T14:36:06","date_gmt":"2025-08-17T11:36:06","guid":{"rendered":"https:\/\/www.hbrkahta.com\/?p=17039"},"modified":"2025-08-17T14:36:06","modified_gmt":"2025-08-17T11:36:06","slug":"genel-baskan-gonder-hakki-olmayan-cikacak-gercek-magdur-olan-kalacak","status":"publish","type":"post","link":"https:\/\/www.hbrkahta.com\/index.php\/2025\/08\/17\/genel-baskan-gonder-hakki-olmayan-cikacak-gercek-magdur-olan-kalacak\/","title":{"rendered":"Genel Ba\u015fkan G\u00f6nder: \u2018Hakk\u0131 Olmayan \u00c7\u0131kacak, Ger\u00e7ek Ma\u011fdur Olan Kalacak\u2019"},"content":{"rendered":"<p>&ldquo;Devlet Ya\u015fat\u0131r, Vatanda\u015f Sorumluluk Al\u0131r&rdquo;<\/p>\n<p>Hedef K\u0131z\u0131lelma Derne\u011fi Genel Ba\u015fkan\u0131 \u0130brahim Halil G\u00f6nder, konteyner kentlerin kald\u0131r\u0131lmas\u0131na y\u00f6nelik tart\u0131\u015fmalara de\u011finerek, devletin y\u00fck\u00fcn\u00fcn hafifletilmesi ve adaletli bir da\u011f\u0131l\u0131m i\u00e7in vatanda\u015flar\u0131n da sorumluluk almas\u0131 gerekti\u011fini vurgulad\u0131. G\u00f6nder, &ldquo;Devlet ya\u015fat\u0131r, vatanda\u015f sorumluluk al\u0131r. Devlet, &lsquo;milleti ya\u015fat ki devlet ya\u015fas\u0131n\u2019 ilkesiyle hareket ediyor. Vatanda\u015f\u0131n\u0131 ayakta tutmak i\u00e7in elinden geleni yap\u0131yor. Ama vatanda\u015f da kendi sorumlulu\u011funu unutmamal\u0131&rdquo; dedi.<\/p>\n<p>&ldquo;Suistimal Edenler Var&rdquo;<\/p>\n<p>Konteyner kentlerde hakk\u0131 olmayan ki\u015filerin de kald\u0131\u011f\u0131n\u0131 belirten G\u00f6nder, \u015fu ifadeleri kulland\u0131:<br \/>\n&ldquo;Kimisi evini kiraya verip gelip konteynerde bele\u015fe yat\u0131yor. \u00c7ift maa\u015fl\u0131 olup yine de konteynere \u00e7\u00f6ken var. K\u00f6yde evi oldu\u011fu halde merkezde konteyner kap\u0131p, oray\u0131 ba\u015fka i\u015flerde kullanan var. \u0130\u015fin bir de bu y\u00fcz\u00fc var. Bunlar ger\u00e7ek ma\u011fdur de\u011fil, f\u0131rsat\u00e7\u0131l\u0131k yapan ki\u015filer.&rdquo;<\/p>\n<p>&ldquo;As\u0131l Ma\u011fdur Kirac\u0131lar&rdquo;<\/p>\n<p>G\u00f6nder, depremden en \u00e7ok etkilenen kesimin kirac\u0131lar oldu\u011funu belirterek, &ldquo;As\u0131l ma\u011fdur kim? Kirac\u0131lar&hellip; Evi bark\u0131 hi\u00e7 olmayan gariban insanlar&hellip; Depremde en a\u011f\u0131r darbeyi yiyip h&acirc;l&acirc; ba\u015f\u0131n\u0131 sokacak bir yer bulamayanlar&hellip; \u0130\u015fte bu insanlara sahip \u00e7\u0131k\u0131lmal\u0131. Devlet her ay bu konteynerler i\u00e7in b\u00fcy\u00fck masraf yap\u0131yor ama hakk\u0131 olmayanlar bu imkanlardan yararlan\u0131yor&rdquo; dedi.<\/p>\n<p>&ldquo;Vatanda\u015fl\u0131k G\u00f6revini Unutmamal\u0131y\u0131z&rdquo;<\/p>\n<p>G\u00f6nder, vatanda\u015flar\u0131n da devlete y\u00fck olmaktan ziyade sorumluluk bilinciyle hareket etmesi gerekti\u011fini vurgulad\u0131:<br \/>\n&ldquo;Biz de art\u0131k her \u015feyi devletten beklemekten vazge\u00e7meliyiz. S\u0131rt\u0131m\u0131z\u0131 sadece devlete yaslay\u0131p sorumlulu\u011fu unutmamal\u0131y\u0131z. \u00c7\u00fcnk\u00fc devlet biziz, millet biziz. Devletin mal\u0131na kendi mal\u0131m\u0131z gibi sahip \u00e7\u0131kmal\u0131y\u0131z. Yoksa &lsquo;devletin mal\u0131 deniz\u2019 deyip f\u0131rsat\u00e7\u0131l\u0131k yapanlar bu \u00fclkeye de, depremzede karde\u015flerimize de zarar verir.&rdquo;<\/p>\n<p>&ldquo;Ad\u0131yaman\u2019\u0131n Yaras\u0131 Adaletle Sar\u0131l\u0131r&rdquo;<\/p>\n<p>A\u00e7\u0131klamas\u0131nda, konteynerlerde hakk\u0131 olmayanlar\u0131n \u00e7\u0131kar\u0131lmas\u0131n\u0131n \u015fart oldu\u011funu belirten G\u00f6nder, &ldquo;O y\u00fczden suistimal edenlerin konteynerlerden \u00e7\u0131kar\u0131lmas\u0131 \u015fartt\u0131r. Hakk\u0131 olmayan \u00e7\u0131kacak, ger\u00e7ekten ma\u011fdur olan kalacak. Ad\u0131yaman\u2019\u0131n yaras\u0131 f\u0131rsat\u00e7\u0131larla de\u011fil, adaletle sar\u0131l\u0131r. Unutmayal\u0131m: Vatanda\u015f g\u00f6revini yaparsa, devlet de daha g\u00fc\u00e7l\u00fc ayakta durur&rdquo; ifadelerini kulland\u0131.<\/p><\/p>\n","protected":false},"excerpt":{"rendered":"<p> \u015eeriban \u00d6Z\u00c7AKMAK &#8211; Ad\u0131yaman\u2019da konteyner kentlerin kald\u0131r\u0131lmas\u0131 tart\u0131\u015fmalar\u0131 s\u00fcrerken, Hedef K\u0131z\u0131lelma Derne\u011fi Genel Ba\u015fkan\u0131 \u0130brahim Halil G\u00f6nder konuya ili\u015fkin bir a\u00e7\u0131klama yapt\u0131. G\u00f6nder, devletin vatanda\u015f\u0131n\u0131 ayakta tutmak i\u00e7in b\u00fcy\u00fck \u00e7aba g\u00f6sterdi\u011fini ancak konteynerlerde hakk\u0131 olmayanlar\u0131n da bar\u0131nd\u0131\u011f\u0131n\u0131 ifade ederek, \u201cHakk\u0131 olmayan \u00e7\u0131kacak, ger\u00e7ekten ma\u011fdur olan kalacak\u201d dedi.<\/p>\n","protected":false},"author":1,"featured_media":17040,"comment_status":"open","ping_status":"open","sticky":false,"template":"","format":"standard","meta":{"om_disable_all_campaigns":false,"_monsterinsights_skip_tracking":false,"_monsterinsights_sitenote_active":false,"_monsterinsights_sitenote_note":"","_monsterinsights_sitenote_category":0,"footnotes":""},"categories":[1,11],"tags":[246,2231,1491,2604,967],"aioseo_notices":[],"_links":{"self":[{"href":"https:\/\/www.hbrkahta.com\/index.php\/wp-json\/wp\/v2\/posts\/17039"}],"collection":[{"href":"https:\/\/www.hbrkahta.com\/index.php\/wp-json\/wp\/v2\/posts"}],"about":[{"href":"https:\/\/www.hbrkahta.com\/index.php\/wp-json\/wp\/v2\/types\/post"}],"author":[{"embeddable":true,"href":"https:\/\/www.hbrkahta.com\/index.php\/wp-json\/wp\/v2\/users\/1"}],"replies":[{"embeddable":true,"href":"https:\/\/www.hbrkahta.com\/index.php\/wp-json\/wp\/v2\/comments?post=17039"}],"version-history":[{"count":1,"href":"https:\/\/www.hbrkahta.com\/index.php\/wp-json\/wp\/v2\/posts\/17039\/revisions"}],"predecessor-version":[{"id":17041,"href":"https:\/\/www.hbrkahta.com\/index.php\/wp-json\/wp\/v2\/posts\/17039\/revisions\/17041"}],"wp:featuredmedia":[{"embeddable":true,"href":"https:\/\/www.hbrkahta.com\/index.php\/wp-json\/wp\/v2\/media\/17040"}],"wp:attachment":[{"href":"https:\/\/www.hbrkahta.com\/index.php\/wp-json\/wp\/v2\/media?parent=17039"}],"wp:term":[{"taxonomy":"category","embeddable":true,"href":"https:\/\/www.hbrkahta.com\/index.php\/wp-json\/wp\/v2\/categories?post=17039"},{"taxonomy":"post_tag","embeddable":true,"href":"https:\/\/www.hbrkahta.com\/index.php\/wp-json\/wp\/v2\/tags?post=17039"}],"curies":[{"name":"wp","href":"https:\/\/api.w.org\/{rel}","templated":true}]}}