{"id":17030,"date":"2025-08-16T18:36:13","date_gmt":"2025-08-16T15:36:13","guid":{"rendered":"https:\/\/www.hbrkahta.com\/?p=17030"},"modified":"2025-08-16T18:36:13","modified_gmt":"2025-08-16T15:36:13","slug":"17-gap-oscar-odul-toreni-bukreste-duzenlenecek","status":"publish","type":"post","link":"https:\/\/www.hbrkahta.com\/index.php\/2025\/08\/16\/17-gap-oscar-odul-toreni-bukreste-duzenlenecek\/","title":{"rendered":"17. GAP Oscar \u00d6d\u00fcl T\u00f6reni B\u00fckre\u015f\u2019te d\u00fczenlenecek"},"content":{"rendered":"<p><span><span><span>GAP Gazeteciler Birli\u011fi Genel Ba\u015fkan\u0131 Zeynel Abidin K\u0131ymaz, GAP Gazeteciler Birli\u011fi \u015eanl\u0131urfa Temsilcili\u011fi&#8217;nde yapt\u0131\u011f\u0131 bas\u0131n a\u00e7\u0131klamas\u0131nda, 17. GAP Oscar \u00d6d\u00fclleri\u2019nin B\u00fckre\u015f\u2019te d\u00fczenlenecek t\u00f6renle sahiplerini bulaca\u011f\u0131n\u0131 a\u00e7\u0131klad\u0131. <\/span><\/span><\/span><\/p>\n<p><span><span><span>&ldquo;Asr\u0131n felaketinde, nitelikli gazetecilerimizi kaybettik&rdquo;<\/span><\/span><\/span><\/p>\n<p><span><span><span>K\u0131ymaz, 6 \u015eubat 2023 y\u0131l\u0131nda ya\u015fanan depreme i\u015faret ederek, &ldquo;6 \u015eubat 2023 bin y\u0131l\u0131n b\u00fcy\u00fck felaketi olan depremlerde Ad\u0131yaman ve Hatay ilimiz en a\u011f\u0131r \u015fekilde etkilendi. 6 \u015eubat depremi gecesinde \u015eanl\u0131urfa, \u00f6zellikle Siverek il\u00e7emiz ba\u015fta olmak \u00fczere, o so\u011fuk ve felaket g\u00fcn\u00fcnde bizlere bar\u0131nmam\u0131z i\u00e7in battaniye yollayan, a\u015f ekmek yemek ula\u015ft\u0131rmada fedakarl\u0131k yapan, kadir\u015finas \u015eanl\u0131urfa halk\u0131na bu toplant\u0131 vesilesiyle te\u015fekk\u00fcr ediyorum. Depremden etkilenen 11 ilde toplamda 34 gazeteci enkaz alt\u0131nda kal\u0131p vefat etmi\u015ftir. Bu 34 gazetecinin 13\u2019\u00fc Ad\u0131yaman\u2019da enkaz alt\u0131nda kalarak vefat etmi\u015flerdir. Bin y\u0131l\u0131n en b\u00fcy\u00fck felaketinde Ad\u0131yaman\u2019da yerel bas\u0131n\u0131 da bu felaketten nasibini alm\u0131\u015f yeti\u015fmi\u015f nitelikli gazetecilerini maalesef kaybetmi\u015ftir&rdquo; ifadelerini kulland\u0131. <\/span><\/span><\/span><\/p>\n<p><span><span><span>&ldquo;Bas\u0131n mensuplar\u0131 zor \u015fartlar alt\u0131nda hizmet vermektedir&rdquo;<\/span><\/span><\/span><\/p>\n<p><span><span><span>Depremden etkilenen bas\u0131n mensuplar\u0131n\u0131n ya\u015fad\u0131\u011f\u0131 zorluklara dikkat \u00e7eken K\u0131ymaz, &#8220;Yeti\u015fmi\u015f gazetecilerini enkaz alt\u0131nda b\u0131rakman\u0131n yan\u0131 s\u0131ra, enkazdan sa\u011f \u00e7\u0131kan meslekta\u015flar\u0131m\u0131z\u0131n i\u015fyerleri, evleri y\u0131k\u0131lm\u0131\u015f, yay\u0131n ekipmanlar\u0131 enkaz alt\u0131nda kalm\u0131\u015f, uzun m\u00fcddet \u00e7ad\u0131rlarda yay\u0131n hayat\u0131n\u0131 s\u00fcrd\u00fcrmek zorunda kalm\u0131\u015flard\u0131r. \u015eu g\u00fcnde sekt\u00f6r\u00fcm\u00fcz\u00fcn geneli konteyn\u0131r bas\u0131n sitelerinde hizmet vermektedir&#8221; dedi. <\/span><\/span><\/span><\/p>\n<p><span><span><span>Y\u0131l\u0131n en ba\u015far\u0131lar\u0131 \u00f6d\u00fcllendirilecek<\/span><\/span><\/span><\/p>\n<p><span><span><span>B\u00fckre\u015f\u2019te tarihi bir g\u00fcn\u00fcn ya\u015fanaca\u011f\u0131n\u0131 vurgulayan K\u0131ymaz, &ldquo;GAP Gazeteciler Birli\u011fi olarak geleneksel hale getirdi\u011fimiz ve y\u0131l\u0131n en ba\u015far\u0131l\u0131lar\u0131n\u0131n \u00f6d\u00fcllendirildi\u011fi GAP Oscar \u00d6d\u00fcl T\u00f6renimizi, bu y\u0131l Romanya\u2019n\u0131n ba\u015fkenti B\u00fckre\u015f\u2019te yapaca\u011f\u0131z. Romanya Cumhuriyeti Cumhurba\u015fkanl\u0131\u011f\u0131 Parlamento Saray\u0131\u2019nda 17. GAP Oscar \u00d6d\u00fcl T\u00f6reni\u2019ni 25 Ekim 2025 Cumartesi g\u00fcn\u00fc, saat:19.00\u2019da B\u00fckre\u015f\u2019te d\u00fczenleyece\u011fiz. 17. GAP Oscar \u00f6d\u00fcl t\u00f6reni Romanya-T\u00fcrkiye Ticaret ve sanayi odas\u0131 sponsorlu\u011funda, Romanya-T\u00fcrkiye Ticaret Ve Sanayi Odas\u0131 Ba\u015fkan\u0131 Tamer Atalay\u2019\u0131n ev sahipli\u011finde onlarca devlet adam\u0131, STK temsilcisi, siyasiler, sanat\u00e7\u0131lar, i\u015f adamlar\u0131 ve spor adamlar\u0131n\u0131n i\u015ftirak edece\u011fi t\u00f6renle B\u00fckre\u015f tarihi bir g\u00fcn ya\u015fayacakt\u0131r&rdquo; dedi. <\/span><\/span><\/span><\/p>\n<p><span><span><span>K\u0131ymaz konu\u015fmas\u0131n\u0131n devam\u0131nda, &ldquo;\u00c7e\u015fitli \u00fclkelerde 17. GAP Oscar \u00f6d\u00fcl t\u00f6reni televizyonlardan canl\u0131 olarak yay\u0131nlanacakt\u0131r. Bu t\u00f6ren Romanya-T\u00fcrkiye ili\u015fkilerinin geli\u015ftirilmesinin yan\u0131 s\u0131ra, Romanya ba\u015fta olmak \u00fczere, GAP b\u00f6lgemizin ve \u00fclkemizin tan\u0131t\u0131m\u0131na da \u00f6nemli katk\u0131lar sa\u011flayacakt\u0131r&rdquo; ifadelerini kulland\u0131. <\/span><\/span><\/span><\/p>\n<p><span><span><span>Bas\u0131n a\u00e7\u0131klamas\u0131na GAP gazeteciler birli\u011fi y\u00f6netiminden GAP Gazeteciler Birli\u011fi Genel Ba\u015fkan Vekili Hamit \u00d6zpolat, Genel Ba\u015fkan Yard\u0131mc\u0131s\u0131 Mehmet Canbey, Genel Ba\u015fkan Yard\u0131mc\u0131s\u0131 Mustafa Ayhan, Genel Y\u00f6netim Kurulu \u00dcyeleri Selahattin Alptekin, Murat \u00c7eliker ve H\u00fcseyin G\u00fczel\u2019de haz\u0131r bulundu.<\/span><\/span><\/span><\/p><\/p>\n","protected":false},"excerpt":{"rendered":"<p> G\u00fcneydo\u011fu Anadolu Gazeteciler Birli\u011fi (GAP Gazeteciler Birli\u011fi) taraf\u0131ndan her y\u0131l geleneksel olarak d\u00fczenlenen GAP Oscar \u00d6d\u00fcl T\u00f6reni bu y\u0131l Romanya\u2019n\u0131n ba\u015fkenti B\u00fckre\u015f\u2019te d\u00fczenlenecek.<\/p>\n","protected":false},"author":1,"featured_media":17031,"comment_status":"open","ping_status":"open","sticky":false,"template":"","format":"standard","meta":{"om_disable_all_campaigns":false,"_monsterinsights_skip_tracking":false,"_monsterinsights_sitenote_active":false,"_monsterinsights_sitenote_note":"","_monsterinsights_sitenote_category":0,"footnotes":""},"categories":[1,11],"tags":[279,545,893,1397,1408],"aioseo_notices":[],"_links":{"self":[{"href":"https:\/\/www.hbrkahta.com\/index.php\/wp-json\/wp\/v2\/posts\/17030"}],"collection":[{"href":"https:\/\/www.hbrkahta.com\/index.php\/wp-json\/wp\/v2\/posts"}],"about":[{"href":"https:\/\/www.hbrkahta.com\/index.php\/wp-json\/wp\/v2\/types\/post"}],"author":[{"embeddable":true,"href":"https:\/\/www.hbrkahta.com\/index.php\/wp-json\/wp\/v2\/users\/1"}],"replies":[{"embeddable":true,"href":"https:\/\/www.hbrkahta.com\/index.php\/wp-json\/wp\/v2\/comments?post=17030"}],"version-history":[{"count":1,"href":"https:\/\/www.hbrkahta.com\/index.php\/wp-json\/wp\/v2\/posts\/17030\/revisions"}],"predecessor-version":[{"id":17032,"href":"https:\/\/www.hbrkahta.com\/index.php\/wp-json\/wp\/v2\/posts\/17030\/revisions\/17032"}],"wp:featuredmedia":[{"embeddable":true,"href":"https:\/\/www.hbrkahta.com\/index.php\/wp-json\/wp\/v2\/media\/17031"}],"wp:attachment":[{"href":"https:\/\/www.hbrkahta.com\/index.php\/wp-json\/wp\/v2\/media?parent=17030"}],"wp:term":[{"taxonomy":"category","embeddable":true,"href":"https:\/\/www.hbrkahta.com\/index.php\/wp-json\/wp\/v2\/categories?post=17030"},{"taxonomy":"post_tag","embeddable":true,"href":"https:\/\/www.hbrkahta.com\/index.php\/wp-json\/wp\/v2\/tags?post=17030"}],"curies":[{"name":"wp","href":"https:\/\/api.w.org\/{rel}","templated":true}]}}