{"id":17024,"date":"2025-08-16T18:12:04","date_gmt":"2025-08-16T15:12:04","guid":{"rendered":"https:\/\/www.hbrkahta.com\/?p=17024"},"modified":"2025-08-16T18:12:04","modified_gmt":"2025-08-16T15:12:04","slug":"milletvekili-ozhan-doga-bizim-emanetimiz-onu-korumak-hepimizin-gorevi","status":"publish","type":"post","link":"https:\/\/www.hbrkahta.com\/index.php\/2025\/08\/16\/milletvekili-ozhan-doga-bizim-emanetimiz-onu-korumak-hepimizin-gorevi\/","title":{"rendered":"Milletvekili \u00d6zhan: &#8220;Do\u011fa bizim emanetimiz, onu korumak hepimizin g\u00f6revi!&#8221;"},"content":{"rendered":"<p>Ad\u0131yaman&#8217;\u0131n Besni il\u00e7esine ba\u011fl\u0131 Terbizek K\u00f6y\u00fc yak\u0131nlar\u0131nda d\u00fcn d\u00f6rt farkl\u0131 alanda \u00e7\u0131kan bah\u00e7e ve orman yang\u0131n\u0131 bir\u00e7ok a\u011faca zarar verdi. Yang\u0131n sonras\u0131 b\u00f6lgeye giden AK Parti Ad\u0131yaman Milletvekili H\u00fcseyin \u00d6zhan ve Ad\u0131yaman Valisi Dr. Osman Varol, incelemelerde bulunarak ekiplerden bilgi ald\u0131.<\/p>\n<p>&ldquo;Ormanlar\u0131 korumak hepimizin g\u00f6revi&rdquo;<\/p>\n<p>Yang\u0131nla ilgili \u00f6nemli a\u00e7\u0131klamalarda bulunan Milletvekili \u00d6zhan, &#8220;Ormanlar, yaln\u0131zca a\u011fa\u00e7 topluluklar\u0131 de\u011fil, gelece\u011fimizin nefesidir. Bu yang\u0131n, hepimize do\u011fay\u0131 korumak i\u00e7in daha fazla \u00f6zen g\u00f6stermemiz gerekti\u011fini hat\u0131rlatt\u0131. Ormanlar\u0131m\u0131z\u0131 korumak, sadece devletin de\u011fil, her bir vatanda\u015f\u0131n g\u00f6revidir. Ancak bu olay, ormanlar\u0131m\u0131z\u0131n ne kadar hassas oldu\u011funu ve do\u011fal varl\u0131klar\u0131m\u0131z\u0131 korumak i\u00e7in hepimize b\u00fcy\u00fck sorumluluk d\u00fc\u015ft\u00fc\u011f\u00fcn\u00fc bir kez daha hat\u0131rlatt\u0131&rdquo; ifadelerini kulland\u0131.<\/p>\n<p>Yang\u0131nlar\u0131n \u00f6n\u00fcne ge\u00e7mek i\u00e7in uyar\u0131larda bulunan \u00d6zhan, &ldquo;Bir kibrit \u00e7\u00f6p\u00fc veya s\u00f6nd\u00fcr\u00fclmemi\u015f bir izmarit, binlerce canl\u0131n\u0131n ya\u015fam alan\u0131n\u0131 yok edebilir. L\u00fctfen ormanl\u0131k alanlarda ate\u015f yakmayal\u0131m, piknik sonras\u0131 at\u0131klar\u0131m\u0131z\u0131 toplayal\u0131m ve yang\u0131n riskine kar\u015f\u0131 duyarl\u0131 olal\u0131m&rdquo; dedi.<\/p>\n<p>Gelecek i\u00e7in dayan\u0131\u015fma \u00e7a\u011fr\u0131s\u0131<\/p>\n<p>Ormanlar\u0131n bir\u00e7ok canl\u0131ya ev sahipli\u011fi yapt\u0131\u011f\u0131n\u0131 hat\u0131rlatan \u00d6zhan, &ldquo;Bu yang\u0131n, do\u011fal varl\u0131klar\u0131m\u0131z\u0131n ne kadar k\u0131ymetli oldu\u011funu bir kez daha g\u00f6sterdi. Ormanlar\u0131m\u0131z yaln\u0131zca a\u011fa\u00e7lardan ibaret de\u011fil; binlerce canl\u0131 t\u00fcr\u00fcne ev sahipli\u011fi yapan, iklim dengesini koruyan ya\u015fam kaynaklar\u0131m\u0131z. Unutmayal\u0131m ki, bir yang\u0131n sadece a\u011fa\u00e7lar\u0131 de\u011fil, topra\u011f\u0131, havay\u0131, suyu ve gelecek nesillerin hakk\u0131n\u0131 da yak\u0131p yok ediyor. Umuyoruz ki bu t\u00fcr olaylar, hepimizin \u00e7evre bilincini art\u0131rarak daha duyarl\u0131 bir toplum olma yolunda ad\u0131m atmam\u0131za vesile olur. Bir kez daha ge\u00e7mi\u015f olsun diyor, Allah \u00fclkemizi ve milletimizi her t\u00fcrl\u00fc felaketten korusun. Do\u011fam\u0131za sahip \u00e7\u0131kal\u0131m, gelece\u011fimizi birlikte koruyal\u0131m!&rdquo; ifadelerini kulland\u0131.<\/p><\/p>\n","protected":false},"excerpt":{"rendered":"<p> AK Parti Ad\u0131yaman Milletvekili H\u00fcseyin \u00d6zhan, Besni\u2019de \u00e7\u0131kan orman yang\u0131n\u0131yla ilgili bas\u0131n a\u00e7\u0131klamas\u0131 yapt\u0131. Ormanlar\u0131 koruman\u0131n herkesin g\u00f6revi oldu\u011funu vurgulayan \u00d6zhan, &#8220;Ormanlar yaln\u0131zca a\u011fa\u00e7 topluluklar\u0131 de\u011fil, gelece\u011fimizin nefesidir\u201d dedi.<\/p>\n","protected":false},"author":1,"featured_media":17025,"comment_status":"open","ping_status":"open","sticky":false,"template":"","format":"standard","meta":{"om_disable_all_campaigns":false,"_monsterinsights_skip_tracking":false,"_monsterinsights_sitenote_active":false,"_monsterinsights_sitenote_note":"","_monsterinsights_sitenote_category":0,"footnotes":""},"categories":[1,11],"tags":[540,729,103,701],"aioseo_notices":[],"_links":{"self":[{"href":"https:\/\/www.hbrkahta.com\/index.php\/wp-json\/wp\/v2\/posts\/17024"}],"collection":[{"href":"https:\/\/www.hbrkahta.com\/index.php\/wp-json\/wp\/v2\/posts"}],"about":[{"href":"https:\/\/www.hbrkahta.com\/index.php\/wp-json\/wp\/v2\/types\/post"}],"author":[{"embeddable":true,"href":"https:\/\/www.hbrkahta.com\/index.php\/wp-json\/wp\/v2\/users\/1"}],"replies":[{"embeddable":true,"href":"https:\/\/www.hbrkahta.com\/index.php\/wp-json\/wp\/v2\/comments?post=17024"}],"version-history":[{"count":1,"href":"https:\/\/www.hbrkahta.com\/index.php\/wp-json\/wp\/v2\/posts\/17024\/revisions"}],"predecessor-version":[{"id":17026,"href":"https:\/\/www.hbrkahta.com\/index.php\/wp-json\/wp\/v2\/posts\/17024\/revisions\/17026"}],"wp:featuredmedia":[{"embeddable":true,"href":"https:\/\/www.hbrkahta.com\/index.php\/wp-json\/wp\/v2\/media\/17025"}],"wp:attachment":[{"href":"https:\/\/www.hbrkahta.com\/index.php\/wp-json\/wp\/v2\/media?parent=17024"}],"wp:term":[{"taxonomy":"category","embeddable":true,"href":"https:\/\/www.hbrkahta.com\/index.php\/wp-json\/wp\/v2\/categories?post=17024"},{"taxonomy":"post_tag","embeddable":true,"href":"https:\/\/www.hbrkahta.com\/index.php\/wp-json\/wp\/v2\/tags?post=17024"}],"curies":[{"name":"wp","href":"https:\/\/api.w.org\/{rel}","templated":true}]}}