{"id":17011,"date":"2025-08-16T02:12:04","date_gmt":"2025-08-15T23:12:04","guid":{"rendered":"https:\/\/www.hbrkahta.com\/?p=17011"},"modified":"2025-08-16T02:12:04","modified_gmt":"2025-08-15T23:12:04","slug":"sehit-yakinlari-ve-gazilerden-terorsuz-turkiye-vurgusu","status":"publish","type":"post","link":"https:\/\/www.hbrkahta.com\/index.php\/2025\/08\/16\/sehit-yakinlari-ve-gazilerden-terorsuz-turkiye-vurgusu\/","title":{"rendered":"\u015eehit yak\u0131nlar\u0131 ve gazilerden \u2018Ter\u00f6rs\u00fcz T\u00fcrkiye\u2019 vurgusu"},"content":{"rendered":"<p>Erdengi, a\u00e7\u0131klamas\u0131nda \u015funlar\u0131 kaydetti:<\/p>\n<p>&ldquo;Biz kimiz? Bu topraklarda vatan, bayrak u\u011fruna ve ezan a\u015fk\u0131na \u015fehit olanlar, kolunu baca\u011f\u0131n\u0131 da\u011fda b\u0131rakan gaziler, \u015fehit ve gazi yak\u0131nlar\u0131y\u0131z. Ter\u00f6r meselesinin tek muhatab\u0131y\u0131z. Aylard\u0131r s\u00fcren tart\u0131\u015fmalar boyunca vakur duru\u015fumuzu bozmadan, devletimize g\u00fcvenerek sessiz kald\u0131k, s\u00fcrecin olgunla\u015fmas\u0131n\u0131 bekledik. Art\u0131k konunun do\u011frudan taraf\u0131 olarak T\u00fcrkiye\u2019nin d\u00f6rt bir yan\u0131ndan \u015fehit yak\u0131n\u0131 ve gaziler olarak Ankara\u2019da bir araya geldik.<\/p>\n<p>Cumhurba\u015fkan\u0131 Yard\u0131mc\u0131s\u0131 Cevdet Y\u0131lmaz, Aile ve Sosyal Hizmetler Bakan\u0131 Mahinur \u00d6zdemir G\u00f6kta\u015f, Mill&icirc; Savunma Bakan\u0131 Ya\u015far G\u00fcler, \u0130\u00e7i\u015fleri Bakan\u0131 Ali Yerlikaya, TBMM Ba\u015fkanvekili Celal Adan, CHP Genel Ba\u015fkan\u0131 \u00d6zg\u00fcr \u00d6zel, MHP Genel Ba\u015fkan Yard\u0131mc\u0131s\u0131 Erkan Ak\u00e7ay ve komisyon \u00fcyeleri ile AK Parti Sosyal Politikalar Ba\u015fkan\u0131 Fatma Bet\u00fcl Sayan Kaya ba\u015fta olmak \u00fczere \u00e7ok say\u0131da isimle g\u00f6r\u00fc\u015ft\u00fck. S\u00fcre\u00e7 hakk\u0131nda bilgi ald\u0131k, teredd\u00fct ve k\u0131rm\u0131z\u0131 \u00e7izgilerimizi dile getirdik.<\/p>\n<p>Bug\u00fcn gelinen noktada, kararl\u0131 ve kesintisiz m\u00fccadele sonucunda ter\u00f6r \u00f6rg\u00fct\u00fc PKK silah b\u0131rakmak zorunda kalm\u0131\u015ft\u0131r. Bu, bir pazarl\u0131k de\u011fil; m\u00fccadelenin sonucudur. Ancak PKK \u00e7at\u0131 \u00f6rg\u00fct\u00fcne ba\u011fl\u0131 di\u011fer yap\u0131lar silah b\u0131rakmad\u0131k\u00e7a, sadece PKK\u2019n\u0131n silah b\u0131rakmas\u0131n\u0131n anlaml\u0131 olmayaca\u011f\u0131n\u0131 \u00f6zellikle vurguluyoruz.<\/p>\n<p>Cumhurba\u015fkan\u0131m\u0131z\u0131n bizlere g\u00f6nderdi\u011fi mektuptaki &lsquo;Bu s\u00fcrecin hi\u00e7bir noktas\u0131nda pazarl\u0131\u011fa, m\u00fczakereye, tavize, gizli ve s\u00fcfl&icirc; giri\u015fimlere yer verilmemi\u015ftir, bundan sonra da verilmeyecektir\u2019 ifadesini devletimizin teminat\u0131 olarak kabul ediyoruz.<\/p>\n<p>K\u0131rk y\u0131ll\u0131k m\u00fccadelenin ard\u0131ndan kahraman g\u00fcvenlik g\u00fc\u00e7lerimizin kan\u0131 bu topraklarla kucakla\u015fm\u0131\u015f, karde\u015fli\u011fimiz per\u00e7inlenmi\u015ftir. Ancak ter\u00f6ristlerin cezas\u0131z kalmas\u0131 en b\u00fcy\u00fck korkumuzdur. G\u00f6r\u00fc\u015fmelerimizde bizlere, ter\u00f6rist ba\u015f\u0131 Abdullah \u00d6calan\u2019\u0131n yerinden k\u0131m\u0131ldamayaca\u011f\u0131, ter\u00f6r eylemine kat\u0131lanlar\u0131n cezas\u0131z kalmayaca\u011f\u0131, sokaklarda ellerini kollar\u0131n\u0131 sallayarak dola\u015famayacaklar\u0131 s\u00f6z\u00fc verilmi\u015ftir.<\/p>\n<p>\u015eehit ve gazilerimizi kimse unutmas\u0131n, incitmesin. Unutulmas\u0131n ki, &lsquo;Bayraklar\u0131 bayrak yapan \u00fcst\u00fcndeki kand\u0131r, toprak e\u011fer u\u011frunda \u00f6len varsa vatand\u0131r.\u2019<\/p>\n<p>Sonu\u00e7 olarak, ter\u00f6r\u00fcn bitmesini en \u00e7ok bizler istiyoruz. Devlet b\u00fcy\u00fcklerimiz, siyasi partiler ve kurumlarla yapt\u0131\u011f\u0131m\u0131z g\u00f6r\u00fc\u015fmeler neticesinde ter\u00f6rden tamamen ar\u0131nd\u0131r\u0131lm\u0131\u015f &lsquo;ter\u00f6rs\u00fcz T\u00fcrkiye\u2019yi destekliyoruz. Y\u0131llard\u0131r akan kan\u0131n duraca\u011f\u0131na, ac\u0131 ve g\u00f6zya\u015f\u0131n\u0131n son bulaca\u011f\u0131na inan\u0131yoruz.&rdquo;<\/p><\/p>\n","protected":false},"excerpt":{"rendered":"<p> Fatma Didar YILDIRIM &#8211; T\u00fcrkiye Harp Malul\u00fc Gaziler, \u015eehit Dul ve Yetimleri Derne\u011fi Ad\u0131yaman \u015eubesi Ba\u015fkan\u0131 Hac\u0131 Erdengi, ter\u00f6rle m\u00fccadele s\u00fcreci ve Ankara\u2019da yap\u0131lan temaslara ili\u015fkin bir bas\u0131n a\u00e7\u0131klamas\u0131 yapt\u0131. Erdengi, \u015fehit yak\u0131nlar\u0131 ve gazilerin hassasiyetlerinin dikkate al\u0131nmas\u0131n\u0131 istediklerini belirterek, \u201cHassasiyetlerimiz ve bize verilen s\u00f6zler \u0131\u015f\u0131\u011f\u0131nda s\u00fcrecin takip\u00e7isiyiz\u201d dedi.<\/p>\n","protected":false},"author":1,"featured_media":17012,"comment_status":"open","ping_status":"open","sticky":false,"template":"","format":"standard","meta":{"om_disable_all_campaigns":false,"_monsterinsights_skip_tracking":false,"_monsterinsights_sitenote_active":false,"_monsterinsights_sitenote_note":"","_monsterinsights_sitenote_category":0,"footnotes":""},"categories":[1,11],"tags":[880,1175],"aioseo_notices":[],"_links":{"self":[{"href":"https:\/\/www.hbrkahta.com\/index.php\/wp-json\/wp\/v2\/posts\/17011"}],"collection":[{"href":"https:\/\/www.hbrkahta.com\/index.php\/wp-json\/wp\/v2\/posts"}],"about":[{"href":"https:\/\/www.hbrkahta.com\/index.php\/wp-json\/wp\/v2\/types\/post"}],"author":[{"embeddable":true,"href":"https:\/\/www.hbrkahta.com\/index.php\/wp-json\/wp\/v2\/users\/1"}],"replies":[{"embeddable":true,"href":"https:\/\/www.hbrkahta.com\/index.php\/wp-json\/wp\/v2\/comments?post=17011"}],"version-history":[{"count":1,"href":"https:\/\/www.hbrkahta.com\/index.php\/wp-json\/wp\/v2\/posts\/17011\/revisions"}],"predecessor-version":[{"id":17013,"href":"https:\/\/www.hbrkahta.com\/index.php\/wp-json\/wp\/v2\/posts\/17011\/revisions\/17013"}],"wp:featuredmedia":[{"embeddable":true,"href":"https:\/\/www.hbrkahta.com\/index.php\/wp-json\/wp\/v2\/media\/17012"}],"wp:attachment":[{"href":"https:\/\/www.hbrkahta.com\/index.php\/wp-json\/wp\/v2\/media?parent=17011"}],"wp:term":[{"taxonomy":"category","embeddable":true,"href":"https:\/\/www.hbrkahta.com\/index.php\/wp-json\/wp\/v2\/categories?post=17011"},{"taxonomy":"post_tag","embeddable":true,"href":"https:\/\/www.hbrkahta.com\/index.php\/wp-json\/wp\/v2\/tags?post=17011"}],"curies":[{"name":"wp","href":"https:\/\/api.w.org\/{rel}","templated":true}]}}