{"id":17002,"date":"2025-08-16T01:36:03","date_gmt":"2025-08-15T22:36:03","guid":{"rendered":"https:\/\/www.hbrkahta.com\/?p=17002"},"modified":"2025-08-16T01:36:03","modified_gmt":"2025-08-15T22:36:03","slug":"adiyamanda-aniz-yangini-bahcelere-sicradi-havadan-ve-karadan-mudahale-edildi","status":"publish","type":"post","link":"https:\/\/www.hbrkahta.com\/index.php\/2025\/08\/16\/adiyamanda-aniz-yangini-bahcelere-sicradi-havadan-ve-karadan-mudahale-edildi\/","title":{"rendered":"Ad\u0131yaman\u2019da An\u0131z Yang\u0131n\u0131 Bah\u00e7elere S\u0131\u00e7rad\u0131: Havadan ve Karadan M\u00fcdahale Edildi"},"content":{"rendered":"<p>R\u00fczgar Yang\u0131n\u0131n Yay\u0131lmas\u0131n\u0131 H\u0131zland\u0131rd\u0131<\/p>\n<p>Edinilen bilgilere g\u00f6re, hen\u00fcz belirlenemeyen bir nedenle \u00e7\u0131kan an\u0131z yang\u0131n\u0131, k\u0131sa s\u00fcrede geni\u015f bir alana yay\u0131ld\u0131. R\u00fczgar\u0131n etkisiyle b\u00fcy\u00fcyen alevler, tar\u0131m arazileri ve meyve bah\u00e7elerine s\u0131\u00e7rad\u0131. B\u00f6lge halk\u0131, yang\u0131n\u0131n k\u00f6ylere do\u011fru ilerlemesinden endi\u015fe duydu.<\/p>\n<p>Havadan ve Karadan Yo\u011fun M\u00fcdahale<\/p>\n<p>Yang\u0131na Ad\u0131yaman Belediyesi \u0130tfaiye M\u00fcd\u00fcrl\u00fc\u011f\u00fc ekipleri ba\u015fta olmak \u00fczere \u00e7ok say\u0131da itfaiye ekibi karadan m\u00fcdahale etti. Arazi \u015fartlar\u0131n\u0131n zorlu\u011fu nedeniyle b\u00f6lgeye yang\u0131n s\u00f6nd\u00fcrme helikopteri y\u00f6nlendirildi. Helikopter havadan su atarak alevlerin ilerleyi\u015fini durdurmaya \u00e7al\u0131\u015f\u0131rken, itfaiye ekipleri de karadan yang\u0131n\u0131 \u00e7evrelemeye \u00e7al\u0131\u015ft\u0131.<\/p>\n<p>Yetkililer, hem havadan hem de karadan yap\u0131lan \u00e7al\u0131\u015fmalar sonucunda yang\u0131n\u0131n b\u00fcy\u00fck oranda kontrol alt\u0131na al\u0131nd\u0131\u011f\u0131n\u0131 ancak \u00c7imen K\u00fcme Evleri b\u00f6lgesinde alevlerin tamamen s\u00f6nd\u00fcr\u00fclmesi i\u00e7in ekiplerin \u00e7al\u0131\u015fmalar\u0131n\u0131 s\u00fcrd\u00fcrd\u00fc\u011f\u00fcn\u00fc belirtti.<\/p>\n<p>\u00c7ok Say\u0131da A\u011fa\u00e7 Zarar G\u00f6rd\u00fc<\/p>\n<p>Yang\u0131nda \u00e7ok say\u0131da meyve ve zeytin a\u011fac\u0131n\u0131n zarar g\u00f6rd\u00fc\u011f\u00fc, tar\u0131m alanlar\u0131n\u0131n bir k\u0131sm\u0131n\u0131n k\u00fcl oldu\u011fu \u00f6\u011frenildi. So\u011futma \u00e7al\u0131\u015fmalar\u0131n\u0131n ard\u0131ndan zarar tespitinin yap\u0131laca\u011f\u0131 ifade edildi.<\/p>\n<p>Yang\u0131n\u0131n Nedeni Ara\u015ft\u0131r\u0131l\u0131yor<\/p>\n<p>Yang\u0131n\u0131n \u00e7\u0131k\u0131\u015f nedeni hen\u00fcz belirlenemezken, g\u00fcvenlik g\u00fc\u00e7leri olayla ilgili inceleme ba\u015flatt\u0131. \u0130lk de\u011ferlendirmelerde yang\u0131n\u0131n an\u0131z yakma kaynakl\u0131 olabilece\u011fi ihtimali \u00fczerinde duruluyor.<\/p><\/p>\n","protected":false},"excerpt":{"rendered":"<p> Mustafa \u0130L\u0130K &#8211; Ad\u0131yaman Merkez\u2019e ba\u011fl\u0131 Alita\u015f\u0131 Mahallesi \u00c7imen K\u00fcme Evleri b\u00f6lgesinde ba\u015flayan an\u0131z yang\u0131n\u0131, r\u00fczgar\u0131n da etkisiyle k\u0131sa s\u00fcrede b\u00fcy\u00fcyerek bah\u00e7elere s\u0131\u00e7rad\u0131. Saat 24.00 itibar\u0131yla b\u00f6lgedeki yang\u0131n\u0131n baz\u0131 k\u0131s\u0131mlar\u0131nda s\u00f6nd\u00fcrme \u00e7al\u0131\u015fmalar\u0131 s\u00fcrerken, \u00c7imen K\u00fcme Evleri \u00e7evresinde alevlerin etkili oldu\u011fu bildirildi.<\/p>\n","protected":false},"author":1,"featured_media":17003,"comment_status":"open","ping_status":"open","sticky":false,"template":"","format":"standard","meta":{"om_disable_all_campaigns":false,"_monsterinsights_skip_tracking":false,"_monsterinsights_sitenote_active":false,"_monsterinsights_sitenote_note":"","_monsterinsights_sitenote_category":0,"footnotes":""},"categories":[1,11],"tags":[701,698],"aioseo_notices":[],"_links":{"self":[{"href":"https:\/\/www.hbrkahta.com\/index.php\/wp-json\/wp\/v2\/posts\/17002"}],"collection":[{"href":"https:\/\/www.hbrkahta.com\/index.php\/wp-json\/wp\/v2\/posts"}],"about":[{"href":"https:\/\/www.hbrkahta.com\/index.php\/wp-json\/wp\/v2\/types\/post"}],"author":[{"embeddable":true,"href":"https:\/\/www.hbrkahta.com\/index.php\/wp-json\/wp\/v2\/users\/1"}],"replies":[{"embeddable":true,"href":"https:\/\/www.hbrkahta.com\/index.php\/wp-json\/wp\/v2\/comments?post=17002"}],"version-history":[{"count":1,"href":"https:\/\/www.hbrkahta.com\/index.php\/wp-json\/wp\/v2\/posts\/17002\/revisions"}],"predecessor-version":[{"id":17004,"href":"https:\/\/www.hbrkahta.com\/index.php\/wp-json\/wp\/v2\/posts\/17002\/revisions\/17004"}],"wp:featuredmedia":[{"embeddable":true,"href":"https:\/\/www.hbrkahta.com\/index.php\/wp-json\/wp\/v2\/media\/17003"}],"wp:attachment":[{"href":"https:\/\/www.hbrkahta.com\/index.php\/wp-json\/wp\/v2\/media?parent=17002"}],"wp:term":[{"taxonomy":"category","embeddable":true,"href":"https:\/\/www.hbrkahta.com\/index.php\/wp-json\/wp\/v2\/categories?post=17002"},{"taxonomy":"post_tag","embeddable":true,"href":"https:\/\/www.hbrkahta.com\/index.php\/wp-json\/wp\/v2\/tags?post=17002"}],"curies":[{"name":"wp","href":"https:\/\/api.w.org\/{rel}","templated":true}]}}