{"id":16996,"date":"2025-08-15T11:48:06","date_gmt":"2025-08-15T08:48:06","guid":{"rendered":"https:\/\/www.hbrkahta.com\/?p=16996"},"modified":"2025-08-15T11:48:06","modified_gmt":"2025-08-15T08:48:06","slug":"ak-yol-dernegi-3-gunde-2-bin-500-aileye-kahvaltilik-3-bin-aileye-gida-kolisi-ulastirildi","status":"publish","type":"post","link":"https:\/\/www.hbrkahta.com\/index.php\/2025\/08\/15\/ak-yol-dernegi-3-gunde-2-bin-500-aileye-kahvaltilik-3-bin-aileye-gida-kolisi-ulastirildi\/","title":{"rendered":"Ak Yol Derne\u011fi: &#8216;3 G\u00fcnde 2 Bin 500 Aileye Kahvalt\u0131l\u0131k, 3 Bin Aileye G\u0131da Kolisi Ula\u015ft\u0131r\u0131ld\u0131&#8217;"},"content":{"rendered":"<p>\u00dc\u00e7 G\u00fcnde 2 Bin 500 Aileye Kahvalt\u0131l\u0131k, 3 Bin Aileye G\u0131da Kolisi<br \/>\n<img decoding=\"async\" alt=\"\" src=\"https:\/\/www.hbrkahta.com\/wp-content\/uploads\/2025\/08\/ak-yol-dernegi-3-gunde-2-bin-500-aileye-kahvaltilik-3-bin-aileye-gida-ZFCWpP29.jpg\"><br \/>\nDernek faaliyetlerine ili\u015fkin konu\u015fan Yusuf Aslan, &ldquo;Selam\u00fcnaleyk\u00fcm k\u0131ymetli Kahtal\u0131 hem\u015fehrilerim. Ben Ak Yol Dernek Ba\u015fkan\u0131 Yusuf Aslan. Ak Yol Derne\u011fimizi kurdu\u011fumuz g\u00fcnden itibaren yapt\u0131\u011f\u0131m\u0131z faaliyetleri size anlataca\u011f\u0131m. Bundan iki g\u00fcn \u00f6nce Milli Gen\u00e7lik Derne\u011fi Ba\u015fkan\u0131m\u0131z\u0131n bize Kahta\u2019ya g\u00f6nderdi\u011fi 4.000\u2019e yak\u0131n kahvalt\u0131l\u0131k malzemeleri 3 g\u00fcn i\u00e7erisinde 2 bin 500 ailemize ula\u015ft\u0131rd\u0131k. Ve 3.000 tane de yard\u0131m kolisini Kahtam\u0131z\u2019daki ihtiya\u00e7 sahibi ailelerimize ula\u015ft\u0131rman\u0131n gururunu ya\u015f\u0131yoruz&rdquo; dedi.<br \/>\n<img decoding=\"async\" alt=\"\" src=\"https:\/\/www.hbrkahta.com\/wp-content\/uploads\/2025\/08\/ak-yol-dernegi-3-gunde-2-bin-500-aileye-kahvaltilik-3-bin-aileye-gida-iscD3WNj.jpg\"><br \/>\nAslan, derne\u011fin kurulu\u015f ilkeleri do\u011frultusunda \u00e7al\u0131\u015fmalar\u0131n\u0131 s\u00fcrd\u00fcrd\u00fc\u011f\u00fcn\u00fc belirterek, &ldquo;Elhamd\u00fclillah \u00e7ok \u015f\u00fck\u00fcr, ilk g\u00fcnk\u00fc \u015fiarla \u00e7\u0131kt\u0131\u011f\u0131m\u0131z bu yolda nerede bir garip guraba varsa onlarla beraber olmaya devam ediyoruz&rdquo; ifadelerini kulland\u0131.<\/p>\n<p>17 Mahalleye Da\u011f\u0131lan G\u00f6n\u00fcll\u00fc A\u011f\u0131<\/p>\n<p>Dernek \u00e7al\u0131\u015fmalar\u0131n\u0131n kapsam\u0131na de\u011finen Aslan, &ldquo;Bizler kendimize etti\u011fimiz \u015fiarla bu memleketimizin kadim insanlar\u0131n\u0131n yaralar\u0131na dokunmak i\u00e7in, onlarla beraber olmak i\u00e7in gece g\u00fcnd\u00fcz demeden onlar\u0131n yan\u0131nda olaca\u011f\u0131z. Elhamd\u00fclillah \u00e7ok \u015f\u00fck\u00fcr, kurdu\u011fumuz m\u00fckemmel bir te\u015fkilatla Kahtam\u0131z\u0131n 17 mahallesine da\u011f\u0131larak her tarafta bir yelpaze gibi geni\u015fleyip oradaki garip guraba vatanda\u015flar\u0131m\u0131zla beraber oluyoruz&rdquo; diye konu\u015ftu.<\/p>\n<p>Aslan, bu \u00e7al\u0131\u015fmalar\u0131n yaln\u0131zca g\u0131da yard\u0131m\u0131yla s\u0131n\u0131rl\u0131 olmad\u0131\u011f\u0131n\u0131, ihtiya\u00e7 sahiplerine ula\u015fmak i\u00e7in farkl\u0131 alanlarda da \u00e7aba g\u00f6sterdiklerini vurgulad\u0131.<br \/>\n<img decoding=\"async\" alt=\"\" src=\"https:\/\/www.hbrkahta.com\/wp-content\/uploads\/2025\/08\/ak-yol-dernegi-3-gunde-2-bin-500-aileye-kahvaltilik-3-bin-aileye-gida-JW7D3rjt.jpg\"><br \/>\n&ldquo;Var G\u00fcc\u00fcm\u00fczle \u00c7al\u0131\u015fmaya Devam Edece\u011fiz&rdquo;<\/p>\n<p>Yusuf Aslan, konu\u015fmas\u0131n\u0131n sonunda yard\u0131mlara katk\u0131 sa\u011flayanlara te\u015fekk\u00fcr ederek, &ldquo;Bizler bu memlekette faydal\u0131 olmak i\u00e7in elimizden geldi\u011fince var g\u00fcc\u00fcm\u00fczle \u00e7al\u0131\u015fmaya devam edece\u011fiz. Bizlere bu yard\u0131mlarda katk\u0131 sunan k\u0131ymetli il ba\u015fkanlar\u0131m\u0131za te\u015fekk\u00fcr ediyorum ve Allah raz\u0131 olsun diyorum&rdquo; dedi.<\/p><\/p>\n","protected":false},"excerpt":{"rendered":"<p> Mustafa KAMI\u015e &#8211; Ak Yol Derne\u011fi Genel Ba\u015fkan\u0131 Yusuf Aslan, dernek genel merkezinin bulundu\u011fu Ad\u0131yaman\u2019\u0131n Kahta il\u00e7esinde g\u00f6n\u00fcll\u00fcler ve \u00fcyelerle birlikte 17 mahallede yard\u0131m faaliyetlerine devam ettiklerini bildirdi. Aslan, Perre Haber Ajans\u0131\u2019na yapt\u0131\u011f\u0131 a\u00e7\u0131klamada, derne\u011fin kurulu\u015fundan bu yana y\u00fcr\u00fctt\u00fc\u011f\u00fc \u00e7al\u0131\u015fmalar hakk\u0131nda bilgi verdi.<\/p>\n","protected":false},"author":1,"featured_media":16997,"comment_status":"open","ping_status":"open","sticky":false,"template":"","format":"standard","meta":{"om_disable_all_campaigns":false,"_monsterinsights_skip_tracking":false,"_monsterinsights_sitenote_active":false,"_monsterinsights_sitenote_note":"","_monsterinsights_sitenote_category":0,"footnotes":""},"categories":[1,11],"tags":[894,112],"aioseo_notices":[],"_links":{"self":[{"href":"https:\/\/www.hbrkahta.com\/index.php\/wp-json\/wp\/v2\/posts\/16996"}],"collection":[{"href":"https:\/\/www.hbrkahta.com\/index.php\/wp-json\/wp\/v2\/posts"}],"about":[{"href":"https:\/\/www.hbrkahta.com\/index.php\/wp-json\/wp\/v2\/types\/post"}],"author":[{"embeddable":true,"href":"https:\/\/www.hbrkahta.com\/index.php\/wp-json\/wp\/v2\/users\/1"}],"replies":[{"embeddable":true,"href":"https:\/\/www.hbrkahta.com\/index.php\/wp-json\/wp\/v2\/comments?post=16996"}],"version-history":[{"count":1,"href":"https:\/\/www.hbrkahta.com\/index.php\/wp-json\/wp\/v2\/posts\/16996\/revisions"}],"predecessor-version":[{"id":17001,"href":"https:\/\/www.hbrkahta.com\/index.php\/wp-json\/wp\/v2\/posts\/16996\/revisions\/17001"}],"wp:featuredmedia":[{"embeddable":true,"href":"https:\/\/www.hbrkahta.com\/index.php\/wp-json\/wp\/v2\/media\/16997"}],"wp:attachment":[{"href":"https:\/\/www.hbrkahta.com\/index.php\/wp-json\/wp\/v2\/media?parent=16996"}],"wp:term":[{"taxonomy":"category","embeddable":true,"href":"https:\/\/www.hbrkahta.com\/index.php\/wp-json\/wp\/v2\/categories?post=16996"},{"taxonomy":"post_tag","embeddable":true,"href":"https:\/\/www.hbrkahta.com\/index.php\/wp-json\/wp\/v2\/tags?post=16996"}],"curies":[{"name":"wp","href":"https:\/\/api.w.org\/{rel}","templated":true}]}}