{"id":16980,"date":"2025-08-14T21:00:04","date_gmt":"2025-08-14T18:00:04","guid":{"rendered":"https:\/\/www.hbrkahta.com\/?p=16980"},"modified":"2025-08-14T21:00:04","modified_gmt":"2025-08-14T18:00:04","slug":"gap-gazeteciler-birliginden-ticaret-bakani-omer-bolata-ziyaret","status":"publish","type":"post","link":"https:\/\/www.hbrkahta.com\/index.php\/2025\/08\/14\/gap-gazeteciler-birliginden-ticaret-bakani-omer-bolata-ziyaret\/","title":{"rendered":"GAP Gazeteciler Birli\u011fi\u2019nden Ticaret Bakan\u0131 \u00d6mer Bolat\u2019a ziyaret"},"content":{"rendered":"<p>Ziyarette, deprem b\u00f6lgesinde y\u00fcr\u00fct\u00fclen \u00e7al\u0131\u015fmalar ele al\u0131n\u0131rken, Ad\u0131yaman, Hatay, Kahramanmara\u015f ve Malatya\u2019da ticari hayat\u0131n canland\u0131r\u0131lmas\u0131 i\u00e7in devlet destekleri ve te\u015fviklerin art\u0131r\u0131lmas\u0131 talep edildi.<\/p>\n<p>&ldquo;Deprem sonras\u0131 \u00f6nemli ad\u0131mlar at\u0131ld\u0131&rdquo;<\/p>\n<p>Bakan Bolat, ziyaretten duydu\u011fu memnuniyeti ifade ederek, 6 \u015eubat 2023\u2019te ya\u015fanan ve &ldquo;bin y\u0131l\u0131n en b\u00fcy\u00fck felaketi&rdquo; olarak nitelendirilen depremlerden sonra Cumhurba\u015fkan\u0131 Recep Tayyip Erdo\u011fan liderli\u011finde b\u00f6lgede \u00f6nemli \u00e7al\u0131\u015fmalar ger\u00e7ekle\u015ftirildi\u011fini s\u00f6yledi.<\/p>\n<p>Depremde ya\u015fanan y\u0131k\u0131m\u0131n boyutuna dikkat \u00e7eken Bolat, 7.7 ve 7.4 b\u00fcy\u00fckl\u00fc\u011f\u00fcndeki iki b\u00fcy\u00fck depremin ard\u0131ndan Hatay merkezli 6.4 b\u00fcy\u00fckl\u00fc\u011f\u00fcnde bir sars\u0131nt\u0131 ve binlerce art\u00e7\u0131 meydana geldi\u011fini hat\u0131rlatt\u0131. Bu \u00f6l\u00e7ekte bir felaketin d\u00fcnyada ender g\u00f6r\u00fcld\u00fc\u011f\u00fcn\u00fc ifade eden Bolat, &ldquo;T\u00fcrkiye b\u00fcy\u00fck devlet olman\u0131n gere\u011fini ortaya koydu. H\u00fck\u00fcmet olarak ola\u011fan\u00fcst\u00fc gayret g\u00f6steriyoruz, bu y\u0131l sonu itibar\u0131yla depremzedelerimiz kal\u0131c\u0131 konutlar\u0131na ge\u00e7mi\u015f olacak&rdquo; dedi.<\/p>\n<p>Bakan Bolat, GAP Gazeteciler Birli\u011fi\u2019nin b\u00f6lgesel sorunlara y\u00f6nelik duyarl\u0131l\u0131\u011f\u0131ndan ve \u00fcyelerinin yay\u0131n organlar\u0131nda yapt\u0131klar\u0131 uyar\u0131c\u0131 yay\u0131nlardan faydaland\u0131klar\u0131n\u0131 da belirtti.<\/p>\n<p>&ldquo;Deprem b\u00f6lgesinde ticareti canl\u0131 tutaca\u011f\u0131z&rdquo;<\/p>\n<p>Bakan Bolat, deprem b\u00f6lgesine \u00f6zel hassasiyet g\u00f6sterdiklerini ve ticari hayat\u0131n canl\u0131 tutulmas\u0131 i\u00e7in \u00e7al\u0131\u015ft\u0131klar\u0131n\u0131 vurgulad\u0131:<\/p>\n<p>&ldquo;Piyasada istikrar i\u00e7in \u00e7aba g\u00f6steriyoruz. Milletimizin al\u0131n terini, eme\u011finin kar\u015f\u0131l\u0131\u011f\u0131n\u0131 korumak; fahi\u015f ve haks\u0131z fiyatlarla m\u00fccadeleyi kararl\u0131l\u0131kla s\u00fcrd\u00fcr\u00fcyoruz. Geli\u015fen teknolojiyi bu ama\u00e7 do\u011frultusunda kullanarak adil bir piyasa tesisi i\u00e7in \u00e7al\u0131\u015fmalar\u0131m\u0131z devam ediyor.&rdquo;<\/p>\n<p>Bu kapsamda, &ldquo;Market Fiyat\u0131&rdquo; uygulamas\u0131n\u0131n Google Play ve App Store\u2019da vatanda\u015flar\u0131n kullan\u0131m\u0131na sunuldu\u011funu belirten Bolat, uygulama sayesinde farkl\u0131 marketlerdeki fiyatlar\u0131n kar\u015f\u0131la\u015ft\u0131r\u0131labilece\u011fini, b\u00f6ylece fahi\u015f fiyat ve haks\u0131z kazan\u00e7la m\u00fccadelede \u00f6nemli bir ilerleme sa\u011flanaca\u011f\u0131n\u0131 s\u00f6yledi.<\/p>\n<p>&ldquo;\u0130hracatta tarihi seviyelere ula\u015ft\u0131k&rdquo;<\/p>\n<p>Bakan Bolat, T\u00fcrkiye\u2019nin ticari kapasitesindeki art\u0131\u015fa da de\u011findi. 2002 y\u0131l\u0131nda 36 milyar dolar olan y\u0131ll\u0131k ihracat\u0131n, bug\u00fcn tek bir ayda 25 milyar dolar seviyesine ula\u015ft\u0131\u011f\u0131n\u0131 belirten Bolat, hedeflerinin y\u00fcksek katma de\u011ferli ihracat\u0131 art\u0131rmak, pazar \u00e7e\u015fitlendirmesi sa\u011flamak, ye\u015fil ve dijital d\u00f6n\u00fc\u015f\u00fcm\u00fc desteklemek ve g\u00fcmr\u00fck s\u00fcre\u00e7lerini h\u0131zland\u0131rmak oldu\u011funu dile getirdi.<\/p>\n<p>&ldquo;T\u00fcrkiye Y\u00fczy\u0131l\u0131 vizyonu do\u011frultusunda teknoloji yo\u011fun ve markal\u0131 ihracat\u0131 b\u00fcy\u00fctmeye, d\u0131\u015f ticaretimizi daha sa\u011flam ve s\u00fcrd\u00fcr\u00fclebilir bir yap\u0131ya kavu\u015fturmaya devam edece\u011fiz&rdquo; diyen Bolat, bu ba\u015far\u0131da eme\u011fi ge\u00e7en ihracat\u00e7\u0131lar ve i\u015f d\u00fcnyas\u0131na te\u015fekk\u00fcr etti.<\/p><\/p>\n","protected":false},"excerpt":{"rendered":"<p> Selahattin ALPTEK\u0130N &#8211; GAP Gazeteciler Birli\u011fi Genel Ba\u015fkan\u0131 Zeynel Abidin K\u0131ymaz ve Genel Ba\u015fkan Vekili Hamit \u00d6zpolat, Ticaret Bakan\u0131 Prof. Dr. \u00d6mer Bolat\u2019\u0131 makam\u0131nda ziyaret etti.<\/p>\n","protected":false},"author":1,"featured_media":16981,"comment_status":"open","ping_status":"open","sticky":false,"template":"","format":"standard","meta":{"om_disable_all_campaigns":false,"_monsterinsights_skip_tracking":false,"_monsterinsights_sitenote_active":false,"_monsterinsights_sitenote_note":"","_monsterinsights_sitenote_category":0,"footnotes":""},"categories":[1,11],"tags":[540,2599,720,588],"aioseo_notices":[],"_links":{"self":[{"href":"https:\/\/www.hbrkahta.com\/index.php\/wp-json\/wp\/v2\/posts\/16980"}],"collection":[{"href":"https:\/\/www.hbrkahta.com\/index.php\/wp-json\/wp\/v2\/posts"}],"about":[{"href":"https:\/\/www.hbrkahta.com\/index.php\/wp-json\/wp\/v2\/types\/post"}],"author":[{"embeddable":true,"href":"https:\/\/www.hbrkahta.com\/index.php\/wp-json\/wp\/v2\/users\/1"}],"replies":[{"embeddable":true,"href":"https:\/\/www.hbrkahta.com\/index.php\/wp-json\/wp\/v2\/comments?post=16980"}],"version-history":[{"count":1,"href":"https:\/\/www.hbrkahta.com\/index.php\/wp-json\/wp\/v2\/posts\/16980\/revisions"}],"predecessor-version":[{"id":16982,"href":"https:\/\/www.hbrkahta.com\/index.php\/wp-json\/wp\/v2\/posts\/16980\/revisions\/16982"}],"wp:featuredmedia":[{"embeddable":true,"href":"https:\/\/www.hbrkahta.com\/index.php\/wp-json\/wp\/v2\/media\/16981"}],"wp:attachment":[{"href":"https:\/\/www.hbrkahta.com\/index.php\/wp-json\/wp\/v2\/media?parent=16980"}],"wp:term":[{"taxonomy":"category","embeddable":true,"href":"https:\/\/www.hbrkahta.com\/index.php\/wp-json\/wp\/v2\/categories?post=16980"},{"taxonomy":"post_tag","embeddable":true,"href":"https:\/\/www.hbrkahta.com\/index.php\/wp-json\/wp\/v2\/tags?post=16980"}],"curies":[{"name":"wp","href":"https:\/\/api.w.org\/{rel}","templated":true}]}}