{"id":16967,"date":"2025-08-14T20:12:03","date_gmt":"2025-08-14T17:12:03","guid":{"rendered":"https:\/\/www.hbrkahta.com\/?p=16967"},"modified":"2025-08-14T20:12:03","modified_gmt":"2025-08-14T17:12:03","slug":"adiyamanda-seyh-abdurrahman-erzincani-turbesi-restore-ediliyor","status":"publish","type":"post","link":"https:\/\/www.hbrkahta.com\/index.php\/2025\/08\/14\/adiyamanda-seyh-abdurrahman-erzincani-turbesi-restore-ediliyor\/","title":{"rendered":"Ad\u0131yaman\u2019da \u015eeyh Abdurrahman Erzincan\u00ee T\u00fcrbesi restore ediliyor"},"content":{"rendered":"<p>&ldquo;Tarih&icirc; ve manevi de\u011ferlerimize hassasiyetle sahip \u00e7\u0131k\u0131yoruz&rdquo;<\/p>\n<p>Ad\u0131yaman Valisi Dr. Osman Varol, t\u00fcrbenin il i\u00e7in \u00f6nemli bir manevi mek&acirc;n oldu\u011funu belirterek, \u015funlar\u0131 s\u00f6yledi:<\/p>\n<p>&ldquo;\u0130limizin sahip oldu\u011fu tarihi, k\u00fclt\u00fcrel ve manevi de\u011ferlerimize hassasiyetle sahip \u00e7\u0131k\u0131yoruz. \u0130limizde manevi bir atmosferin olu\u015fmas\u0131n\u0131 sa\u011flayan bu t\u00fcrbemiz, vatanda\u015flar\u0131m\u0131z\u0131n s\u00fcrekli ziyaret etti\u011fi \u00e7ok \u00f6nemli bir mek&acirc;n. \u0130l \u00d6zel \u0130daresi olarak tarihimize ve inanc\u0131m\u0131za yak\u0131\u015f\u0131r titiz bir \u015fekilde restorasyon ve peyzaj \u00e7al\u0131\u015fmalar\u0131n\u0131 ba\u015flataca\u011f\u0131z.&rdquo;<\/p>\n<p>Tarihi eserlere y\u00f6nelik sorumluluk vurgusu<\/p>\n<p>Yetkililer, ata yadig&acirc;r\u0131 eserlere sahip \u00e7\u0131kman\u0131n manevi bir sorumluluk oldu\u011funa dikkat \u00e7ekerek, t\u00fcrbeye hak etti\u011fi de\u011ferin verilmesinin ve bu kapsamda ba\u015flat\u0131lan \u00e7al\u0131\u015fman\u0131n gecikmi\u015f bir ad\u0131m\u0131n yerine getirilmesi anlam\u0131na geldi\u011fini ifade etti.<\/p>\n<p>Projenin tamamlanmas\u0131n\u0131n ard\u0131ndan \u015eeyh Abdurrahman Erzincan&icirc; T\u00fcrbesi\u2019nin ziyaret\u00e7ilere daha uygun ve d\u00fczenli bir ortamda hizmet vermesi bekleniyor.<\/p><\/p>\n","protected":false},"excerpt":{"rendered":"<p> Murat KAYI\u015e &#8211; Ad\u0131yaman \u0130l \u00d6zel \u0130daresi, kentin tarihi ve k\u00fclt\u00fcrel miras\u0131n\u0131 koruma \u00e7al\u0131\u015fmalar\u0131 kapsam\u0131nda Zey k\u00f6y\u00fcnde bulunan \u015eeyh Abdurrahman Erzincan\u00ee Hazretlerinin T\u00fcrbesi i\u00e7in restorasyon ve peyzaj projelendirme \u00e7al\u0131\u015fmalar\u0131na ba\u015flad\u0131. Proje, yap\u0131n\u0131n tarih\u00ee dokusunun korunarak gelecek nesillere aktar\u0131lmas\u0131n\u0131 hedefliyor.<\/p>\n","protected":false},"author":1,"featured_media":16968,"comment_status":"open","ping_status":"open","sticky":false,"template":"","format":"standard","meta":{"om_disable_all_campaigns":false,"_monsterinsights_skip_tracking":false,"_monsterinsights_sitenote_active":false,"_monsterinsights_sitenote_note":"","_monsterinsights_sitenote_category":0,"footnotes":""},"categories":[1,11],"tags":[540,2077],"aioseo_notices":[],"_links":{"self":[{"href":"https:\/\/www.hbrkahta.com\/index.php\/wp-json\/wp\/v2\/posts\/16967"}],"collection":[{"href":"https:\/\/www.hbrkahta.com\/index.php\/wp-json\/wp\/v2\/posts"}],"about":[{"href":"https:\/\/www.hbrkahta.com\/index.php\/wp-json\/wp\/v2\/types\/post"}],"author":[{"embeddable":true,"href":"https:\/\/www.hbrkahta.com\/index.php\/wp-json\/wp\/v2\/users\/1"}],"replies":[{"embeddable":true,"href":"https:\/\/www.hbrkahta.com\/index.php\/wp-json\/wp\/v2\/comments?post=16967"}],"version-history":[{"count":1,"href":"https:\/\/www.hbrkahta.com\/index.php\/wp-json\/wp\/v2\/posts\/16967\/revisions"}],"predecessor-version":[{"id":16969,"href":"https:\/\/www.hbrkahta.com\/index.php\/wp-json\/wp\/v2\/posts\/16967\/revisions\/16969"}],"wp:featuredmedia":[{"embeddable":true,"href":"https:\/\/www.hbrkahta.com\/index.php\/wp-json\/wp\/v2\/media\/16968"}],"wp:attachment":[{"href":"https:\/\/www.hbrkahta.com\/index.php\/wp-json\/wp\/v2\/media?parent=16967"}],"wp:term":[{"taxonomy":"category","embeddable":true,"href":"https:\/\/www.hbrkahta.com\/index.php\/wp-json\/wp\/v2\/categories?post=16967"},{"taxonomy":"post_tag","embeddable":true,"href":"https:\/\/www.hbrkahta.com\/index.php\/wp-json\/wp\/v2\/tags?post=16967"}],"curies":[{"name":"wp","href":"https:\/\/api.w.org\/{rel}","templated":true}]}}