{"id":16915,"date":"2025-08-12T04:36:03","date_gmt":"2025-08-12T01:36:03","guid":{"rendered":"https:\/\/www.hbrkahta.com\/?p=16915"},"modified":"2025-08-12T04:36:03","modified_gmt":"2025-08-12T01:36:03","slug":"baskan-kablandan-bakan-simseke-taziye-mesaji","status":"publish","type":"post","link":"https:\/\/www.hbrkahta.com\/index.php\/2025\/08\/12\/baskan-kablandan-bakan-simseke-taziye-mesaji\/","title":{"rendered":"Ba\u015fkan Kablan\u2019dan Bakan \u015eim\u015fek\u2019e taziye mesaj\u0131"},"content":{"rendered":"<p>Kablan, sosyal medya hesab\u0131ndan yapt\u0131\u011f\u0131 payla\u015f\u0131mda, &ldquo;Hazine ve Maliye Bakan\u0131m\u0131z Say\u0131n Mehmet \u015eim\u015fek&#8217;in de\u011ferli a\u011fabeyi Nazmi \u015eim\u015fek&#8217;in vefat\u0131n\u0131 derin bir \u00fcz\u00fcnt\u00fcyle \u00f6\u011frenmi\u015f bulunuyorum. Merhuma Allah&#8217;tan rahmet; Say\u0131n Bakan\u0131m\u0131za, ailelerine ve yak\u0131nlar\u0131na ba\u015fsa\u011fl\u0131\u011f\u0131 ve sab\u0131rlar diliyorum. Mek&acirc;n\u0131 cennet olsun&rdquo; ifadelerini kulland\u0131.<\/p>\n<p>Bakan \u015eim\u015fek\u2019in a\u011fabeyi Nazmi \u015eim\u015fek vefat etti<br \/>\nHazine ve Maliye Bakan\u0131 Mehmet \u015eim\u015fek\u2019in a\u011fabeyi, emekli ilkokul \u00f6\u011fretmeni Nazmi \u015eim\u015fek (80), Yalova\u2019da ya\u015fam\u0131n\u0131 yitirdi. 1945 do\u011fumlu olan Nazmi \u015eim\u015fek, \u00d6\u011fretmen Okulu\u2019ndan mezun olduktan sonra meslek hayat\u0131na Batman\u2019\u0131n Sason il\u00e7esi G\u00fcrgenli k\u00f6y\u00fcnde ba\u015flad\u0131. Karde\u015fi Mehmet \u015eim\u015fek\u2019in de \u00f6\u011fretmeni olan merhum, Batman\u2019daki \u00e7e\u015fitli okullarda \u00f6\u011fretmenlik ve idarecilik yapt\u0131.<\/p>\n<p>1988 y\u0131l\u0131nda &ldquo;Y\u0131l\u0131n \u00d6\u011fretmeni&rdquo; se\u00e7ilen Nazmi \u015eim\u015fek, \u00f6d\u00fcl\u00fcn\u00fc \u00f6\u011frencisi olan d\u00f6nemin Batman Belediye Ba\u015fkan\u0131 Ataullah Hamidi\u2019den ald\u0131.<\/p>\n<p>Cenaze t\u00f6reni Yalova\u2019da yap\u0131ld\u0131<br \/>\nNazmi \u015eim\u015fek\u2019in cenazesi, Yalova\u2019n\u0131n \u00c7iftlikk\u00f6y il\u00e7esi Sahil Mahallesi\u2019ndeki Sahil Siteler Camisi\u2019nde \u00f6\u011fle namaz\u0131n\u0131n ard\u0131ndan k\u0131l\u0131nan cenaze namaz\u0131 sonras\u0131 \u00c7iftlikk\u00f6y Yeni Mezarl\u0131\u011f\u0131\u2019na defnedildi. Cenazeye, Hazine ve Maliye Bakan\u0131 Mehmet \u015eim\u015fek\u2019in yan\u0131 s\u0131ra eski Ba\u015fbakan Binali Y\u0131ld\u0131r\u0131m ile eski bakanlar Mehmet Mehdi Eker, \u0130smet Y\u0131lmaz ve Fikri I\u015f\u0131k da kat\u0131ld\u0131.<\/p>\n<p>Taziye mesajlar\u0131<br \/>\nCumhurba\u015fkan\u0131 Yard\u0131mc\u0131s\u0131 Cevdet Y\u0131lmaz, sosyal medya payla\u015f\u0131m\u0131nda, &ldquo;Hazine ve Maliye Bakan\u0131m\u0131z Say\u0131n Mehmet \u015eim\u015fek\u2019in k\u0131ymetli a\u011fabeyi Nazmi \u015eim\u015fek\u2019in vefat\u0131n\u0131 derin bir \u00fcz\u00fcnt\u00fcyle \u00f6\u011frendim. Merhuma Allah\u2019tan rahmet, Bakan\u0131m\u0131za ve aile yak\u0131nlar\u0131na ba\u015fsa\u011fl\u0131\u011f\u0131 diliyorum. Mek&acirc;n\u0131 cennet olsun&rdquo; dedi.<\/p>\n<p>Cumhurba\u015fkanl\u0131\u011f\u0131 \u0130leti\u015fim Ba\u015fkan\u0131 Burhanettin Duran da, &ldquo;Nazmi \u015eim\u015fek\u2019e Allah\u2019tan rahmet, Bakan\u0131m\u0131za ve ailesine ba\u015fsa\u011fl\u0131\u011f\u0131 diliyorum. Mek&acirc;n\u0131 cennet, ruhu \u015fad olsun&rdquo; ifadelerini kulland\u0131.<\/p><\/p>\n","protected":false},"excerpt":{"rendered":"<p> \u015eeriban \u00d6Z\u00c7AKMAK &#8211; AK Parti Ad\u0131yaman \u0130l Ba\u015fkan\u0131 Faruk B\u00fclent Kablan, Hazine ve Maliye Bakan\u0131 Mehmet \u015eim\u015fek\u2019in a\u011fabeyi Nazmi \u015eim\u015fek\u2019in vefat\u0131 dolay\u0131s\u0131yla taziye mesaj\u0131 yay\u0131mlad\u0131.<\/p>\n","protected":false},"author":1,"featured_media":16916,"comment_status":"open","ping_status":"open","sticky":false,"template":"","format":"standard","meta":{"om_disable_all_campaigns":false,"_monsterinsights_skip_tracking":false,"_monsterinsights_sitenote_active":false,"_monsterinsights_sitenote_note":"","_monsterinsights_sitenote_category":0,"footnotes":""},"categories":[1,11],"tags":[2598,936,2596,333,2597],"aioseo_notices":[],"_links":{"self":[{"href":"https:\/\/www.hbrkahta.com\/index.php\/wp-json\/wp\/v2\/posts\/16915"}],"collection":[{"href":"https:\/\/www.hbrkahta.com\/index.php\/wp-json\/wp\/v2\/posts"}],"about":[{"href":"https:\/\/www.hbrkahta.com\/index.php\/wp-json\/wp\/v2\/types\/post"}],"author":[{"embeddable":true,"href":"https:\/\/www.hbrkahta.com\/index.php\/wp-json\/wp\/v2\/users\/1"}],"replies":[{"embeddable":true,"href":"https:\/\/www.hbrkahta.com\/index.php\/wp-json\/wp\/v2\/comments?post=16915"}],"version-history":[{"count":1,"href":"https:\/\/www.hbrkahta.com\/index.php\/wp-json\/wp\/v2\/posts\/16915\/revisions"}],"predecessor-version":[{"id":16917,"href":"https:\/\/www.hbrkahta.com\/index.php\/wp-json\/wp\/v2\/posts\/16915\/revisions\/16917"}],"wp:featuredmedia":[{"embeddable":true,"href":"https:\/\/www.hbrkahta.com\/index.php\/wp-json\/wp\/v2\/media\/16916"}],"wp:attachment":[{"href":"https:\/\/www.hbrkahta.com\/index.php\/wp-json\/wp\/v2\/media?parent=16915"}],"wp:term":[{"taxonomy":"category","embeddable":true,"href":"https:\/\/www.hbrkahta.com\/index.php\/wp-json\/wp\/v2\/categories?post=16915"},{"taxonomy":"post_tag","embeddable":true,"href":"https:\/\/www.hbrkahta.com\/index.php\/wp-json\/wp\/v2\/tags?post=16915"}],"curies":[{"name":"wp","href":"https:\/\/api.w.org\/{rel}","templated":true}]}}