{"id":16887,"date":"2025-08-12T03:00:04","date_gmt":"2025-08-12T00:00:04","guid":{"rendered":"https:\/\/www.hbrkahta.com\/?p=16887"},"modified":"2025-08-12T03:00:04","modified_gmt":"2025-08-12T00:00:04","slug":"anahtar-parti-il-baskani-alsandan-su-sorunu-icin-acil-onlem-cagrisi","status":"publish","type":"post","link":"https:\/\/www.hbrkahta.com\/index.php\/2025\/08\/12\/anahtar-parti-il-baskani-alsandan-su-sorunu-icin-acil-onlem-cagrisi\/","title":{"rendered":"Anahtar Parti \u0130l Ba\u015fkan\u0131 Alsan\u2019dan su sorunu i\u00e7in acil \u00f6nlem \u00e7a\u011fr\u0131s\u0131"},"content":{"rendered":"<p>S\u0131cak yaz g\u00fcnlerinde evlerde su kesintilerinin hissedildi\u011fini vurgulayan Alsan, &ldquo;Ele\u015ftirilecek pek \u00e7ok taraf\u0131 olmas\u0131na ra\u011fmen ne h\u00fck\u00fcmeti ne de belediyeyi su\u00e7lamayaca\u011f\u0131m. Ancak acil olarak yap\u0131lmas\u0131 gerekenler bellidir&rdquo; dedi.<\/p>\n<p>Kaynaklarda kay\u0131p-ka\u00e7ak tespiti<br \/>\nAlsan, Hav\u015feri ve G\u00fcrlevik kaynaklar\u0131ndan \u00e7\u0131kan sular\u0131n \u015fehir merkezine ula\u015fana kadar ya\u015fad\u0131\u011f\u0131 kay\u0131p-ka\u00e7ak oranlar\u0131n\u0131n tespit edilmesi gerekti\u011fini s\u00f6yledi. Bu hatlarda hasar varsa onar\u0131m yap\u0131lmas\u0131n\u0131, tarla sulamas\u0131 yapan vatanda\u015flar\u0131n ise uyar\u0131lmas\u0131n\u0131 \u00f6nerdi.<\/p>\n<p>Kapal\u0131 sistem ve kamula\u015ft\u0131rma \u00f6nerisi<br \/>\nA\u00e7\u0131kta akan sular\u0131n tar\u0131m alanlar\u0131na y\u00f6nlendirilmesinin \u00f6nlenememesi durumunda kamula\u015ft\u0131rma yap\u0131lmas\u0131 gerekti\u011fini ifade eden Alsan, su hatlar\u0131n\u0131n kapal\u0131 sisteme d\u00f6n\u00fc\u015ft\u00fcr\u00fclmesinin \u00f6nemine dikkat \u00e7ekti.<\/p>\n<p>Belediyeye yeralt\u0131 suyu kullan\u0131m\u0131 \u00e7a\u011fr\u0131s\u0131<br \/>\nBelediye park, ref\u00fcj ve kav\u015faklarda sulama i\u015flerinde \u015febeke suyu yerine sondajlarla elde edilecek yeralt\u0131 suyunun kullan\u0131lmas\u0131n\u0131 isteyen Alsan, sokaklarda kayna\u011f\u0131 belli olmayan su ak\u0131nt\u0131lar\u0131n\u0131n \u015febeke hatt\u0131nda hasar oldu\u011funa i\u015faret etti\u011fini belirtti.<\/p>\n<p>Alternatif kaynaklar\u0131n devreye al\u0131nmas\u0131<br \/>\nGelecek yaz su sorunu ya\u015fanmamas\u0131 i\u00e7in Hav\u015feri ve G\u00fcrlevik d\u0131\u015f\u0131nda farkl\u0131 su kaynaklar\u0131n\u0131n de\u011ferlendirilmesi gerekti\u011fini belirten Alsan, &ldquo;Bu kaynaklar mevcut. \u015eebekeye ba\u011flant\u0131lar\u0131 yap\u0131larak kal\u0131c\u0131 \u00e7\u00f6z\u00fcm sa\u011flanabilir&rdquo; dedi.<\/p>\n<p>&lsquo;Kaynaklar\u0131m\u0131z var, y\u00f6netmemiz gerekiyor\u2019<br \/>\nT\u00fcrkiye\u2019nin kaynak sular\u0131 ve yeralt\u0131 sular\u0131 bak\u0131m\u0131ndan en zengin co\u011frafyalar\u0131ndan birinde yer alan Ad\u0131yaman\u2019da su s\u0131k\u0131nt\u0131s\u0131n\u0131n bilimsel verilere ra\u011fmen ya\u015fanmas\u0131n\u0131n kabul edilemez oldu\u011funu s\u00f6yleyen Alsan, &ldquo;Yetkililerin \u00e7a\u011fr\u0131m\u0131za kulak vermesini temenni ediyoruz&rdquo; ifadelerini kulland\u0131.<\/p>\n<p>Su fiyatlar\u0131na tepki<br \/>\nAlsan, 5 litrelik suyun 38 TL\u2019ye sat\u0131ld\u0131\u011f\u0131na dikkat \u00e7ekerek, &ldquo;Bir insan\u0131n g\u00fcnde en az 3 litre su i\u00e7mesi gerekti\u011finden yola \u00e7\u0131karsak, ortalama bir ailenin g\u00fcnl\u00fck i\u00e7me suyu maliyeti 200 TL civar\u0131ndad\u0131r. Bu ger\u00e7e\u011fi g\u00f6rmezden gelemeyiz&rdquo; dedi.<\/p>\n<p>A\u00e7\u0131klamas\u0131n\u0131, &ldquo;Ad\u0131yaman\u2019\u0131n su sorunu kal\u0131c\u0131 de\u011fil, kaynaklar\u0131m\u0131z var; y\u00f6netmemiz gerekiyor&rdquo; s\u00f6zleriyle tamamlad\u0131.<\/p><\/p>\n","protected":false},"excerpt":{"rendered":"<p>  &#8211; Anahtar Parti Ad\u0131yaman \u0130l Ba\u015fkan\u0131 Emircan Ahmet Alsan, kentte ya\u015fanan su s\u0131k\u0131nt\u0131s\u0131na ili\u015fkin yaz\u0131l\u0131 bir a\u00e7\u0131klama yaparak, \u00e7\u00f6z\u00fcm \u00f6nerilerini s\u0131ralad\u0131. Hem siyasi kimli\u011fi hem de m\u00fchendislik mesle\u011fiyle konuyu de\u011ferlendirdi\u011fini belirten Alsan, mevcut durumu \u201cAd\u0131yaman\u2019a yak\u0131\u015fmayan bir tablo\u201d olarak nitelendirdi.<\/p>\n","protected":false},"author":1,"featured_media":16888,"comment_status":"open","ping_status":"open","sticky":false,"template":"","format":"standard","meta":{"om_disable_all_campaigns":false,"_monsterinsights_skip_tracking":false,"_monsterinsights_sitenote_active":false,"_monsterinsights_sitenote_note":"","_monsterinsights_sitenote_category":0,"footnotes":""},"categories":[1,11],"tags":[1685,2154,226,539],"aioseo_notices":[],"_links":{"self":[{"href":"https:\/\/www.hbrkahta.com\/index.php\/wp-json\/wp\/v2\/posts\/16887"}],"collection":[{"href":"https:\/\/www.hbrkahta.com\/index.php\/wp-json\/wp\/v2\/posts"}],"about":[{"href":"https:\/\/www.hbrkahta.com\/index.php\/wp-json\/wp\/v2\/types\/post"}],"author":[{"embeddable":true,"href":"https:\/\/www.hbrkahta.com\/index.php\/wp-json\/wp\/v2\/users\/1"}],"replies":[{"embeddable":true,"href":"https:\/\/www.hbrkahta.com\/index.php\/wp-json\/wp\/v2\/comments?post=16887"}],"version-history":[{"count":1,"href":"https:\/\/www.hbrkahta.com\/index.php\/wp-json\/wp\/v2\/posts\/16887\/revisions"}],"predecessor-version":[{"id":16889,"href":"https:\/\/www.hbrkahta.com\/index.php\/wp-json\/wp\/v2\/posts\/16887\/revisions\/16889"}],"wp:featuredmedia":[{"embeddable":true,"href":"https:\/\/www.hbrkahta.com\/index.php\/wp-json\/wp\/v2\/media\/16888"}],"wp:attachment":[{"href":"https:\/\/www.hbrkahta.com\/index.php\/wp-json\/wp\/v2\/media?parent=16887"}],"wp:term":[{"taxonomy":"category","embeddable":true,"href":"https:\/\/www.hbrkahta.com\/index.php\/wp-json\/wp\/v2\/categories?post=16887"},{"taxonomy":"post_tag","embeddable":true,"href":"https:\/\/www.hbrkahta.com\/index.php\/wp-json\/wp\/v2\/tags?post=16887"}],"curies":[{"name":"wp","href":"https:\/\/api.w.org\/{rel}","templated":true}]}}