{"id":16883,"date":"2025-08-12T02:48:04","date_gmt":"2025-08-11T23:48:04","guid":{"rendered":"https:\/\/www.hbrkahta.com\/?p=16883"},"modified":"2025-08-12T02:48:04","modified_gmt":"2025-08-11T23:48:04","slug":"alkayis-ak-parti-olarak-her-alanda-daha-guclu-bir-adiyaman-insa-ediyoruz","status":"publish","type":"post","link":"https:\/\/www.hbrkahta.com\/index.php\/2025\/08\/12\/alkayis-ak-parti-olarak-her-alanda-daha-guclu-bir-adiyaman-insa-ediyoruz\/","title":{"rendered":"Alkay\u0131\u015f: \u2018AK Parti olarak her alanda daha g\u00fc\u00e7l\u00fc bir Ad\u0131yaman in\u015fa ediyoruz\u2019"},"content":{"rendered":"<p>&lsquo;Depremin ilk an\u0131ndan itibaren devlet sahadayd\u0131\u2019<br \/>\nDepremin ilk an\u0131ndan itibaren devletin t\u00fcm imk&acirc;nlar\u0131yla vatanda\u015f\u0131n yan\u0131nda oldu\u011funu vurgulayan Alkay\u0131\u015f, &ldquo;Say\u0131n Bakan\u0131m\u0131z Murat Kurum, Valimiz Osman Varol ve milletvekili arkada\u015flar\u0131m\u0131zla birlikte sahada y\u00fcr\u00fct\u00fclen her \u00e7al\u0131\u015fmay\u0131 anbean takip ettik. Ad\u0131yaman\u2019da ortaya konan h\u0131z, kararl\u0131l\u0131k ve birliktelik t\u00fcm T\u00fcrkiye\u2019ye \u00f6rnek olmu\u015ftur&rdquo; dedi.<\/p>\n<p>Cumhurba\u015fkan\u0131 Recep Tayyip Erdo\u011fan\u2019\u0131n liderli\u011fine ve milletle kurdu\u011fu g\u00fc\u00e7l\u00fc g\u00f6n\u00fcl ba\u011f\u0131na dikkat \u00e7eken Alkay\u0131\u015f, &ldquo;Bu ba\u015far\u0131, Cumhurba\u015fkan\u0131m\u0131z Say\u0131n Recep Tayyip Erdo\u011fan\u2019a duyulan g\u00fcvenin ve millet-devlet kenetlenmesinin en somut g\u00f6stergesidir. Aziz milletimiz biliyor ki Say\u0131n Cumhurba\u015fkan\u0131m\u0131z s\u00f6z verdi mi, o s\u00f6z mutlaka yerine gelir. AK Parti ailesi olarak 14 May\u0131s\u2019ta hem\u015fehrilerimize verdi\u011fimiz s\u00f6zlerin de \u00f6tesine ge\u00e7menin mutlulu\u011funu ya\u015f\u0131yoruz&rdquo; diye konu\u015ftu.<\/p>\n<p>&lsquo;Ad\u0131yaman k\u00fcllerinden yeniden do\u011fuyor\u2019<br \/>\nAlkay\u0131\u015f, Ad\u0131yaman\u2019\u0131n deprem sonras\u0131 yeniden yap\u0131lanma s\u00fcrecine dikkat \u00e7ekerek, &ldquo;Sevdam\u0131z olan Ad\u0131yaman, k\u00fcllerinden yeniden do\u011fuyor. Art\u0131k yepyeni bir Ad\u0131yaman var. Bu \u015fehrin yeniden, daha g\u00fc\u00e7l\u00fc bir \u015fekilde aya\u011fa kalkmas\u0131 i\u00e7in gecesini g\u00fcnd\u00fcz\u00fcne katarak \u00e7al\u0131\u015fan AK Parti kadrolar\u0131, bug\u00fcn milletimizin huzuruna aln\u0131 ak olarak \u00e7\u0131kmaktad\u0131r. AK Partimizin icraatlar\u0131yla art\u0131k yepyeni bir Ad\u0131yaman in\u015fa ediliyor. Bu ba\u015far\u0131, t\u00fcm Ad\u0131yaman halk\u0131n\u0131nd\u0131r&rdquo; ifadelerini kulland\u0131.<br \/>\n<img decoding=\"async\" alt=\"\" src=\"https:\/\/www.hbrkahta.com\/wp-content\/uploads\/2025\/08\/alkayis-ak-parti-olarak-her-alanda-daha-guclu-bir-adiyaman-insa-ediyoruz-0-UA6E4hj7.jpg\"><br \/>\n&lsquo;\u015eehrin \u00e7ehresi de\u011fi\u015fecek\u2019<br \/>\nKent Meydan\u0131, Cami \u00c7evresi \u00c7ar\u015f\u0131 Projesi, Besni Meydan Projesi ve G\u00f6lba\u015f\u0131\u2019ndaki imar d\u00fczenlemeleriyle ilgili Bakan Murat Kurum\u2019un verdi\u011fi m\u00fcjdelerin, \u015fehrin \u00e7ehresini de\u011fi\u015ftirece\u011fini belirten Alkay\u0131\u015f, &ldquo;Bu projeler tamamland\u0131\u011f\u0131nda Ad\u0131yaman sadece yaralar\u0131n\u0131 sarm\u0131\u015f bir \u015fehir olmayacak; tarih, k\u00fclt\u00fcr ve ticaretin yeniden can buldu\u011fu, b\u00f6lgesine y\u00f6n veren bir merkez haline gelecek&rdquo; dedi.<\/p>\n<p>&lsquo;Yaralar\u0131 birlikte sard\u0131k\u2019<br \/>\nAlkay\u0131\u015f, s\u00f6zlerini \u015fu \u015fekilde tamamlad\u0131:<br \/>\n&ldquo;Depremin ac\u0131s\u0131n\u0131 hep birlikte ya\u015fad\u0131k, yaralar\u0131 da hep birlikte sard\u0131k. Kim bir ta\u015f koyduysa Allah ondan raz\u0131 olsun. Milletimizin dualar\u0131, Cumhurba\u015fkan\u0131m\u0131z\u0131n kararl\u0131l\u0131\u011f\u0131 ve devletimizin g\u00fcc\u00fc yan\u0131m\u0131zda oldu\u011fu s\u00fcrece s\u0131rt\u0131m\u0131z yere gelmez.&rdquo;<\/p><\/p>\n","protected":false},"excerpt":{"rendered":"<p> \u015eeriban \u00d6Z\u00c7AKMAK &#8211; AK Parti Te\u015fkilat Ba\u015fkan Yard\u0131mc\u0131s\u0131 ve Ad\u0131yaman Milletvekili Mustafa Alkay\u0131\u015f, \u00c7evre, \u015eehircilik ve \u0130klim De\u011fi\u015fikli\u011fi Bakan\u0131 Murat Kurum\u2019un Ad\u0131yaman ziyaretine ili\u015fkin de\u011ferlendirmelerde bulundu. Deprem b\u00f6lgesinde in\u015faat s\u00fcrecini ilk tamamlayan ilin Ad\u0131yaman olaca\u011f\u0131n\u0131 belirten Alkay\u0131\u015f, eyl\u00fcl ay\u0131 sonunda \u00e7al\u0131\u015fmalar\u0131n neredeyse tamamlanaca\u011f\u0131n\u0131 ve vatanda\u015flar\u0131n g\u00fcvenle yuvalar\u0131na kavu\u015faca\u011f\u0131n\u0131 ifade etti.<\/p>\n","protected":false},"author":1,"featured_media":16884,"comment_status":"open","ping_status":"open","sticky":false,"template":"","format":"standard","meta":{"om_disable_all_campaigns":false,"_monsterinsights_skip_tracking":false,"_monsterinsights_sitenote_active":false,"_monsterinsights_sitenote_note":"","_monsterinsights_sitenote_category":0,"footnotes":""},"categories":[1,11],"tags":[559,1096,540,2095,1421],"aioseo_notices":[],"_links":{"self":[{"href":"https:\/\/www.hbrkahta.com\/index.php\/wp-json\/wp\/v2\/posts\/16883"}],"collection":[{"href":"https:\/\/www.hbrkahta.com\/index.php\/wp-json\/wp\/v2\/posts"}],"about":[{"href":"https:\/\/www.hbrkahta.com\/index.php\/wp-json\/wp\/v2\/types\/post"}],"author":[{"embeddable":true,"href":"https:\/\/www.hbrkahta.com\/index.php\/wp-json\/wp\/v2\/users\/1"}],"replies":[{"embeddable":true,"href":"https:\/\/www.hbrkahta.com\/index.php\/wp-json\/wp\/v2\/comments?post=16883"}],"version-history":[{"count":1,"href":"https:\/\/www.hbrkahta.com\/index.php\/wp-json\/wp\/v2\/posts\/16883\/revisions"}],"predecessor-version":[{"id":16886,"href":"https:\/\/www.hbrkahta.com\/index.php\/wp-json\/wp\/v2\/posts\/16883\/revisions\/16886"}],"wp:featuredmedia":[{"embeddable":true,"href":"https:\/\/www.hbrkahta.com\/index.php\/wp-json\/wp\/v2\/media\/16884"}],"wp:attachment":[{"href":"https:\/\/www.hbrkahta.com\/index.php\/wp-json\/wp\/v2\/media?parent=16883"}],"wp:term":[{"taxonomy":"category","embeddable":true,"href":"https:\/\/www.hbrkahta.com\/index.php\/wp-json\/wp\/v2\/categories?post=16883"},{"taxonomy":"post_tag","embeddable":true,"href":"https:\/\/www.hbrkahta.com\/index.php\/wp-json\/wp\/v2\/tags?post=16883"}],"curies":[{"name":"wp","href":"https:\/\/api.w.org\/{rel}","templated":true}]}}