{"id":16880,"date":"2025-08-12T02:36:04","date_gmt":"2025-08-11T23:36:04","guid":{"rendered":"https:\/\/www.hbrkahta.com\/?p=16880"},"modified":"2025-08-12T02:36:04","modified_gmt":"2025-08-11T23:36:04","slug":"mali-musavir-karaaslandan-adiyamandaki-su-sorunu-hakkinda-sert-aciklama","status":"publish","type":"post","link":"https:\/\/www.hbrkahta.com\/index.php\/2025\/08\/12\/mali-musavir-karaaslandan-adiyamandaki-su-sorunu-hakkinda-sert-aciklama\/","title":{"rendered":"Mali M\u00fc\u015favir Karaaslan\u2019dan Ad\u0131yaman\u2019daki su sorunu hakk\u0131nda sert a\u00e7\u0131klama"},"content":{"rendered":"<p>&ldquo;2025, susuzlu\u011fun en a\u011f\u0131r ya\u015fand\u0131\u011f\u0131 y\u0131l&rdquo;<br \/>\nA\u00e7\u0131klamas\u0131nda 2025 y\u0131l\u0131n\u0131n Ad\u0131yaman tarihinde yaln\u0131zca s\u0131cak yaz g\u00fcnleriyle de\u011fil, susuzlu\u011fun en yak\u0131c\u0131 \u015fekilde hissedildi\u011fi y\u0131l olarak an\u0131laca\u011f\u0131n\u0131 ifade eden Karaaslan, &ldquo;Evet, suyu musluktan de\u011fil, tankerlerden almak zorunda kald\u0131k. Yanl\u0131\u015f duymuyorsunuz&rdquo; dedi.<\/p>\n<p>Karaaslan, y\u0131llard\u0131r iklim de\u011fi\u015fikli\u011fi, kurakl\u0131k ve yanl\u0131\u015f su y\u00f6netimi konular\u0131nda uyar\u0131lar yap\u0131lmas\u0131na ra\u011fmen somut ad\u0131mlar at\u0131lmad\u0131\u011f\u0131n\u0131, yer alt\u0131 su kaynaklar\u0131n\u0131n h\u0131zla azalmas\u0131na kar\u015f\u0131 yeni su kuyular\u0131 a\u00e7\u0131lmas\u0131 veya mevcut kaynaklar\u0131n korunmas\u0131 gibi \u00f6nlemlerin ertelendi\u011fini vurgulad\u0131.<\/p>\n<p>&ldquo;Sorumlu hepinizsiniz&rdquo;<br \/>\nA\u00e7\u0131klamas\u0131nda hem ge\u00e7mi\u015f hem de mevcut y\u00f6netime ele\u015ftirilerde bulunan Karaaslan, &ldquo;Su\u00e7lu, bug\u00fcne kadar bu i\u015fe \u00f6nlem almayanlar ve muhalefette iken memleketin susuz oldu\u011funu bilerek y\u00f6netime talip olup bu konuyu unutup \u00f6ncelik haline getirmeyenlerdir. Herkes topu birbirinin \u00fcst\u00fcne at\u0131yor ancak unutmay\u0131n, sorumlu hepinizsiniz. Sa\u00e7ma sapan a\u00e7\u0131klamalar ve savunmalar ile ge\u00e7i\u015ftirilmeye \u00e7al\u0131\u015f\u0131lan bir konu bu. \u0130nsanlar\u0131m\u0131z bu tart\u0131\u015fmalar\u0131 dinlemek istemiyor; biz kal\u0131c\u0131 \u00e7\u00f6z\u00fcm bekliyoruz&rdquo; ifadelerini kulland\u0131.<\/p>\n<p>&ldquo;Ge\u00e7mi\u015fte yap\u0131lmayanlar y\u00fcz\u00fcnden bug\u00fcn bu manzaray\u0131 ya\u015f\u0131yoruz&rdquo;<br \/>\nBirka\u00e7 y\u0131l \u00f6nce planl\u0131 su kuyular\u0131n\u0131n a\u00e7\u0131lmas\u0131 ve gerekli yat\u0131r\u0131mlar\u0131n yap\u0131lmas\u0131 halinde bug\u00fcn ya\u015fanan manzaran\u0131n olmayabilece\u011fini belirten Karaaslan, &ldquo;Tankerlerin \u00f6n\u00fcnde bidon s\u0131ras\u0131na giren ya\u015fl\u0131lar\u0131m\u0131z\u0131n, evinin deposunu doldurmak i\u00e7in saatlerce bekleyen ailelerin \u00e7ilesi belki hi\u00e7 olmayacakt\u0131&rdquo; dedi.<\/p>\n<p>Su sorununun yaln\u0131zca altyap\u0131 meselesi olmad\u0131\u011f\u0131n\u0131, y\u00f6netim ve \u00f6ncelik sorunu da ta\u015f\u0131d\u0131\u011f\u0131n\u0131 ifade eden Karaaslan, &ldquo;Bir \u015fehir susuz kal\u0131yorsa orada ba\u015fka hi\u00e7bir hizmetin anlam\u0131 yoktur. Yol, su, toz, toprak, \u00e7amur, \u00e7ukur, bir t\u00fcrl\u00fc evlerine ge\u00e7emeyen aileler, bitmeyen ya da bitse de teslim edilmeyen TOK\u0130 konutlar\u0131&#8230; Bug\u00fcn Ad\u0131yaman\u2019da hayat, musluktan de\u011fil, tanker hortumundan ak\u0131yor&rdquo; de\u011ferlendirmesinde bulundu.<\/p>\n<p>&ldquo;Su temel hakt\u0131r, l\u00fcks de\u011fil&rdquo;<br \/>\nKaraaslan, suyun ya\u015fam\u0131n kendisi oldu\u011funu ve temel hak olarak g\u00f6r\u00fclmesi gerekti\u011fini vurgulayarak, &ldquo;Ge\u00e7mi\u015fte yap\u0131lmayanlar i\u00e7in art\u0131k ge\u00e7 kald\u0131k ama gelece\u011fi kurtarmak i\u00e7in h&acirc;l&acirc; bir \u015fans\u0131m\u0131z var. \u015eimdi yap\u0131lmas\u0131 gereken, kal\u0131c\u0131 ve s\u00fcrd\u00fcr\u00fclebilir \u00e7\u00f6z\u00fcmleri devreye almak, suyu bir l\u00fcks de\u011fil, temel hak olarak g\u00f6rmek ve korumakt\u0131r. Bu rezaleti hak etmedik. Ama unutmayal\u0131m ki bir daha ayn\u0131 hatay\u0131 ya\u015famayal\u0131m. Ge\u00e7ici \u00e7\u00f6z\u00fcm de\u011fil, bir an \u00f6nce kal\u0131c\u0131 \u00e7\u00f6z\u00fcm bulal\u0131m. Bu halk\u0131 daha da peri\u015fan etmeyelim, tek su\u00e7umuz Ad\u0131yaman\u2019da ya\u015famak olmas\u0131n&rdquo; s\u00f6zleriyle a\u00e7\u0131klamas\u0131n\u0131 tamamlad\u0131.<\/p><\/p>\n","protected":false},"excerpt":{"rendered":"<p> G\u00fclbahar S\u00dcNG\u00dc &#8211; Ad\u0131yaman\u2019da s\u00fcregelen su kesintileri ve ya\u015fanan susuzluk sorunu, kentte kamuoyunun g\u00fcndemini me\u015fgul etmeye devam ediyor. Mali M\u00fc\u015favir Mehmet Hakan Karaaslan, yapt\u0131\u011f\u0131 yaz\u0131l\u0131 a\u00e7\u0131klamada, ya\u015fanan krizin yaln\u0131zca altyap\u0131 de\u011fil, y\u00f6netim ve \u00f6ncelik meselesi oldu\u011funu belirtti.<\/p>\n","protected":false},"author":1,"featured_media":16881,"comment_status":"open","ping_status":"open","sticky":false,"template":"","format":"standard","meta":{"om_disable_all_campaigns":false,"_monsterinsights_skip_tracking":false,"_monsterinsights_sitenote_active":false,"_monsterinsights_sitenote_note":"","_monsterinsights_sitenote_category":0,"footnotes":""},"categories":[1,11],"tags":[540,1634,2594,1189,708],"aioseo_notices":[],"_links":{"self":[{"href":"https:\/\/www.hbrkahta.com\/index.php\/wp-json\/wp\/v2\/posts\/16880"}],"collection":[{"href":"https:\/\/www.hbrkahta.com\/index.php\/wp-json\/wp\/v2\/posts"}],"about":[{"href":"https:\/\/www.hbrkahta.com\/index.php\/wp-json\/wp\/v2\/types\/post"}],"author":[{"embeddable":true,"href":"https:\/\/www.hbrkahta.com\/index.php\/wp-json\/wp\/v2\/users\/1"}],"replies":[{"embeddable":true,"href":"https:\/\/www.hbrkahta.com\/index.php\/wp-json\/wp\/v2\/comments?post=16880"}],"version-history":[{"count":1,"href":"https:\/\/www.hbrkahta.com\/index.php\/wp-json\/wp\/v2\/posts\/16880\/revisions"}],"predecessor-version":[{"id":16882,"href":"https:\/\/www.hbrkahta.com\/index.php\/wp-json\/wp\/v2\/posts\/16880\/revisions\/16882"}],"wp:featuredmedia":[{"embeddable":true,"href":"https:\/\/www.hbrkahta.com\/index.php\/wp-json\/wp\/v2\/media\/16881"}],"wp:attachment":[{"href":"https:\/\/www.hbrkahta.com\/index.php\/wp-json\/wp\/v2\/media?parent=16880"}],"wp:term":[{"taxonomy":"category","embeddable":true,"href":"https:\/\/www.hbrkahta.com\/index.php\/wp-json\/wp\/v2\/categories?post=16880"},{"taxonomy":"post_tag","embeddable":true,"href":"https:\/\/www.hbrkahta.com\/index.php\/wp-json\/wp\/v2\/tags?post=16880"}],"curies":[{"name":"wp","href":"https:\/\/api.w.org\/{rel}","templated":true}]}}