{"id":16861,"date":"2025-08-12T01:36:04","date_gmt":"2025-08-11T22:36:04","guid":{"rendered":"https:\/\/www.hbrkahta.com\/?p=16861"},"modified":"2025-08-12T01:36:04","modified_gmt":"2025-08-11T22:36:04","slug":"ak-parti-adiyaman-il-baskanligindan-dunya-temiz-nefes-gunune-ozel-doga-yuruyusu","status":"publish","type":"post","link":"https:\/\/www.hbrkahta.com\/index.php\/2025\/08\/12\/ak-parti-adiyaman-il-baskanligindan-dunya-temiz-nefes-gunune-ozel-doga-yuruyusu\/","title":{"rendered":"AK Parti Ad\u0131yaman \u0130l Ba\u015fkanl\u0131\u011f\u0131\u2019ndan D\u00fcnya Temiz Nefes G\u00fcn\u00fc\u2019ne \u00f6zel do\u011fa y\u00fcr\u00fcy\u00fc\u015f\u00fc"},"content":{"rendered":"<p>Ad\u0131yaman Karada\u011f Orman\u0131\u2019nda ger\u00e7ekle\u015ftirilen etkinli\u011fe AK Parti Ad\u0131yaman \u0130l Ba\u015fkan\u0131 Faruk B\u00fclent Kablan\u2019\u0131n yan\u0131 s\u0131ra parti te\u015fkilat\u0131n\u0131n \u00e7evre ve \u015fehircilik birimlerinden \u00e7ok say\u0131da \u00fcye kat\u0131ld\u0131.<\/p>\n<p>&lsquo;Hem sa\u011fl\u0131\u011f\u0131m\u0131za hem do\u011fam\u0131za nefes oldu\u2019<br \/>\nEtkinlik sonras\u0131 sosyal medya hesab\u0131ndan a\u00e7\u0131klama yapan \u0130l Ba\u015fkan\u0131 Kablan, kat\u0131l\u0131mc\u0131lara te\u015fekk\u00fcr ederek \u015funlar\u0131 s\u00f6yledi:<\/p>\n<p>&ldquo;D\u00fcnya Temiz Nefes G\u00fcn\u00fc kapsam\u0131nda ger\u00e7ekle\u015ftirdi\u011fimiz do\u011fa y\u00fcr\u00fcy\u00fc\u015f\u00fcnde bizleri yaln\u0131z b\u0131rakmayan, birlik ve beraberli\u011fimize g\u00fc\u00e7 katan t\u00fcm g\u00f6n\u00fcl dostlar\u0131m\u0131za g\u00f6n\u00fclden te\u015fekk\u00fcr ediyorum. Att\u0131\u011f\u0131m\u0131z her ad\u0131m, hem sa\u011fl\u0131\u011f\u0131m\u0131za hem de do\u011fam\u0131za nefes oldu. G\u00fczel enerjiniz ve samimiyetinizle bu anlaml\u0131 g\u00fcn\u00fc daha da \u00f6zel k\u0131ld\u0131n\u0131z.&rdquo;<\/p>\n<p>Etkinlik boyunca kat\u0131l\u0131mc\u0131lar Karada\u011f Orman\u0131\u2019n\u0131n do\u011fal g\u00fczellikleri e\u015fli\u011finde y\u00fcr\u00fcy\u00fc\u015f yaparken, \u00e7evre temizli\u011fine de katk\u0131da bulundu.<\/p>\n<p>D\u00fcnya Temiz Nefes G\u00fcn\u00fc nedir?<br \/>\nD\u00fcnya Temiz Nefes G\u00fcn\u00fc, temiz hava hakk\u0131na dikkat \u00e7ekmek, hava kirlili\u011finin insan sa\u011fl\u0131\u011f\u0131 ve ekosistem \u00fczerindeki olumsuz etkilerine kar\u015f\u0131 fark\u0131ndal\u0131k olu\u015fturmak amac\u0131yla her y\u0131l \u00e7e\u015fitli etkinliklerle kutlanan \u00f6zel bir g\u00fcnd\u00fcr. Bu g\u00fcnde do\u011fa y\u00fcr\u00fcy\u00fc\u015fleri, \u00e7evre temizli\u011fi kampanyalar\u0131 ve hava kirlili\u011fine kar\u015f\u0131 bilin\u00e7lendirme \u00e7al\u0131\u015fmalar\u0131 yap\u0131l\u0131r.<\/p><\/p>\n","protected":false},"excerpt":{"rendered":"<p> \u015eeriban \u00d6Z\u00c7AKMAK &#8211; AK Parti Ad\u0131yaman \u0130l Ba\u015fkanl\u0131\u011f\u0131, \u00e7evre bilincini art\u0131rmak ve do\u011fay\u0131 koruma konusunda fark\u0131ndal\u0131k olu\u015fturmak amac\u0131yla \u201cD\u00fcnya Temiz Nefes G\u00fcn\u00fc\u201d kapsam\u0131nda do\u011fa y\u00fcr\u00fcy\u00fc\u015f\u00fc d\u00fczenledi.<\/p>\n","protected":false},"author":1,"featured_media":16862,"comment_status":"open","ping_status":"open","sticky":false,"template":"","format":"standard","meta":{"om_disable_all_campaigns":false,"_monsterinsights_skip_tracking":false,"_monsterinsights_sitenote_active":false,"_monsterinsights_sitenote_note":"","_monsterinsights_sitenote_category":0,"footnotes":""},"categories":[1,11],"tags":[909,2593,830],"aioseo_notices":[],"_links":{"self":[{"href":"https:\/\/www.hbrkahta.com\/index.php\/wp-json\/wp\/v2\/posts\/16861"}],"collection":[{"href":"https:\/\/www.hbrkahta.com\/index.php\/wp-json\/wp\/v2\/posts"}],"about":[{"href":"https:\/\/www.hbrkahta.com\/index.php\/wp-json\/wp\/v2\/types\/post"}],"author":[{"embeddable":true,"href":"https:\/\/www.hbrkahta.com\/index.php\/wp-json\/wp\/v2\/users\/1"}],"replies":[{"embeddable":true,"href":"https:\/\/www.hbrkahta.com\/index.php\/wp-json\/wp\/v2\/comments?post=16861"}],"version-history":[{"count":1,"href":"https:\/\/www.hbrkahta.com\/index.php\/wp-json\/wp\/v2\/posts\/16861\/revisions"}],"predecessor-version":[{"id":16863,"href":"https:\/\/www.hbrkahta.com\/index.php\/wp-json\/wp\/v2\/posts\/16861\/revisions\/16863"}],"wp:featuredmedia":[{"embeddable":true,"href":"https:\/\/www.hbrkahta.com\/index.php\/wp-json\/wp\/v2\/media\/16862"}],"wp:attachment":[{"href":"https:\/\/www.hbrkahta.com\/index.php\/wp-json\/wp\/v2\/media?parent=16861"}],"wp:term":[{"taxonomy":"category","embeddable":true,"href":"https:\/\/www.hbrkahta.com\/index.php\/wp-json\/wp\/v2\/categories?post=16861"},{"taxonomy":"post_tag","embeddable":true,"href":"https:\/\/www.hbrkahta.com\/index.php\/wp-json\/wp\/v2\/tags?post=16861"}],"curies":[{"name":"wp","href":"https:\/\/api.w.org\/{rel}","templated":true}]}}