{"id":16858,"date":"2025-08-12T01:24:04","date_gmt":"2025-08-11T22:24:04","guid":{"rendered":"https:\/\/www.hbrkahta.com\/?p=16858"},"modified":"2025-08-12T01:24:04","modified_gmt":"2025-08-11T22:24:04","slug":"ak-parti-il-baskani-kablandan-baskan-tutdereye-su-krizi-cagrisi","status":"publish","type":"post","link":"https:\/\/www.hbrkahta.com\/index.php\/2025\/08\/12\/ak-parti-il-baskani-kablandan-baskan-tutdereye-su-krizi-cagrisi\/","title":{"rendered":"AK Parti \u0130l Ba\u015fkan\u0131 Kablan\u2019dan Ba\u015fkan Tutdere\u2019ye \u2018su krizi\u2019 \u00e7a\u011fr\u0131s\u0131"},"content":{"rendered":"<p>Bir televizyon program\u0131na konuk olan Kablan, Emlak Konut taraf\u0131ndan y\u00fcr\u00fct\u00fclen altyap\u0131 ve su ba\u011flant\u0131 \u00e7al\u0131\u015fmalar\u0131n\u0131n belediye hizmeti gibi yans\u0131t\u0131ld\u0131\u011f\u0131n\u0131 \u00f6ne s\u00fcrd\u00fc. &ldquo;Ortada bir ortak \u00e7al\u0131\u015fma yok. Belediye bu s\u00fcre\u00e7te sahada yoktu.&rdquo; diyen Kablan, bu durumu kamuoyunu yan\u0131ltmaya y\u00f6nelik bir alg\u0131 y\u00f6netimi olarak de\u011ferlendirdi.<\/p>\n<p>&ldquo;Ad\u0131yaman halk\u0131 alg\u0131 de\u011fil, \u00e7\u00f6z\u00fcm bekliyor&rdquo;<br \/>\nKablan, Ad\u0131yaman\u2019da su sorununa y\u00f6nelik yap\u0131lan a\u00e7\u0131klamalar\u0131n ger\u00e7e\u011fi tam olarak yans\u0131tmad\u0131\u011f\u0131n\u0131 belirterek \u015funlar\u0131 s\u00f6yledi:<br \/>\n&ldquo;Ad\u0131yaman halk\u0131n\u0131n ihtiyac\u0131, sosyal medya payla\u015f\u0131mlar\u0131yla alg\u0131 olu\u015fturmak de\u011fil, sahada somut hizmet g\u00f6rmektir. Emlak Konut taraf\u0131ndan y\u00fcr\u00fct\u00fclen \u00e7al\u0131\u015fmalar\u0131n belediye hizmeti gibi g\u00f6sterilmesi do\u011fru de\u011fildir. \u015eehrin su sorununu \u00e7\u00f6zmek i\u00e7in kurumlar aras\u0131 i\u015f birli\u011fi elbette \u00f6nemlidir; ancak bunun do\u011fru ve \u015feffaf \u015fekilde ifade edilmesi gerekir. Ad\u0131yaman halk\u0131 alg\u0131 de\u011fil, ger\u00e7ek hizmet bekliyor.&rdquo;<\/p>\n<p>Kablan, belediyenin ya\u015fanan krizde aktif bir rol \u00fcstlenmedi\u011fini savunarak, &ldquo;Ortada bir ortak \u00e7al\u0131\u015fma yok. Belediye bu s\u00fcre\u00e7te sahada yoktu.&rdquo; ifadelerini tekrarlad\u0131.<\/p>\n<p>&ldquo;Krizler i\u015f birli\u011fiyle a\u015f\u0131lmal\u0131&rdquo;<br \/>\nAK Parti \u0130l Ba\u015fkan\u0131 Kablan, su sorununun \u00e7\u00f6z\u00fcm\u00fcn\u00fcn t\u00fcm kurumlar\u0131n koordineli \u00e7al\u0131\u015fmas\u0131yla m\u00fcmk\u00fcn oldu\u011funu vurgulad\u0131. Sorunun b\u00fcy\u00fcmeden kal\u0131c\u0131 \u00e7\u00f6z\u00fcme kavu\u015fmas\u0131 i\u00e7in merkezi idare ile yerel y\u00f6netimlerin ortak hareket etmesi gerekti\u011fini belirten Kablan, bu s\u00fcre\u00e7te siyasi tart\u0131\u015fmalar yerine halk\u0131n ma\u011fduriyetinin giderilmesine odaklan\u0131lmas\u0131 gerekti\u011fini ifade etti.<\/p>\n<p>Ad\u0131yaman\u2019da, kentin i\u00e7me suyu ihtiyac\u0131n\u0131n \u00f6nemli bir b\u00f6l\u00fcm\u00fcn\u00fc kar\u015f\u0131layan Hav\u015feri \u0130sale Hatt\u0131\u2019nda ge\u00e7ti\u011fimiz g\u00fcnlerde ya\u015fanan ar\u0131za nedeniyle geni\u015f \u00e7apl\u0131 su kesintileri olmu\u015f, onar\u0131m \u00e7al\u0131\u015fmalar\u0131n\u0131n ard\u0131ndan d\u00f6n\u00fc\u015f\u00fcml\u00fc su da\u011f\u0131t\u0131m\u0131na ba\u015flanm\u0131\u015ft\u0131.<\/p><\/p>\n","protected":false},"excerpt":{"rendered":"<p> Fatma Didar YILDIRIM \u2013 AK Parti Ad\u0131yaman \u0130l Ba\u015fkan\u0131 Faruk B\u00fclent Kablan, kentte g\u00fcnlerdir devam eden i\u00e7me suyu kesintileri ve yap\u0131lan \u00e7al\u0131\u015fmalarla ilgili de\u011ferlendirmelerde bulundu. Kablan, belediyenin kamuoyunu bilgilendirme \u015feklini ele\u015ftirerek, s\u00fcrecin \u015feffaf \u015fekilde y\u00fcr\u00fct\u00fclmesi gerekti\u011fini s\u00f6yledi.<\/p>\n","protected":false},"author":1,"featured_media":16859,"comment_status":"open","ping_status":"open","sticky":false,"template":"","format":"standard","meta":{"om_disable_all_campaigns":false,"_monsterinsights_skip_tracking":false,"_monsterinsights_sitenote_active":false,"_monsterinsights_sitenote_note":"","_monsterinsights_sitenote_category":0,"footnotes":""},"categories":[1,11],"tags":[559,295,540,239,1128],"aioseo_notices":[],"_links":{"self":[{"href":"https:\/\/www.hbrkahta.com\/index.php\/wp-json\/wp\/v2\/posts\/16858"}],"collection":[{"href":"https:\/\/www.hbrkahta.com\/index.php\/wp-json\/wp\/v2\/posts"}],"about":[{"href":"https:\/\/www.hbrkahta.com\/index.php\/wp-json\/wp\/v2\/types\/post"}],"author":[{"embeddable":true,"href":"https:\/\/www.hbrkahta.com\/index.php\/wp-json\/wp\/v2\/users\/1"}],"replies":[{"embeddable":true,"href":"https:\/\/www.hbrkahta.com\/index.php\/wp-json\/wp\/v2\/comments?post=16858"}],"version-history":[{"count":1,"href":"https:\/\/www.hbrkahta.com\/index.php\/wp-json\/wp\/v2\/posts\/16858\/revisions"}],"predecessor-version":[{"id":16860,"href":"https:\/\/www.hbrkahta.com\/index.php\/wp-json\/wp\/v2\/posts\/16858\/revisions\/16860"}],"wp:featuredmedia":[{"embeddable":true,"href":"https:\/\/www.hbrkahta.com\/index.php\/wp-json\/wp\/v2\/media\/16859"}],"wp:attachment":[{"href":"https:\/\/www.hbrkahta.com\/index.php\/wp-json\/wp\/v2\/media?parent=16858"}],"wp:term":[{"taxonomy":"category","embeddable":true,"href":"https:\/\/www.hbrkahta.com\/index.php\/wp-json\/wp\/v2\/categories?post=16858"},{"taxonomy":"post_tag","embeddable":true,"href":"https:\/\/www.hbrkahta.com\/index.php\/wp-json\/wp\/v2\/tags?post=16858"}],"curies":[{"name":"wp","href":"https:\/\/api.w.org\/{rel}","templated":true}]}}