{"id":16846,"date":"2025-08-12T00:48:07","date_gmt":"2025-08-11T21:48:07","guid":{"rendered":"https:\/\/www.hbrkahta.com\/?p=16846"},"modified":"2025-08-12T00:48:07","modified_gmt":"2025-08-11T21:48:07","slug":"adiyamandaki-39-stkdan-merkez-carsi-projesi-cagrisi","status":"publish","type":"post","link":"https:\/\/www.hbrkahta.com\/index.php\/2025\/08\/12\/adiyamandaki-39-stkdan-merkez-carsi-projesi-cagrisi\/","title":{"rendered":"Ad\u0131yaman\u2019daki 39 STK\u2019dan \u2018Merkez \u00c7ar\u015f\u0131 Projesi\u2019 \u00c7a\u011fr\u0131s\u0131"},"content":{"rendered":"<p>Aralar\u0131nda Ad\u0131yaman Ticaret ve Sanayi Odas\u0131, Esnaf ve Sanatk&acirc;rlar Odalar\u0131 Birli\u011fi, Ticaret Borsas\u0131, M\u00dcS\u0130AD, Baro, Ziraat Odas\u0131, TMMOB \u0130l Koordinasyon Kurulu ve \u00e7e\u015fitli meslek odalar\u0131n\u0131n bulundu\u011fu 39 STK, projeden vazge\u00e7ilmemesi i\u00e7in ortak bir \u00e7a\u011fr\u0131 a\u00e7\u0131klamas\u0131 yapt\u0131.<br \/>\n<img decoding=\"async\" alt=\"\" src=\"https:\/\/www.hbrkahta.com\/wp-content\/uploads\/2025\/08\/adiyamandaki-39-stkdan-merkez-carsi-projesi-cagrisi-0-MnXrlk1C.jpg\"><br \/>\nSTK\u2019lar taraf\u0131ndan Bakan Murat Kurum\u2019a hitaben haz\u0131rlanan a\u00e7\u0131klamada, Merkez \u00c7ar\u015f\u0131 Projesi\u2019nin yaln\u0131zca bir kentsel d\u00f6n\u00fc\u015f\u00fcm \u00e7al\u0131\u015fmas\u0131 olmad\u0131\u011f\u0131, ayn\u0131 zamanda Ad\u0131yaman\u2019\u0131n sosyal dokusunun korunmas\u0131 ve ekonomik hayat\u0131n canlanmas\u0131 i\u00e7in hayati \u00f6neme sahip oldu\u011fu vurguland\u0131. A\u00e7\u0131klamada \u015fu ifadelere yer verildi:<\/p>\n<p>&ldquo;Deprem sonras\u0131 toparlanman\u0131n bir sembol\u00fc olan bu proje, \u015fehir kimli\u011finin korunmas\u0131 ad\u0131na kritik \u00f6nemde bir ad\u0131md\u0131r. Esnaf\u0131n yeniden aya\u011fa kalkmas\u0131 ve istihdam\u0131n canlanmas\u0131 i\u00e7in b\u00fcy\u00fck bir f\u0131rsatt\u0131r. Ad\u0131yaman\u2019\u0131n gelece\u011fi a\u00e7\u0131s\u0131ndan b\u00fcy\u00fck \u00f6nem arz eden bu projenin, siyasi g\u00f6r\u00fc\u015f, bireysel menfaat ya da b\u00fcrokratik engellere tak\u0131lmadan tamamlanmas\u0131 kal\u0131c\u0131 bir \u015fehirle\u015fme modeli a\u00e7\u0131s\u0131ndan \u00f6rnek te\u015fkil edecektir.&rdquo;<br \/>\n<img decoding=\"async\" alt=\"\" src=\"https:\/\/www.hbrkahta.com\/wp-content\/uploads\/2025\/08\/adiyamandaki-39-stkdan-merkez-carsi-projesi-cagrisi-1-KHgFgY7m.jpg\"><br \/>\nSTK temsilcileri, kamuoyunda dile getirilen iptal s\u00f6ylentilerinin vatanda\u015flar aras\u0131nda endi\u015fe yaratt\u0131\u011f\u0131n\u0131 belirterek, &ldquo;Projeyi planland\u0131\u011f\u0131 \u015fekilde hayata ge\u00e7irmek i\u00e7in Ad\u0131yaman halk\u0131 olarak kararl\u0131y\u0131z&rdquo; mesaj\u0131n\u0131 verdi.<\/p>\n<p>Bakan Kurum\u2019a Dosya Sunuldu<br \/>\n\u00c7evre, \u015eehircilik ve \u0130klim De\u011fi\u015fikli\u011fi Bakan\u0131 Murat Kurum, Ad\u0131yaman ziyaretinde Besni, G\u00f6lba\u015f\u0131 ve merkezdeki \u00e7e\u015fitli temaslar\u0131n\u0131n ard\u0131ndan STK temsilcileriyle bir araya geldi. G\u00f6r\u00fc\u015fmede Ad\u0131yaman Ticaret ve Sanayi Odas\u0131 Ba\u015fkan\u0131 Mehmet Toruno\u011flu, 39 STK ba\u015fkan\u0131n\u0131 temsilen, projenin yaln\u0131zca 1. Etap ile s\u0131n\u0131rl\u0131 kalmamas\u0131, kalan k\u0131s\u0131mlar\u0131n\u0131n da hayata ge\u00e7irilmesinin \u015fehrin gelece\u011fi a\u00e7\u0131s\u0131ndan zorunlu oldu\u011funu dile getirdi.<\/p>\n<p>Toruno\u011flu, Bakan Kurum\u2019a ortak imzal\u0131 talep dosyas\u0131n\u0131 sundu ve &ldquo;Bu proje Ad\u0131yaman\u2019\u0131n kalbi olacak. T\u00fcm etaplar\u0131n\u0131n tamamlanmas\u0131, hem esnaf\u0131n hem de vatanda\u015flar\u0131m\u0131z\u0131n yarar\u0131nad\u0131r&rdquo; dedi.<\/p>\n<p>STK\u2019lar\u0131n Ortak \u0130mzas\u0131<br \/>\n\u00c7a\u011fr\u0131 a\u00e7\u0131klamas\u0131nda imzas\u0131 bulunan 39 kurulu\u015f aras\u0131nda \u015funlar yer ald\u0131:<\/p>\n<p>Ad\u0131yaman Ticaret ve Sanayi Odas\u0131 Ba\u015fkanl\u0131\u011f\u0131<br \/>\nAd\u0131yaman Esnaf ve Sanatkarlar Odalar\u0131 Birli\u011fi Ba\u015fkanl\u0131\u011f\u0131<br \/>\nAd\u0131yaman Ticaret Borsas\u0131 Ba\u015fkanl\u0131\u011f\u0131<br \/>\nAd\u0131yaman Organize Sanayi B\u00f6lgesi Ba\u015fkanl\u0131\u011f\u0131<br \/>\nAd\u0131yaman Baro Ba\u015fkanl\u0131\u011f\u0131<br \/>\nAd\u0131yaman Ziraat Odas\u0131 Ba\u015fkanl\u0131\u011f\u0131<br \/>\nAd\u0131yaman SMMM Odas\u0131 Ba\u015fkanl\u0131\u011f\u0131<br \/>\nAd\u0131yaman Esnaf ve Sanatkarlar Kredi ve Kefalet Kooperatifi Ba\u015fkanl\u0131\u011f\u0131<br \/>\nYeni Ad\u0131yaman Esnaf ve Sanatkarlar Kredi Kefalet Kooperatifi Ba\u015fkanl\u0131\u011f\u0131<br \/>\nG\u00fcney Ad\u0131yaman Esnaf ve Sanatkarlar Kredi Kefalet Kooperatifi Ba\u015fkanl\u0131\u011f\u0131<br \/>\nTMMOB Ad\u0131yaman \u0130l Koordinasyon Kurulu<br \/>\nM\u00dcS\u0130AD Ad\u0131yaman Ba\u015fkanl\u0131\u011f\u0131<br \/>\nASKON Ad\u0131yaman \u015eube Ba\u015fkanl\u0131\u011f\u0131<br \/>\nAhilik ve Dostluk Konfederasyonu Ba\u015fkanl\u0131\u011f\u0131<br \/>\nAd\u0131yaman Muhtarlar Federasyonu Ba\u015fkanl\u0131\u011f\u0131<br \/>\nAd\u0131yaman Muhtarlar Derne\u011fi Ba\u015fkanl\u0131\u011f\u0131<br \/>\nAd\u0131yaman Ula\u015ft\u0131rma Hizmetleri Esnaf Odas\u0131 Ba\u015fkanl\u0131\u011f\u0131<br \/>\nAd\u0131yaman Marangozlar ve Mobilyac\u0131lar Esnaf Odas\u0131 Ba\u015fkanl\u0131\u011f\u0131<br \/>\nAd\u0131yaman \u0130n\u015faat\u00e7\u0131lar Odas\u0131 Ba\u015fkanl\u0131\u011f\u0131<br \/>\nAd\u0131yaman Manifaturac\u0131lar Odas\u0131 Ba\u015fkanl\u0131\u011f\u0131<br \/>\nAd\u0131yaman Kahveciler ve \u00c7ayc\u0131lar Esnaf Odas\u0131 Ba\u015fkanl\u0131\u011f\u0131<br \/>\nAd\u0131yaman Pazarc\u0131lar Derne\u011fi Ba\u015fkanl\u0131\u011f\u0131<br \/>\nAd\u0131yaman Meyve Sebze Komisyoncular\u0131 Esnaf Odas\u0131 Ba\u015fkanl\u0131\u011f\u0131<br \/>\nAd\u0131yaman Berberler ve Kuaf\u00f6rler Odas\u0131 Ba\u015fkanl\u0131\u011f\u0131<br \/>\nAd\u0131yaman Lokantac\u0131lar ve Tatl\u0131c\u0131lar Esnaf Odas\u0131 Ba\u015fkanl\u0131\u011f\u0131<br \/>\nAd\u0131yaman Kasaplar ve Celepler Esnaf Odas\u0131 Ba\u015fkanl\u0131\u011f\u0131<br \/>\nAd\u0131yaman Minib\u00fcs\u00e7\u00fcler Odas\u0131 Ba\u015fkanl\u0131\u011f\u0131<br \/>\nAd\u0131yaman \u015eof\u00f6rler ve Otomobilciler Esnaf Odas\u0131 Ba\u015fkanl\u0131\u011f\u0131<br \/>\nAd\u0131yaman Bakkallar ve Bayiler Odas\u0131 Ba\u015fkanl\u0131\u011f\u0131<br \/>\nAd\u0131yaman Oto Sanatk&acirc;rlar\u0131 Odas\u0131 Ba\u015fkanl\u0131\u011f\u0131<br \/>\nAd\u0131yaman Sobac\u0131lar ve Do\u011framac\u0131lar Esnaf Odas\u0131 Ba\u015fkanl\u0131\u011f\u0131<br \/>\nAd\u0131yaman Demirciler ve Tornac\u0131lar Odas\u0131 Ba\u015fkanl\u0131\u011f\u0131<br \/>\nAd\u0131yaman Hal\u0131c\u0131lar ve Mobilyac\u0131lar Odas\u0131 Ba\u015fkanl\u0131\u011f\u0131<br \/>\nAd\u0131yaman Foto\u011fraf\u00e7\u0131lar Odas\u0131 Ba\u015fkanl\u0131\u011f\u0131<br \/>\nAd\u0131yaman Manavlar Odas\u0131 Ba\u015fkanl\u0131\u011f\u0131<br \/>\nAd\u0131yaman Pastac\u0131lar ve Tatl\u0131c\u0131lar Derne\u011fi Ba\u015fkanl\u0131\u011f\u0131<br \/>\nAd\u0131yaman Pideciler Odas\u0131 Ba\u015fkanl\u0131\u011f\u0131<\/p>\n<p>STK temsilcileri, destek \u00e7a\u011fr\u0131lar\u0131n\u0131 yineleyerek &ldquo;Ad\u0131yaman halk\u0131n\u0131n yan\u0131nda durun, bu projeye sahip \u00e7\u0131k\u0131n&rdquo; mesaj\u0131n\u0131 tekrarlad\u0131.<\/p><\/p>\n","protected":false},"excerpt":{"rendered":"<p> \u015eeriban \u00d6Z\u00c7AKMAK &#8211; Ad\u0131yaman\u2019da 6 \u015eubat depreminin ard\u0131ndan \u015fehir merkezinin yeniden aya\u011fa kald\u0131r\u0131lmas\u0131 amac\u0131yla \u00c7evre, \u015eehircilik ve \u0130klim De\u011fi\u015fikli\u011fi Bakanl\u0131\u011f\u0131 himayesinde ba\u015flat\u0131lan Ad\u0131yaman Merkez \u00c7ar\u015f\u0131 Projesi hakk\u0131nda son g\u00fcnlerde ortaya at\u0131lan iptal iddialar\u0131, kentteki sivil toplum kurulu\u015flar\u0131n\u0131 harekete ge\u00e7irdi.<\/p>\n","protected":false},"author":1,"featured_media":16847,"comment_status":"open","ping_status":"open","sticky":false,"template":"","format":"standard","meta":{"om_disable_all_campaigns":false,"_monsterinsights_skip_tracking":false,"_monsterinsights_sitenote_active":false,"_monsterinsights_sitenote_note":"","_monsterinsights_sitenote_category":0,"footnotes":""},"categories":[1,11],"tags":[559,2591,540,2590,201],"aioseo_notices":[],"_links":{"self":[{"href":"https:\/\/www.hbrkahta.com\/index.php\/wp-json\/wp\/v2\/posts\/16846"}],"collection":[{"href":"https:\/\/www.hbrkahta.com\/index.php\/wp-json\/wp\/v2\/posts"}],"about":[{"href":"https:\/\/www.hbrkahta.com\/index.php\/wp-json\/wp\/v2\/types\/post"}],"author":[{"embeddable":true,"href":"https:\/\/www.hbrkahta.com\/index.php\/wp-json\/wp\/v2\/users\/1"}],"replies":[{"embeddable":true,"href":"https:\/\/www.hbrkahta.com\/index.php\/wp-json\/wp\/v2\/comments?post=16846"}],"version-history":[{"count":1,"href":"https:\/\/www.hbrkahta.com\/index.php\/wp-json\/wp\/v2\/posts\/16846\/revisions"}],"predecessor-version":[{"id":16850,"href":"https:\/\/www.hbrkahta.com\/index.php\/wp-json\/wp\/v2\/posts\/16846\/revisions\/16850"}],"wp:featuredmedia":[{"embeddable":true,"href":"https:\/\/www.hbrkahta.com\/index.php\/wp-json\/wp\/v2\/media\/16847"}],"wp:attachment":[{"href":"https:\/\/www.hbrkahta.com\/index.php\/wp-json\/wp\/v2\/media?parent=16846"}],"wp:term":[{"taxonomy":"category","embeddable":true,"href":"https:\/\/www.hbrkahta.com\/index.php\/wp-json\/wp\/v2\/categories?post=16846"},{"taxonomy":"post_tag","embeddable":true,"href":"https:\/\/www.hbrkahta.com\/index.php\/wp-json\/wp\/v2\/tags?post=16846"}],"curies":[{"name":"wp","href":"https:\/\/api.w.org\/{rel}","templated":true}]}}