{"id":16843,"date":"2025-08-12T00:36:04","date_gmt":"2025-08-11T21:36:04","guid":{"rendered":"https:\/\/www.hbrkahta.com\/?p=16843"},"modified":"2025-08-12T00:36:04","modified_gmt":"2025-08-11T21:36:04","slug":"deva-partisi-il-baskani-anac-gazze-isgal-plani-insanliga-karsi-acilmis-bir-savastir","status":"publish","type":"post","link":"https:\/\/www.hbrkahta.com\/index.php\/2025\/08\/12\/deva-partisi-il-baskani-anac-gazze-isgal-plani-insanliga-karsi-acilmis-bir-savastir\/","title":{"rendered":"DEVA Partisi \u0130l Ba\u015fkan\u0131 Ana\u00e7: \u2018Gazze i\u015fgal plan\u0131, insanl\u0131\u011fa kar\u015f\u0131 a\u00e7\u0131lm\u0131\u015f bir sava\u015ft\u0131r\u2019"},"content":{"rendered":"<p>Gazze halk\u0131n\u0131n a\u00e7l\u0131\u011fa, yoksullu\u011fa ve s\u00fcrg\u00fcne mahk&ucirc;m edilmek istendi\u011fini ifade eden Ana\u00e7, &ldquo;Bug\u00fcn susan, yar\u0131n bu utanc\u0131n orta\u011f\u0131 olacakt\u0131r&rdquo; diyerek uluslararas\u0131 kurulu\u015flara acil ve somut ad\u0131mlar atma \u00e7a\u011fr\u0131s\u0131nda bulundu.<\/p>\n<p>Ana\u00e7, &ldquo;Gazze yaln\u0131z de\u011fildir. Filistin halk\u0131n\u0131n onurlu direni\u015fi, insanl\u0131\u011f\u0131n ortak vicdan\u0131d\u0131r. \u0130\u015fgale kar\u015f\u0131 sesini y\u00fckseltmeyen her ki\u015fi ve kurum, bu karanl\u0131k sayfan\u0131n ortaklar\u0131 aras\u0131nda yer alacakt\u0131r&rdquo; dedi. Ayr\u0131ca h\u00fck\u00fcmete seslenen Ana\u00e7, &ldquo;S\u00f6z ile de\u011fil, eyleme ge\u00e7ip somut ve kal\u0131c\u0131 \u00e7\u00f6z\u00fcmler \u00fcretmesini bekliyoruz&rdquo; ifadelerini kulland\u0131.<\/p>\n<p>Son Geli\u015fmeler<br \/>\n\u0130srail G\u00fcvenlik Kabinesi onaylad\u0131<br \/>\n\u0130srail G\u00fcvenlik Kabinesi, Gazze \u015eehri\u2019ni kontrol alt\u0131na alma plan\u0131n\u0131 resmen onaylad\u0131. Plan kapsam\u0131nda Gazze \u015eehri\u2019nin idaresi ele ge\u00e7irilecek, Hamas etkisinden uzak yeni bir y\u00f6netim olu\u015fturulacak ve sivillerin kuzeye tahliyesi sa\u011flanacak.<\/p>\n<p>Uluslararas\u0131 k\u0131nama ve yapt\u0131r\u0131mlar<br \/>\nAlmanya ve Hollanda ba\u015fta olmak \u00fczere bir\u00e7ok \u00fclke, \u0130srail\u2019e y\u00f6nelik silah ambargosu karar\u0131 ald\u0131. Birle\u015fmi\u015f Milletler ve Avrupa Birli\u011fi, bu ad\u0131m\u0131 &ldquo;tehlikeli bir t\u0131rman\u0131\u015f&rdquo; olarak nitelendirdi.<\/p>\n<p>Askeri haz\u0131rl\u0131k art\u0131yor<br \/>\n\u0130srail\u2019in s\u0131n\u0131r b\u00f6lgelerine askeri y\u0131\u011f\u0131nak yapt\u0131\u011f\u0131, \u00e7ok say\u0131da asker ve z\u0131rhl\u0131 arac\u0131n konu\u015fland\u0131r\u0131ld\u0131\u011f\u0131 g\u00f6zlendi. Bu hareket, geni\u015f \u00e7apl\u0131 bir kara harek&acirc;t\u0131n\u0131n habercisi olarak de\u011ferlendiriliyor.<\/p>\n<p>Ordu ve h\u00fck\u00fcmet aras\u0131nda gerginlik<br \/>\n\u0130srail Kara Kuvvetleri Komutan\u0131 Eyal Zamir, plan\u0131n rehineleri tehlikeye att\u0131\u011f\u0131n\u0131 ve ordunun mevcut ko\u015fullarda zorland\u0131\u011f\u0131n\u0131 belirterek ele\u015ftirilerde bulundu. Bu durum, Netanyahu h\u00fck\u00fcmeti ile ordu y\u00f6netimi aras\u0131nda ciddi g\u00f6r\u00fc\u015f ayr\u0131l\u0131klar\u0131na yol a\u00e7t\u0131.<\/p><\/p>\n","protected":false},"excerpt":{"rendered":"<p> Fatma Didar YILDIRIM &#8211; DEVA Partisi Ad\u0131yaman \u0130l Ba\u015fkan\u0131 Mehmet Ana\u00e7, \u0130srail\u2019in Gazze\u2019ye y\u00f6nelik i\u015fgal plan\u0131n\u0131 sert s\u00f6zlerle ele\u015ftirdi. Ana\u00e7, bu eylemin uluslararas\u0131 hukuka, insan haklar\u0131na ve temel insani de\u011ferlere ayk\u0131r\u0131 oldu\u011funu belirterek, \u201ctarihe kara bir leke olarak ge\u00e7ecek yeni bir soyk\u0131r\u0131m hamlesi\u201d oldu\u011funu vurgulad\u0131.<\/p>\n","protected":false},"author":1,"featured_media":16844,"comment_status":"open","ping_status":"open","sticky":false,"template":"","format":"standard","meta":{"om_disable_all_campaigns":false,"_monsterinsights_skip_tracking":false,"_monsterinsights_sitenote_active":false,"_monsterinsights_sitenote_note":"","_monsterinsights_sitenote_category":0,"footnotes":""},"categories":[1,11],"tags":[540,172],"aioseo_notices":[],"_links":{"self":[{"href":"https:\/\/www.hbrkahta.com\/index.php\/wp-json\/wp\/v2\/posts\/16843"}],"collection":[{"href":"https:\/\/www.hbrkahta.com\/index.php\/wp-json\/wp\/v2\/posts"}],"about":[{"href":"https:\/\/www.hbrkahta.com\/index.php\/wp-json\/wp\/v2\/types\/post"}],"author":[{"embeddable":true,"href":"https:\/\/www.hbrkahta.com\/index.php\/wp-json\/wp\/v2\/users\/1"}],"replies":[{"embeddable":true,"href":"https:\/\/www.hbrkahta.com\/index.php\/wp-json\/wp\/v2\/comments?post=16843"}],"version-history":[{"count":1,"href":"https:\/\/www.hbrkahta.com\/index.php\/wp-json\/wp\/v2\/posts\/16843\/revisions"}],"predecessor-version":[{"id":16845,"href":"https:\/\/www.hbrkahta.com\/index.php\/wp-json\/wp\/v2\/posts\/16843\/revisions\/16845"}],"wp:featuredmedia":[{"embeddable":true,"href":"https:\/\/www.hbrkahta.com\/index.php\/wp-json\/wp\/v2\/media\/16844"}],"wp:attachment":[{"href":"https:\/\/www.hbrkahta.com\/index.php\/wp-json\/wp\/v2\/media?parent=16843"}],"wp:term":[{"taxonomy":"category","embeddable":true,"href":"https:\/\/www.hbrkahta.com\/index.php\/wp-json\/wp\/v2\/categories?post=16843"},{"taxonomy":"post_tag","embeddable":true,"href":"https:\/\/www.hbrkahta.com\/index.php\/wp-json\/wp\/v2\/tags?post=16843"}],"curies":[{"name":"wp","href":"https:\/\/api.w.org\/{rel}","templated":true}]}}