{"id":16835,"date":"2025-08-12T00:12:05","date_gmt":"2025-08-11T21:12:05","guid":{"rendered":"https:\/\/www.hbrkahta.com\/?p=16835"},"modified":"2025-08-12T00:12:05","modified_gmt":"2025-08-11T21:12:05","slug":"bakan-kurum-besnili-vatandaslarla-bulustu-projeleri-yerinde-inceledi","status":"publish","type":"post","link":"https:\/\/www.hbrkahta.com\/index.php\/2025\/08\/12\/bakan-kurum-besnili-vatandaslarla-bulustu-projeleri-yerinde-inceledi\/","title":{"rendered":"Bakan Kurum, Besnili vatanda\u015flarla bulu\u015ftu, projeleri yerinde inceledi"},"content":{"rendered":"<p>Bakan Kurum\u2019a ziyaretlerinde Ad\u0131yaman Valisi Osman Varol, AK Parti Ad\u0131yaman Milletvekilleri H\u00fcseyin \u00d6zhan, \u0130shak \u015ean ve Mustafa Alkay\u0131\u015f, Besni Kaymakam\u0131 Ahmet O\u011fuz Aslan, Belediye Ba\u015fkan\u0131 Re\u015fit Alkan ile kurum m\u00fcd\u00fcrleri ve partililer e\u015flik etti.<\/p>\n<p>\u015eire Pazar\u0131\u2019nda esnafla sohbet<br \/>\n\u0130l\u00e7edeki program\u0131na Besni \u015eire Pazar\u0131 ziyaretiyle ba\u015flayan Bakan Kurum, pazardaki esnaf ve vatanda\u015flarla tek tek sohbet etti, talep ve \u00f6nerilerini dinledi. Pazarc\u0131 esnaf\u0131, il\u00e7edeki ticari hayat, \u00fcretim ve pazar alanlar\u0131n\u0131n ihtiya\u00e7lar\u0131 konusunda g\u00f6r\u00fc\u015flerini aktar\u0131rken, Bakan Kurum da bakanl\u0131k \u00e7al\u0131\u015fmalar\u0131 hakk\u0131nda bilgi verdi.<br \/>\n<img decoding=\"async\" alt=\"\" src=\"https:\/\/www.hbrkahta.com\/wp-content\/uploads\/2025\/08\/bakan-kurum-besnili-vatandaslarla-bulustu-projeleri-yerinde-inceledi-0-llZY8dpO.jpg\"><br \/>\nMeydan Projesi ve kentsel d\u00f6n\u00fc\u015f\u00fcm \u00e7al\u0131\u015fmalar\u0131<br \/>\n\u015eire Pazar\u0131 ziyaretinin ard\u0131ndan Besni Meydan Projesi alan\u0131na ge\u00e7en Bakan Kurum, burada devam eden \u00e7al\u0131\u015fmalar\u0131 yerinde inceledi. Meydan d\u00fczenlemesinin il\u00e7eye sosyal ve ekonomik katk\u0131 sunaca\u011f\u0131n\u0131 belirten Bakan Kurum, yetkililerden proje detaylar\u0131 hakk\u0131nda bilgi ald\u0131. \u0130ncelemelerde kentsel d\u00f6n\u00fc\u015f\u00fcm faaliyetleri de g\u00fcndeme gelirken, Bakan Kurum depreme dayan\u0131kl\u0131, modern ya\u015fam alanlar\u0131n\u0131n \u00f6nemi \u00fczerinde durdu.<\/p>\n<p>Kal\u0131c\u0131 konutlarda &lsquo;hay\u0131rl\u0131 olsun\u2019 ziyareti<br \/>\nBakan Kurum, program\u0131n\u0131n son b\u00f6l\u00fcm\u00fcnde Eskik\u00f6y mevkiinde yap\u0131m\u0131 s\u00fcren kal\u0131c\u0131 konutlar\u0131 gezdi. Burada yeni evine kavu\u015fan bir aileye &ldquo;hay\u0131rl\u0131 olsun&rdquo; ziyareti ger\u00e7ekle\u015ftiren Kurum, vatanda\u015flarla sohbet ederek evlerini g\u00fcle g\u00fcle kullanmalar\u0131 temennisinde bulundu. Konut \u00e7al\u0131\u015fmalar\u0131n\u0131n planlanan takvim \u00e7er\u00e7evesinde devam etti\u011fini belirten Kurum, deprem sonras\u0131 konut ihtiyac\u0131n\u0131n kar\u015f\u0131lanmas\u0131 i\u00e7in t\u00fcm imkanlar\u0131n seferber edildi\u011fini vurgulad\u0131.<\/p><\/p>\n","protected":false},"excerpt":{"rendered":"<p> \u015eeriban \u00d6Z\u00c7AKMAK &#8211; \u00c7evre, \u015eehircilik ve \u0130klim De\u011fi\u015fikli\u011fi Bakan\u0131 Murat Kurum, Ad\u0131yaman\u2019daki temaslar\u0131n\u0131n ard\u0131ndan Besni il\u00e7esine giderek vatanda\u015flarla bir araya geldi, devam eden projelerde incelemelerde bulundu.<\/p>\n","protected":false},"author":1,"featured_media":16836,"comment_status":"open","ping_status":"open","sticky":false,"template":"","format":"standard","meta":{"om_disable_all_campaigns":false,"_monsterinsights_skip_tracking":false,"_monsterinsights_sitenote_active":false,"_monsterinsights_sitenote_note":"","_monsterinsights_sitenote_category":0,"footnotes":""},"categories":[1,11],"tags":[2589,410],"aioseo_notices":[],"_links":{"self":[{"href":"https:\/\/www.hbrkahta.com\/index.php\/wp-json\/wp\/v2\/posts\/16835"}],"collection":[{"href":"https:\/\/www.hbrkahta.com\/index.php\/wp-json\/wp\/v2\/posts"}],"about":[{"href":"https:\/\/www.hbrkahta.com\/index.php\/wp-json\/wp\/v2\/types\/post"}],"author":[{"embeddable":true,"href":"https:\/\/www.hbrkahta.com\/index.php\/wp-json\/wp\/v2\/users\/1"}],"replies":[{"embeddable":true,"href":"https:\/\/www.hbrkahta.com\/index.php\/wp-json\/wp\/v2\/comments?post=16835"}],"version-history":[{"count":1,"href":"https:\/\/www.hbrkahta.com\/index.php\/wp-json\/wp\/v2\/posts\/16835\/revisions"}],"predecessor-version":[{"id":16838,"href":"https:\/\/www.hbrkahta.com\/index.php\/wp-json\/wp\/v2\/posts\/16835\/revisions\/16838"}],"wp:featuredmedia":[{"embeddable":true,"href":"https:\/\/www.hbrkahta.com\/index.php\/wp-json\/wp\/v2\/media\/16836"}],"wp:attachment":[{"href":"https:\/\/www.hbrkahta.com\/index.php\/wp-json\/wp\/v2\/media?parent=16835"}],"wp:term":[{"taxonomy":"category","embeddable":true,"href":"https:\/\/www.hbrkahta.com\/index.php\/wp-json\/wp\/v2\/categories?post=16835"},{"taxonomy":"post_tag","embeddable":true,"href":"https:\/\/www.hbrkahta.com\/index.php\/wp-json\/wp\/v2\/tags?post=16835"}],"curies":[{"name":"wp","href":"https:\/\/api.w.org\/{rel}","templated":true}]}}