{"id":16756,"date":"2025-08-11T19:36:05","date_gmt":"2025-08-11T16:36:05","guid":{"rendered":"https:\/\/www.hbrkahta.com\/?p=16756"},"modified":"2025-08-11T19:36:05","modified_gmt":"2025-08-11T16:36:05","slug":"kamu-personelinin-konteynerlerden-cikis-sureci-1-eylulde-basliyor","status":"publish","type":"post","link":"https:\/\/www.hbrkahta.com\/index.php\/2025\/08\/11\/kamu-personelinin-konteynerlerden-cikis-sureci-1-eylulde-basliyor\/","title":{"rendered":"Kamu Personelinin Konteynerlerden \u00c7\u0131k\u0131\u015f S\u00fcreci 1 Eyl\u00fcl\u2019de Ba\u015fl\u0131yor"},"content":{"rendered":"<p>Vali Varol Ba\u015fkanl\u0131\u011f\u0131nda De\u011ferlendirme Toplant\u0131s\u0131<br \/>\nAd\u0131yaman Valili\u011fi\u2019nde d\u00fczenlenen de\u011ferlendirme toplant\u0131s\u0131na, Vali Dr. Osman Varol ba\u015fkanl\u0131k etti. Toplant\u0131ya, Vali Yard\u0131mc\u0131lar\u0131 ile il genelindeki kamu kurum ve kurulu\u015flar\u0131n\u0131n amirleri kat\u0131ld\u0131.<\/p>\n<p>Kal\u0131c\u0131 Konutlar A\u00e7\u0131ld\u0131, Ge\u00e7ici Bar\u0131nma S\u00fcreci Sona Eriyor<br \/>\nToplant\u0131da, deprem sonras\u0131 yaralar\u0131n sar\u0131lmas\u0131 ad\u0131na ge\u00e7ici olarak kurulan konteyner ve prefabrik kentlerin, kal\u0131c\u0131 konutlar\u0131n teslim s\u00fcreciyle birlikte kald\u0131r\u0131lmaya ba\u015flanaca\u011f\u0131 vurguland\u0131.<\/p>\n<p>Kamu kurumlar\u0131nda g\u00f6rev yapan ve konteyner kentlerde kalan personelin, kal\u0131c\u0131 konutlar\u0131n hizmete girmesiyle birlikte bu alanlardan tahliye edilmesi gerekti\u011fi ifade edildi.<\/p>\n<p>Kamu Personeli 1 Eyl\u00fcl&#8217;e Kadar Tahliye Edilecek<br \/>\nToplant\u0131da al\u0131nan karara g\u00f6re, kamu personelinin konteyner ve prefabrik bar\u0131nma alanlar\u0131ndan tahliyesi i\u00e7in son tarih 1 Eyl\u00fcl 2025 olarak belirlendi. Bu kapsamda, kamu personelinin bar\u0131nma durumlar\u0131n\u0131n planlanmas\u0131 ve tahliye s\u00fcrecinin koordinasyonu amac\u0131yla kurumlar aras\u0131nda gerekli e\u015fg\u00fcd\u00fcm\u00fcn sa\u011flanmas\u0131 hedefleniyor.<\/p>\n<p>&ldquo;Vatanda\u015flar\u0131m\u0131z\u0131n Yan\u0131nda Olmay\u0131 S\u00fcrd\u00fcrece\u011fiz&rdquo;<br \/>\nToplant\u0131da konu\u015fan Vali Dr. Osman Varol, deprem sonras\u0131 yap\u0131lan t\u00fcm planlamalarda \u00f6nceli\u011fin vatanda\u015flar\u0131n ihtiya\u00e7lar\u0131 oldu\u011funu vurgulad\u0131. Varol, kal\u0131c\u0131 konutlar\u0131n h\u0131zl\u0131ca tamamlanmas\u0131 ve kamu hizmetlerinin aksamadan s\u00fcrmesi i\u00e7in \u00e7al\u0131\u015fmalar\u0131n kararl\u0131l\u0131kla s\u00fcrd\u00fcr\u00fcld\u00fc\u011f\u00fcn\u00fc belirtti.<\/p>\n<p>Ad\u0131yaman Valili\u011fi\u2019nden yap\u0131lan a\u00e7\u0131klamada ise, &ldquo;Halk\u0131m\u0131z\u0131n huzuru, g\u00fcvenli\u011fi ve refah\u0131 i\u00e7in \u00e7al\u0131\u015fmaya devam edilecektir&rdquo; denildi.<\/p><\/p>\n","protected":false},"excerpt":{"rendered":"<p> G\u00fclbahar S\u00dcNG\u00dc &#8211; 6 \u015eubat 2023\u2019te ya\u015fanan ve \u201casr\u0131n felaketi\u201d olarak nitelenen depremlerin ard\u0131ndan Ad\u0131yaman\u2019da in\u015fa edilen kal\u0131c\u0131 konutlar, hak sahiplerine teslim edilmeye devam ediyor. Bu s\u00fcre\u00e7te, kamu personelinin ge\u00e7ici bar\u0131nma alan\u0131 olarak kulland\u0131\u011f\u0131 konteyner ve prefabrik kentlerden tahliyesine ili\u015fkin planlamalar da g\u00fcndeme al\u0131nd\u0131.<\/p>\n","protected":false},"author":1,"featured_media":16757,"comment_status":"open","ping_status":"open","sticky":false,"template":"","format":"standard","meta":{"om_disable_all_campaigns":false,"_monsterinsights_skip_tracking":false,"_monsterinsights_sitenote_active":false,"_monsterinsights_sitenote_note":"","_monsterinsights_sitenote_category":0,"footnotes":""},"categories":[1,11],"tags":[747,347],"aioseo_notices":[],"_links":{"self":[{"href":"https:\/\/www.hbrkahta.com\/index.php\/wp-json\/wp\/v2\/posts\/16756"}],"collection":[{"href":"https:\/\/www.hbrkahta.com\/index.php\/wp-json\/wp\/v2\/posts"}],"about":[{"href":"https:\/\/www.hbrkahta.com\/index.php\/wp-json\/wp\/v2\/types\/post"}],"author":[{"embeddable":true,"href":"https:\/\/www.hbrkahta.com\/index.php\/wp-json\/wp\/v2\/users\/1"}],"replies":[{"embeddable":true,"href":"https:\/\/www.hbrkahta.com\/index.php\/wp-json\/wp\/v2\/comments?post=16756"}],"version-history":[{"count":1,"href":"https:\/\/www.hbrkahta.com\/index.php\/wp-json\/wp\/v2\/posts\/16756\/revisions"}],"predecessor-version":[{"id":16758,"href":"https:\/\/www.hbrkahta.com\/index.php\/wp-json\/wp\/v2\/posts\/16756\/revisions\/16758"}],"wp:featuredmedia":[{"embeddable":true,"href":"https:\/\/www.hbrkahta.com\/index.php\/wp-json\/wp\/v2\/media\/16757"}],"wp:attachment":[{"href":"https:\/\/www.hbrkahta.com\/index.php\/wp-json\/wp\/v2\/media?parent=16756"}],"wp:term":[{"taxonomy":"category","embeddable":true,"href":"https:\/\/www.hbrkahta.com\/index.php\/wp-json\/wp\/v2\/categories?post=16756"},{"taxonomy":"post_tag","embeddable":true,"href":"https:\/\/www.hbrkahta.com\/index.php\/wp-json\/wp\/v2\/tags?post=16756"}],"curies":[{"name":"wp","href":"https:\/\/api.w.org\/{rel}","templated":true}]}}