{"id":16753,"date":"2025-08-11T19:14:04","date_gmt":"2025-08-11T16:14:04","guid":{"rendered":"https:\/\/www.hbrkahta.com\/?p=16753"},"modified":"2025-08-11T19:14:04","modified_gmt":"2025-08-11T16:14:04","slug":"perre-cocuk-ve-kent-bienali-basliyor","status":"publish","type":"post","link":"https:\/\/www.hbrkahta.com\/index.php\/2025\/08\/11\/perre-cocuk-ve-kent-bienali-basliyor\/","title":{"rendered":"Perre \u00c7ocuk ve Kent Bienali Ba\u015fl\u0131yor"},"content":{"rendered":"<p><b><span><span><span><span><span><span><b><span><span><span>K\u00fclt\u00fcrel miras, afet sonras\u0131 yeniden in\u015fa ve \u00e7ocuk dostu kentler i\u00e7in bir \u00e7a\u011fr\u0131<\/span><\/span><\/span><\/b><\/span><\/span><\/span><\/span><\/span><\/span><\/b><\/p>\n<p><span><span><span>Ad\u0131yaman\u2019da \u00e7ocuklar\u0131n g\u00f6z\u00fcnden bir kentin yeniden in\u015fas\u0131 m\u00fcmk\u00fcn m\u00fc? <\/span><\/span><\/span><\/p>\n<p><span><span><span><b>Perre \u00c7ocuk ve Kent Bienali<\/b>, bu soruya sanat ve \u00e7ocuk kat\u0131l\u0131m\u0131 yoluyla g\u00fc\u00e7l\u00fc bir yan\u0131t sunuyor.<\/span><\/span><\/span><\/p>\n<p><span><span><span>\u0130stanbul K\u00fclt\u00fcr Sanat Vakf\u0131\u2019n\u0131n (\u0130KSV) Avrupa Birli\u011fi deste\u011fiyle y\u00fcr\u00fctt\u00fc\u011f\u00fc <b>Ortakla\u015fa: K\u00fclt\u00fcr, Diyalog ve Destek Program\u0131<\/b> kapsam\u0131nda desteklenen, <b>Perre \u00c7ocuk ve Kent Bienali<\/b>; <b>\u015eehir Dedektifi Kent, \u00c7evre ve Sanat Derne\u011fi<\/b> y\u00fcr\u00fct\u00fcc\u00fcl\u00fc\u011f\u00fcnde, Ad\u0131yaman Belediyesi ortakl\u0131\u011f\u0131nda hayata ge\u00e7iyor.<\/span><\/span><\/span><\/p>\n<p><span><span><span>13-20 Haziran tarihleri aras\u0131nda <b>Perre \u00c7ocuk ve Kent Bienali<\/b> kapsam\u0131nda \u015eehir Dedektifi ekibinin ve davetli yedi sanat\u00e7\u0131n\u0131n y\u00fcr\u00fctt\u00fc\u011f\u00fc \u00e7e\u015fitli at\u00f6lyeler sonucunda \u00e7ocuklar\u0131n ortaya \u00e7\u0131kard\u0131\u011f\u0131 \u00fcretimler, Ad\u0131yaman Kommagene K\u00fclt\u00fcr Merkezi\u2019nde sergilenecek.<\/span><\/span><\/span><\/p>\n<p><span><span><span><b>Ad\u0131n\u0131 Ad\u0131yaman\u2019\u0131n \u00f6nemli k\u00fclt\u00fcrel miras alanlar\u0131ndan biri olan Perre Antik Kenti\u2019nden alan bienal<\/b>, \u00e7ocuklar\u0131n ya\u015fad\u0131klar\u0131 kentle ili\u015fkisini g\u00fc\u00e7lendirmek, k\u00fclt\u00fcrel aidiyeti yeniden kurmak ve \u00e7ocuk dostu bir yeniden in\u015fa tahayy\u00fcl\u00fcn\u00fc g\u00fcndeme ta\u015f\u0131mak amac\u0131yla tasarland\u0131.<\/span><\/span><\/span><\/p>\n<p><span><span><span>Bienal, \u00e7ocuklar\u0131n sesini, g\u00f6zlemlerini ve tasar\u0131m g\u00fcc\u00fcn\u00fc kentle ili\u015fkilendiren kolektif bir haf\u0131za alan\u0131 olu\u015fturmay\u0131 hedefliyor. D\u00fcnyadaki \u00e7ocuk odakl\u0131 bienal \u00f6rneklerinden ilhamla tasarlanan bu proje, \u00f6zellikle depremden etkilenen \u00e7ocuklarla nas\u0131l bir s\u00fcre\u00e7 y\u00fcr\u00fct\u00fclmesi gerekti\u011fi sorusunu s\u00fcrekli oda\u011f\u0131nda tuttu. Her ad\u0131mda \u00e7ocuklar\u0131n ihtiya\u00e7lar\u0131n\u0131, duygular\u0131n\u0131 ve ifade bi\u00e7imlerini \u00f6nceleyen bir yakla\u015f\u0131mla \u015fekillendi.<\/span><\/span><\/span><\/p>\n<p><span><span><span>Ad\u0131yaman\u2019da kartala karaku\u015f deniyor. Perre \u00c7ocuk ve Kent Bienali\u2019nin ilk temas\u0131 \u00e7ocuklar\u0131n tercihi ile \u201cKaraku\u015f\u2019un G\u00f6z\u00fc\u201d olarak belirlendi. Sergiye ad\u0131m\u0131n\u0131 atan herkesi \u00e7ocuklar\u0131 \u00f6nemseyen bir \u015fehir kurmak i\u00e7in Karaku\u015f\u2019un kanad\u0131na davet ediyor. <\/span><\/span><\/span><\/p>\n<p><b><span><span><span><span><span><span><b><span><span><span>Depremden Sonra Yeniden \u0130n\u015fa S\u00fcreci ve \u00c7ocuk Odakl\u0131 Tasar\u0131m i\u00e7in Bir Bienal<\/span><\/span><\/span><\/b><\/span><\/span><\/span><\/span><\/span><\/span><\/b><\/p>\n<p><span><span><span>Perre \u00c7ocuk ve Kent Bienali, 6 \u015eubat depremlerinin ard\u0131ndan Ad\u0131yaman\u2019da ya\u015fayan \u00e7ocuklar\u0131, bak\u0131mverenleri ve e\u011fitimcileri \u015fehrin tarihi ve k\u00fclt\u00fcrel miras\u0131yla yeniden bulu\u015fturmay\u0131 ama\u00e7l\u0131yor. Deprem nedeniyle zarar g\u00f6ren <b>kentsel bellek<\/b> ve <b>aidiyet duygusunu<\/b> k\u00fclt\u00fcr ve sanat yoluyla onarmay\u0131 hedefliyor. <\/span><\/span><\/span><\/p>\n<p><span><span><span>\u00c7ocuklar\u0131n kendilerini g\u00fcvende hissedebilecekleri, do\u011frudan ula\u015fabilecekleri <b>kamusal alanlar\u0131n<\/b> eksikli\u011fi yeniden in\u015fa s\u00fcre\u00e7lerinin en g\u00f6r\u00fcnmez ama en hayati sorunlar\u0131ndan biri. Perre \u00c7ocuk ve Kent Bienali, bu eksikli\u011fi g\u00f6r\u00fcn\u00fcr k\u0131lmay\u0131 ve \u00e7ocuklar\u0131n kent hakk\u0131 m\u00fccadelesine katk\u0131 sunmay\u0131 ama\u00e7l\u0131yor.<\/span><\/span><\/span><\/p>\n<p><span><span><span>Afet sonras\u0131 iyile\u015fme s\u00fcrecinde \u00e7ocuklar\u0131n kat\u0131l\u0131m\u0131n\u0131 kent \u00f6l\u00e7e\u011finde m\u00fcmk\u00fcn k\u0131lmay\u0131 ama\u00e7layan bu bienal, ayn\u0131 zamanda kamusal alanda \u00e7ocuklar\u0131n s\u00f6z\u00fcn\u00fc g\u00f6r\u00fcn\u00fcr k\u0131lmak i\u00e7in \u00f6nemli bir zemin olu\u015fturuyor.<\/span><\/span><\/span><\/p>\n<p><b><span><span><span><span><span><span><b><span><span><span>\u00c7ocuklar \u00dcretiyor, Kent D\u00f6n\u00fc\u015f\u00fcyor<\/span><\/span><\/span><\/b><\/span><\/span><\/span><\/span><\/span><\/span><\/b><\/p>\n<p><span><span><span>Sekiz ayl\u0131k bir haz\u0131rl\u0131k s\u00fcrecini kapsayan projede, Ad\u0131yamanl\u0131 \u00e7ocuklarla \u00e7e\u015fitli sanat ve tasar\u0131m at\u00f6lyeleri y\u00fcr\u00fct\u00fcl\u00fcyor. Farkl\u0131 ya\u015f gruplar\u0131ndan \u00e7ocuklar\u0131n aktif kat\u0131l\u0131m\u0131yla ger\u00e7ekle\u015fen bu at\u00f6lyelerde; kent haf\u0131zas\u0131, kamusal alan, mimari, ekoloji ve kentsel hareketlilik gibi temalar ele al\u0131n\u0131yor. \u00c7ocuklar, kentin yeniden yap\u0131lanma s\u00fcre\u00e7lerine dair kendi \u00f6nerilerini sanat yoluyla ifade etme imk\u00e2n\u0131 buluyor.<\/span><\/span><\/span><\/p>\n<p><span><span><span>Bu s\u00fcre\u00e7te \u00e7ocuklar yaln\u0131zca bilgi edinmiyor; ayn\u0131 zamanda \u00fcretim yap\u0131yor, birlikte \u00e7al\u0131\u015f\u0131yor, fikirlerini payla\u015f\u0131yor ve ya\u015fad\u0131klar\u0131 \u00e7evreyi d\u00f6n\u00fc\u015ft\u00fcrme hayallerini somutla\u015ft\u0131r\u0131yor.<\/span><\/span><\/span><\/p>\n<p><span><span><span><b>Bienalde Neler Var?<\/b><\/span><\/span><\/span><\/p>\n<ul>\n<li><span><span><span>Stop motion filmler<\/span><\/span><\/span><\/li>\n<li><span><span><span>Kent ve ses ili\u015fkisi \u00fczerine ses peyzaj\u0131 \u00e7al\u0131\u015fmalar\u0131<\/span><\/span><\/span><\/li>\n<li><span><span><span>Herbaryum bitki kolajlar\u0131<\/span><\/span><\/span><\/li>\n<li><span><span><span>Kentsel tasar\u0131m ve hayal at\u00f6lyeleri<\/span><\/span><\/span><\/li>\n<li><span><span><span>\u00c7ocuklar\u0131n g\u00f6z\u00fcnden Ad\u0131yaman ula\u015f\u0131m haritas\u0131 ve \u00e7\u00f6z\u00fcm \u00f6nerileri<\/span><\/span><\/span><\/li>\n<li><span><span><span>Hayali yarat\u0131klar, maketler <\/span><\/span><\/span><\/li>\n<li><span><span><span>Konserler, antik kent gezisi ve yarat\u0131c\u0131 at\u00f6lyeler<\/span><\/span><\/span><\/li>\n<\/ul>\n<p><span><span><span>Perre \u00c7ocuk ve Kent Bienali, \u0130stanbul K\u00fclt\u00fcr Sanat Vakf\u0131\u2019n\u0131n (\u0130KSV) Avrupa Birli\u011fi deste\u011fiyle y\u00fcr\u00fctt\u00fc\u011f\u00fc Ortakla\u015fa: K\u00fclt\u00fcr, Diyalog ve Destek Program\u0131 kapsam\u0131nda ger\u00e7ekle\u015ftirilmektedir<\/span><\/span><\/span><\/p>\n<p>\u00a0<\/p>\n<p>\u00a0<\/p>\n<p>Kaynak: (BYZHA) Beyaz Haber Ajans\u0131<\/p>\n","protected":false},"excerpt":{"rendered":"<p>K\u00fclt\u00fcrel miras, afet sonras\u0131 yeniden in\u015fa ve \u00e7ocuk dostu kentler i\u00e7in bir \u00e7a\u011fr\u0131<\/p>\n","protected":false},"author":1,"featured_media":16754,"comment_status":"open","ping_status":"open","sticky":false,"template":"","format":"standard","meta":{"om_disable_all_campaigns":false,"_monsterinsights_skip_tracking":false,"_monsterinsights_sitenote_active":false,"_monsterinsights_sitenote_note":"","_monsterinsights_sitenote_category":0,"footnotes":""},"categories":[127],"tags":[2583,178,719,731,1009],"aioseo_notices":[],"_links":{"self":[{"href":"https:\/\/www.hbrkahta.com\/index.php\/wp-json\/wp\/v2\/posts\/16753"}],"collection":[{"href":"https:\/\/www.hbrkahta.com\/index.php\/wp-json\/wp\/v2\/posts"}],"about":[{"href":"https:\/\/www.hbrkahta.com\/index.php\/wp-json\/wp\/v2\/types\/post"}],"author":[{"embeddable":true,"href":"https:\/\/www.hbrkahta.com\/index.php\/wp-json\/wp\/v2\/users\/1"}],"replies":[{"embeddable":true,"href":"https:\/\/www.hbrkahta.com\/index.php\/wp-json\/wp\/v2\/comments?post=16753"}],"version-history":[{"count":1,"href":"https:\/\/www.hbrkahta.com\/index.php\/wp-json\/wp\/v2\/posts\/16753\/revisions"}],"predecessor-version":[{"id":16755,"href":"https:\/\/www.hbrkahta.com\/index.php\/wp-json\/wp\/v2\/posts\/16753\/revisions\/16755"}],"wp:featuredmedia":[{"embeddable":true,"href":"https:\/\/www.hbrkahta.com\/index.php\/wp-json\/wp\/v2\/media\/16754"}],"wp:attachment":[{"href":"https:\/\/www.hbrkahta.com\/index.php\/wp-json\/wp\/v2\/media?parent=16753"}],"wp:term":[{"taxonomy":"category","embeddable":true,"href":"https:\/\/www.hbrkahta.com\/index.php\/wp-json\/wp\/v2\/categories?post=16753"},{"taxonomy":"post_tag","embeddable":true,"href":"https:\/\/www.hbrkahta.com\/index.php\/wp-json\/wp\/v2\/tags?post=16753"}],"curies":[{"name":"wp","href":"https:\/\/api.w.org\/{rel}","templated":true}]}}