{"id":16684,"date":"2025-08-03T10:00:04","date_gmt":"2025-08-03T07:00:04","guid":{"rendered":"https:\/\/www.hbrkahta.com\/?p=16684"},"modified":"2025-08-03T10:00:04","modified_gmt":"2025-08-03T07:00:04","slug":"baskan-tutdere-adiyamanin-su-sorununun-cozumu-icin-atilan-adimlari-memnuniyetle-karsiliyoruz","status":"publish","type":"post","link":"https:\/\/www.hbrkahta.com\/index.php\/2025\/08\/03\/baskan-tutdere-adiyamanin-su-sorununun-cozumu-icin-atilan-adimlari-memnuniyetle-karsiliyoruz\/","title":{"rendered":"Ba\u015fkan Tutdere: Ad\u0131yaman\u2019\u0131n Su Sorununun \u00c7\u00f6z\u00fcm\u00fc \u0130\u00e7in At\u0131lan Ad\u0131mlar\u0131 Memnuniyetle Kar\u015f\u0131l\u0131yoruz"},"content":{"rendered":"<p>Tar\u0131m ve Orman Bakan\u0131 \u0130brahim Yumakl\u0131\u2019n\u0131n Ad\u0131yaman temaslar\u0131n\u0131 memnuniyetle kar\u015f\u0131lad\u0131klar\u0131n\u0131 dile getiren Tutdere, \u015funlar\u0131 kaydetti:<\/p>\n<p>&ldquo;Tar\u0131m ve Orman Bakan\u0131 Say\u0131n \u0130brahim Yumakl\u0131\u2019n\u0131n Ad\u0131yaman\u2019\u0131m\u0131za gelerek \u00c7etintepe Baraj\u0131\u2019ndaki \u00e7al\u0131\u015fmalar\u0131 yerinde incelemesini memnuniyetle kar\u015f\u0131lad\u0131k. Kentimizin uzun s\u00fcredir ya\u015fad\u0131\u011f\u0131 su sorunu g\u00f6z \u00f6n\u00fcnde bulunduruldu\u011funda, hangi b\u00f6lgemize katk\u0131 sa\u011flarsa sa\u011flas\u0131n bu y\u00f6nde at\u0131lan her ad\u0131m\u0131 umut verici olarak g\u00f6r\u00fcyoruz.&rdquo;<\/p>\n<p>Ba\u015fkan Tutdere, Atat\u00fcrk Baraj\u0131\u2019ndan Ad\u0131yaman\u2019a i\u00e7me suyu temini konusunda Ocak ay\u0131nda Devlet Su \u0130\u015fleri (DS\u0130) ile imzalanan protokol\u00fc hat\u0131rlatarak, projenin ihaleye \u00e7\u0131kacak olmas\u0131n\u0131n \u00f6nemli bir a\u015fama oldu\u011funa dikkat \u00e7ekti:<\/p>\n<p>&ldquo;Ocak ay\u0131nda DS\u0130 ile imzalad\u0131\u011f\u0131m\u0131z Atat\u00fcrk Baraj\u0131\u2019ndan ar\u0131t\u0131lm\u0131\u015f suyun \u015fehrimize i\u00e7me suyu olarak kazand\u0131r\u0131lmas\u0131na ili\u015fkin protokol kapsam\u0131nda, proje ihalesinin 18 A\u011fustos\u2019ta ger\u00e7ekle\u015ftirilece\u011finin ilan edilmesini de, ilimiz ad\u0131na sevindirici bir geli\u015fme olarak de\u011ferlendiriyoruz.&rdquo;<\/p>\n<p>A\u00e7\u0131klamas\u0131nda s\u00fcrecin takip\u00e7isi olacaklar\u0131n\u0131 belirten Ba\u015fkan Tutdere, s\u00f6zlerini \u015f\u00f6yle tamamlad\u0131:<\/p>\n<p>&ldquo;Bu s\u00fcre\u00e7te eme\u011fi ge\u00e7en t\u00fcm kurum ve kurulu\u015flara te\u015fekk\u00fcr ediyor, s\u00fcrecin i\u015f birli\u011fiyle en k\u0131sa s\u00fcrede tamamlanaca\u011f\u0131na inand\u0131\u011f\u0131m\u0131z\u0131 ve yak\u0131ndan takip\u00e7isi olaca\u011f\u0131m\u0131z\u0131 kamuoyuyla payla\u015f\u0131yoruz.&rdquo;<\/p>\n<p>Ba\u015fkan Tutdere\u2019nin a\u00e7\u0131klamas\u0131, Ad\u0131yaman kamuoyunda y\u0131llard\u0131r g\u00fcndemde olan su sorununa ili\u015fkin \u00e7\u00f6z\u00fcm ad\u0131mlar\u0131n\u0131n yerel y\u00f6netimler taraf\u0131ndan da desteklendi\u011fini g\u00f6sterdi.<\/p><\/p>\n","protected":false},"excerpt":{"rendered":"<p> G\u00fclbahar S\u00dcNG\u00dc \u2013 Ad\u0131yaman Belediye Ba\u015fkan\u0131 Av. Abdurrahman Tutdere, Tar\u0131m ve Orman Bakan\u0131 \u0130brahim Yumakl\u0131\u2019n\u0131n Ad\u0131yaman ziyareti ve kentte uzun s\u00fcredir devam eden su sorununu \u00e7\u00f6zmeyi hedefleyen i\u00e7me suyu projesine ili\u015fkin yapt\u0131\u011f\u0131 a\u00e7\u0131klamay\u0131 de\u011ferlendirdi. Ba\u015fkan Tutdere, Atat\u00fcrk Baraj\u0131\u2019ndan ar\u0131t\u0131lm\u0131\u015f suyun Ad\u0131yaman\u2019a aktar\u0131lmas\u0131na y\u00f6nelik proje ihalesinin 18 A\u011fustos\u2019ta yap\u0131lacak olmas\u0131n\u0131n sevindirici bir geli\u015fme oldu\u011funu belirtti.<\/p>\n","protected":false},"author":1,"featured_media":16685,"comment_status":"open","ping_status":"open","sticky":false,"template":"","format":"standard","meta":{"om_disable_all_campaigns":false,"_monsterinsights_skip_tracking":false,"_monsterinsights_sitenote_active":false,"_monsterinsights_sitenote_note":"","_monsterinsights_sitenote_category":0,"footnotes":""},"categories":[1,11],"tags":[],"aioseo_notices":[],"_links":{"self":[{"href":"https:\/\/www.hbrkahta.com\/index.php\/wp-json\/wp\/v2\/posts\/16684"}],"collection":[{"href":"https:\/\/www.hbrkahta.com\/index.php\/wp-json\/wp\/v2\/posts"}],"about":[{"href":"https:\/\/www.hbrkahta.com\/index.php\/wp-json\/wp\/v2\/types\/post"}],"author":[{"embeddable":true,"href":"https:\/\/www.hbrkahta.com\/index.php\/wp-json\/wp\/v2\/users\/1"}],"replies":[{"embeddable":true,"href":"https:\/\/www.hbrkahta.com\/index.php\/wp-json\/wp\/v2\/comments?post=16684"}],"version-history":[{"count":1,"href":"https:\/\/www.hbrkahta.com\/index.php\/wp-json\/wp\/v2\/posts\/16684\/revisions"}],"predecessor-version":[{"id":16686,"href":"https:\/\/www.hbrkahta.com\/index.php\/wp-json\/wp\/v2\/posts\/16684\/revisions\/16686"}],"wp:featuredmedia":[{"embeddable":true,"href":"https:\/\/www.hbrkahta.com\/index.php\/wp-json\/wp\/v2\/media\/16685"}],"wp:attachment":[{"href":"https:\/\/www.hbrkahta.com\/index.php\/wp-json\/wp\/v2\/media?parent=16684"}],"wp:term":[{"taxonomy":"category","embeddable":true,"href":"https:\/\/www.hbrkahta.com\/index.php\/wp-json\/wp\/v2\/categories?post=16684"},{"taxonomy":"post_tag","embeddable":true,"href":"https:\/\/www.hbrkahta.com\/index.php\/wp-json\/wp\/v2\/tags?post=16684"}],"curies":[{"name":"wp","href":"https:\/\/api.w.org\/{rel}","templated":true}]}}