{"id":16681,"date":"2025-08-03T09:48:04","date_gmt":"2025-08-03T06:48:04","guid":{"rendered":"https:\/\/www.hbrkahta.com\/?p=16681"},"modified":"2025-08-03T09:48:04","modified_gmt":"2025-08-03T06:48:04","slug":"tarim-bakani-yumaklidan-adiyamanli-emekci-kadinlara-destek-ziyareti","status":"publish","type":"post","link":"https:\/\/www.hbrkahta.com\/index.php\/2025\/08\/03\/tarim-bakani-yumaklidan-adiyamanli-emekci-kadinlara-destek-ziyareti\/","title":{"rendered":"Tar\u0131m Bakan\u0131 Yumakl\u0131\u2019dan Ad\u0131yamanl\u0131 Emek\u00e7i Kad\u0131nlara Destek Ziyareti"},"content":{"rendered":"<p>Y\u00f6re kad\u0131nlar\u0131n\u0131n el eme\u011fiyle haz\u0131rlad\u0131\u011f\u0131 \u00fcr\u00fcnleri yerinde inceleyen Bakan Yumakl\u0131, \u00fcretim s\u00fcre\u00e7leri hakk\u0131nda bilgi ald\u0131. Kad\u0131nlarla sohbet eden Yumakl\u0131, yerel kalk\u0131nmada kad\u0131n eme\u011finin \u00f6nemine dikkat \u00e7ekerek, \u00fcretime sa\u011flad\u0131klar\u0131 katk\u0131dan dolay\u0131 kendilerine te\u015fekk\u00fcr etti. Yumakl\u0131, &ldquo;Kad\u0131nlar\u0131m\u0131z\u0131n el eme\u011fiyle olu\u015fturdu\u011fu bu \u00fcretim potansiyeli, hem k\u0131rsal kalk\u0131nman\u0131n hem de yerel ekonominin can damar\u0131d\u0131r&rdquo; ifadelerini kulland\u0131.<\/p>\n<p>Ziyarete, Ad\u0131yaman Valisi Dr. Osman Varol, AK Parti Ad\u0131yaman Milletvekilleri Do\u00e7. Dr. Resul Kurt ve H\u00fcseyin \u00d6zhan, AK Parti Ad\u0131yaman \u0130l Ba\u015fkan\u0131 Faruk B\u00fclent Kablan, \u0130l Tar\u0131m ve Orman M\u00fcd\u00fcr\u00fc, baz\u0131 il\u00e7e ve belde belediye ba\u015fkanlar\u0131 da e\u015flik etti.<\/p>\n<p>Tar\u0131m ve Orman Bakanl\u0131\u011f\u0131\u2019n\u0131n k\u0131rsalda kad\u0131n giri\u015fimcili\u011fine verdi\u011fi desteklerin devam edece\u011fini vurgulayan Bakan Yumakl\u0131, kad\u0131n \u00fcreticilerin g\u00fc\u00e7lendirilmesinin sadece ekonomik de\u011fil, toplumsal geli\u015fim a\u00e7\u0131s\u0131ndan da kritik \u00f6nemde oldu\u011funu belirtti.<\/p><\/p>\n","protected":false},"excerpt":{"rendered":"<p> Fatma Didar YILDIRIM \u2013 Tar\u0131m ve Orman Bakan\u0131 \u0130brahim Yumakl\u0131, Ad\u0131yaman temaslar\u0131 kapsam\u0131nda Besni il\u00e7esine ba\u011fl\u0131 Atmal\u0131 mevkiinde y\u00f6resel \u00fcr\u00fcnler \u00fcreten kad\u0131nlar\u0131 ziyaret etti. \u00c7etintepe Baraj\u0131\u2019na gidi\u015f g\u00fczerg\u00e2h\u0131nda ger\u00e7ekle\u015fen ziyaret, kad\u0131n \u00fcreticilere moral ve motivasyon kayna\u011f\u0131 oldu.<\/p>\n","protected":false},"author":1,"featured_media":16682,"comment_status":"open","ping_status":"open","sticky":false,"template":"","format":"standard","meta":{"om_disable_all_campaigns":false,"_monsterinsights_skip_tracking":false,"_monsterinsights_sitenote_active":false,"_monsterinsights_sitenote_note":"","_monsterinsights_sitenote_category":0,"footnotes":""},"categories":[1,11],"tags":[466],"aioseo_notices":[],"_links":{"self":[{"href":"https:\/\/www.hbrkahta.com\/index.php\/wp-json\/wp\/v2\/posts\/16681"}],"collection":[{"href":"https:\/\/www.hbrkahta.com\/index.php\/wp-json\/wp\/v2\/posts"}],"about":[{"href":"https:\/\/www.hbrkahta.com\/index.php\/wp-json\/wp\/v2\/types\/post"}],"author":[{"embeddable":true,"href":"https:\/\/www.hbrkahta.com\/index.php\/wp-json\/wp\/v2\/users\/1"}],"replies":[{"embeddable":true,"href":"https:\/\/www.hbrkahta.com\/index.php\/wp-json\/wp\/v2\/comments?post=16681"}],"version-history":[{"count":1,"href":"https:\/\/www.hbrkahta.com\/index.php\/wp-json\/wp\/v2\/posts\/16681\/revisions"}],"predecessor-version":[{"id":16683,"href":"https:\/\/www.hbrkahta.com\/index.php\/wp-json\/wp\/v2\/posts\/16681\/revisions\/16683"}],"wp:featuredmedia":[{"embeddable":true,"href":"https:\/\/www.hbrkahta.com\/index.php\/wp-json\/wp\/v2\/media\/16682"}],"wp:attachment":[{"href":"https:\/\/www.hbrkahta.com\/index.php\/wp-json\/wp\/v2\/media?parent=16681"}],"wp:term":[{"taxonomy":"category","embeddable":true,"href":"https:\/\/www.hbrkahta.com\/index.php\/wp-json\/wp\/v2\/categories?post=16681"},{"taxonomy":"post_tag","embeddable":true,"href":"https:\/\/www.hbrkahta.com\/index.php\/wp-json\/wp\/v2\/tags?post=16681"}],"curies":[{"name":"wp","href":"https:\/\/api.w.org\/{rel}","templated":true}]}}