{"id":15275,"date":"2025-06-20T15:12:04","date_gmt":"2025-06-20T12:12:04","guid":{"rendered":"https:\/\/www.hbrkahta.com\/?p=15275"},"modified":"2025-06-20T15:12:04","modified_gmt":"2025-06-20T12:12:04","slug":"adiyamanda-yol-ve-kaldirim-calismalari-araliksiz-suruyor","status":"publish","type":"post","link":"https:\/\/www.hbrkahta.com\/index.php\/2025\/06\/20\/adiyamanda-yol-ve-kaldirim-calismalari-araliksiz-suruyor\/","title":{"rendered":"Ad\u0131yaman\u2019da yol ve kald\u0131r\u0131m \u00e7al\u0131\u015fmalar\u0131 aral\u0131ks\u0131z s\u00fcr\u00fcyor"},"content":{"rendered":"<p>Ad\u0131yaman Belediyesi Fen \u0130\u015fleri M\u00fcd\u00fcrl\u00fc\u011f\u00fc ekipleri, kent genelinde y\u00fcr\u00fct\u00fclen kapsaml\u0131 yol ve kald\u0131r\u0131m yenileme \u00e7al\u0131\u015fmalar\u0131yla ula\u015f\u0131m altyap\u0131s\u0131n\u0131 g\u00fc\u00e7lendirmeye devam ediyor. Altyap\u0131 \u00e7al\u0131\u015fmalar\u0131 tamamlanan cadde ve sokaklarda \u00fcstyap\u0131 d\u00fczenlemelerine ge\u00e7en ekipler, \u00f6zellikle yo\u011fun kullan\u0131lan g\u00fczerg&acirc;hlarda asfalt yama ve kald\u0131r\u0131m onar\u0131m i\u015flemlerine a\u011f\u0131rl\u0131k veriyor.<\/p>\n<p>Bir\u00e7ok Mahallede E\u015f Zamanl\u0131 \u00c7al\u0131\u015fma<\/p>\n<p>Ad\u0131yaman Belediyesi, \u015fehir trafi\u011fini rahatlatmak ve yaya g\u00fcvenli\u011fini art\u0131rmak amac\u0131yla Siteler, Yenimahalle, Alt\u0131n\u015fehir, Karap\u0131nar, S\u00fcmerevler, Kayal\u0131k, Yeni Sanayi, Turgut Reis ve Bah\u00e7elievler mahallelerinde e\u015f zamanl\u0131 \u00e7al\u0131\u015fmalara ba\u015flad\u0131. Fen \u0130\u015fleri ekipleri, i\u00e7me suyu, kanalizasyon ve ya\u011fmur suyu hatlar\u0131n\u0131n d\u00f6\u015fenmesinin ard\u0131ndan asfalt serimi i\u00e7in cadde ve sokaklarda zemin haz\u0131rl\u0131klar\u0131n\u0131 tamamlarken; kald\u0131r\u0131mlarda da bord\u00fcr d\u00f6\u015feme ve kilitli parke ta\u015f\u0131 \u00e7al\u0131\u015fmalar\u0131 s\u00fcr\u00fcyor.<\/p>\n<p>Yaya ve Ara\u00e7 G\u00fcvenli\u011fi \u00d6n Planda<\/p>\n<p>Yap\u0131lan \u00e7al\u0131\u015fmalarla birlikte, hem ara\u00e7 hem de yaya trafi\u011finin daha modern ve g\u00fcvenli bir yap\u0131ya kavu\u015fturulmas\u0131 ama\u00e7lan\u0131yor. \u00d6zellikle yo\u011fun trafik ak\u0131\u015f\u0131n\u0131n ya\u015fand\u0131\u011f\u0131 b\u00f6lgelerde \u00f6ncelik verilen d\u00fczenlemelerle, s\u00fcr\u00fcc\u00fc ve yayalar\u0131n ya\u015fad\u0131\u011f\u0131 sorunlar\u0131n en aza indirilmesi hedefleniyor.<\/p>\n<p>Ba\u015fkan Tutdere: &ldquo;Modern ve G\u00fcvenli Yollar Hedefliyoruz&rdquo;<\/p>\n<p>Devam eden \u00e7al\u0131\u015fmalara ili\u015fkin de\u011ferlendirmelerde bulunan Ad\u0131yaman Belediye Ba\u015fkan\u0131 Av. Abdurrahman Tutdere, \u015funlar\u0131 kaydetti:<\/p>\n<p>&ldquo;Ad\u0131yaman\u2019\u0131n farkl\u0131 mahallelerinde e\u015f zamanl\u0131 olarak yol ve kald\u0131r\u0131m yenileme \u00e7al\u0131\u015fmalar\u0131n\u0131 s\u00fcrd\u00fcr\u00fcyoruz. Altyap\u0131s\u0131 tamamlanan b\u00f6lgelerde h\u0131zl\u0131ca \u00fcstyap\u0131ya ge\u00e7iyoruz. Ekiplerimiz yo\u011fun bir tempoyla sahada g\u00f6rev yap\u0131yor. Amac\u0131m\u0131z, hem\u015fehrilerimize daha d\u00fczenli, g\u00fcvenli ve modern yollar kazand\u0131rmak. \u00c7al\u0131\u015fmalar tamamland\u0131k\u00e7a vatanda\u015flar\u0131m\u0131z\u0131n ula\u015f\u0131m konforu artacak.&rdquo;<\/p>\n<p>\u00c7al\u0131\u015fmalar Yaz Boyunca S\u00fcrecek<\/p>\n<p>Ad\u0131yaman Belediyesi Fen \u0130\u015fleri M\u00fcd\u00fcrl\u00fc\u011f\u00fc, mevsim \u015fartlar\u0131n\u0131n elveri\u015fli oldu\u011fu yaz aylar\u0131n\u0131 en iyi \u015fekilde de\u011ferlendirerek \u015fehir genelinde asfalt ve kald\u0131r\u0131m yenileme \u00e7al\u0131\u015fmalar\u0131n\u0131 s\u00fcrd\u00fcrecek. Yetkililer, vatanda\u015flar\u0131n sab\u0131r ve anlay\u0131\u015f\u0131 i\u00e7in te\u015fekk\u00fcr ederek, \u00e7al\u0131\u015fmalar\u0131n tamamlanmas\u0131yla birlikte \u015fehir trafi\u011finde g\u00f6zle g\u00f6r\u00fcl\u00fcr bir rahatlama ya\u015fanaca\u011f\u0131n\u0131 belirtti.<\/p><\/p>\n","protected":false},"excerpt":{"rendered":"<p>  &#8211; Ad\u0131yaman Belediyesi, altyap\u0131s\u0131 tamamlanan b\u00f6lgelerde asfalt ve kald\u0131r\u0131m \u00e7al\u0131\u015fmalar\u0131na h\u0131z verdi. Kent genelinde s\u00fcrd\u00fcr\u00fclen \u00fcstyap\u0131 d\u00fczenlemeleri ile ula\u015f\u0131m\u0131n daha g\u00fcvenli ve konforlu hale getirilmesi hedefleniyor.<\/p>\n","protected":false},"author":1,"featured_media":15276,"comment_status":"open","ping_status":"open","sticky":false,"template":"","format":"standard","meta":{"om_disable_all_campaigns":false,"_monsterinsights_skip_tracking":false,"_monsterinsights_sitenote_active":false,"_monsterinsights_sitenote_note":"","_monsterinsights_sitenote_category":0,"footnotes":""},"categories":[1,11],"tags":[540,292,620,1167,674],"aioseo_notices":[],"_links":{"self":[{"href":"https:\/\/www.hbrkahta.com\/index.php\/wp-json\/wp\/v2\/posts\/15275"}],"collection":[{"href":"https:\/\/www.hbrkahta.com\/index.php\/wp-json\/wp\/v2\/posts"}],"about":[{"href":"https:\/\/www.hbrkahta.com\/index.php\/wp-json\/wp\/v2\/types\/post"}],"author":[{"embeddable":true,"href":"https:\/\/www.hbrkahta.com\/index.php\/wp-json\/wp\/v2\/users\/1"}],"replies":[{"embeddable":true,"href":"https:\/\/www.hbrkahta.com\/index.php\/wp-json\/wp\/v2\/comments?post=15275"}],"version-history":[{"count":1,"href":"https:\/\/www.hbrkahta.com\/index.php\/wp-json\/wp\/v2\/posts\/15275\/revisions"}],"predecessor-version":[{"id":15277,"href":"https:\/\/www.hbrkahta.com\/index.php\/wp-json\/wp\/v2\/posts\/15275\/revisions\/15277"}],"wp:featuredmedia":[{"embeddable":true,"href":"https:\/\/www.hbrkahta.com\/index.php\/wp-json\/wp\/v2\/media\/15276"}],"wp:attachment":[{"href":"https:\/\/www.hbrkahta.com\/index.php\/wp-json\/wp\/v2\/media?parent=15275"}],"wp:term":[{"taxonomy":"category","embeddable":true,"href":"https:\/\/www.hbrkahta.com\/index.php\/wp-json\/wp\/v2\/categories?post=15275"},{"taxonomy":"post_tag","embeddable":true,"href":"https:\/\/www.hbrkahta.com\/index.php\/wp-json\/wp\/v2\/tags?post=15275"}],"curies":[{"name":"wp","href":"https:\/\/api.w.org\/{rel}","templated":true}]}}