{"id":15258,"date":"2025-06-19T18:36:07","date_gmt":"2025-06-19T15:36:07","guid":{"rendered":"https:\/\/www.hbrkahta.com\/?p=15258"},"modified":"2025-06-19T18:36:07","modified_gmt":"2025-06-19T15:36:07","slug":"rifat-babanin-turbesi-enkaz-halinde-kaldi-torunundan-destek-cagrisi","status":"publish","type":"post","link":"https:\/\/www.hbrkahta.com\/index.php\/2025\/06\/19\/rifat-babanin-turbesi-enkaz-halinde-kaldi-torunundan-destek-cagrisi\/","title":{"rendered":"R\u0131fat Baba\u2019n\u0131n t\u00fcrbesi enkaz halinde kald\u0131: Torunundan destek \u00e7a\u011fr\u0131s\u0131"},"content":{"rendered":"<p>&ldquo;Ba\u015fvurmad\u0131\u011f\u0131m\u0131z Yer Kalmad\u0131, Ama Sonu\u00e7 Alamad\u0131k&rdquo;<\/p>\n<p>R\u0131fat Baba\u2019n\u0131n torunu Seyyid Mehmet \u015eeref K\u00f6k, sosyal medya \u00fczerinden yapt\u0131\u011f\u0131 a\u00e7\u0131klamada, t\u00fcrbenin ihyas\u0131 i\u00e7in t\u00fcm resmi mercilere ba\u015fvurduklar\u0131n\u0131 ancak bug\u00fcne dek olumlu bir sonu\u00e7 alamad\u0131klar\u0131n\u0131 ifade etti. K\u00f6k \u015fu s\u00f6zlerle yard\u0131m talebinde bulundu:<\/p>\n<p><img decoding=\"async\" alt=\"\" src=\"https:\/\/www.hbrkahta.com\/wp-content\/uploads\/2025\/06\/rifat-babanin-turbesi-enkaz-halinde-kaldi-torunundan-destek-cagrisi-0-T3Mu8Xc2.jpg\"><\/p>\n<p>&ldquo;1798 &#8211; 1864 Ecdad\u0131m\u0131z! B\u00fcy\u00fck dedemiz Ad\u0131yamanl\u0131 R\u0131fat Baba Divan\u0131 gayretli bir hocam\u0131z taraf\u0131ndan ne\u015fredildi. \u00c7ok mutlu olduk. Ancak G\u00fcneydo\u011fudaki b\u00fcy\u00fck depremde dedelerimizin kabri \u015ferifleri de \u00e7ok b\u00fcy\u00fck hasar g\u00f6rd\u00fc. Valilik ve Belediye dahil olmak \u00fczere ba\u015fvurmad\u0131\u011f\u0131m\u0131z bir yer kalmad\u0131. Ancak T\u00fcrbeyi bir \u015fekilde aya\u011fa kald\u0131rmaya muvaffak olamad\u0131k. Sizden istirham\u0131m\u0131z odur ki ula\u015fabilece\u011finiz bir kanal varsa t\u00fcrbenin onar\u0131m\u0131 i\u00e7in elinizden geleni yapman\u0131zd\u0131r.&rdquo;<\/p>\n<p><img decoding=\"async\" alt=\"\" src=\"https:\/\/www.hbrkahta.com\/wp-content\/uploads\/2025\/06\/rifat-babanin-turbesi-enkaz-halinde-kaldi-torunundan-destek-cagrisi-1-S6PBFtFs.jpg\"><\/p>\n<p>R\u0131fat Baba Kimdir?<\/p>\n<p>1798 y\u0131l\u0131nda Ad\u0131yaman\u2019da d\u00fcnyaya gelen R\u0131fat Baba, Osmanl\u0131 d\u00f6neminde yeti\u015fmi\u015f \u00f6nemli bir mutasavv\u0131f ve Divan \u015fairidir. \u0130stanbul ba\u015fta olmak \u00fczere Anadolu\u2019nun \u00e7e\u015fitli \u015fehirlerinde ya\u015fam\u0131\u015f, \u00f6zellikle Elaz\u0131\u011f\u2019da As\u0131m Efendi Kona\u011f\u0131\u2019nda uzun s\u00fcre misafir edilmi\u015ftir. Hem ilmi hem edebi y\u00f6n\u00fcyle tan\u0131nan R\u0131fat Baba, halk aras\u0131nda &ldquo;M\u0131raz Dede&rdquo; olarak da bilinmektedir.<\/p>\n<p>Divan\u0131 2024\u2019te Kitapla\u015ft\u0131r\u0131ld\u0131<\/p>\n<p>R\u0131fat Baba\u2019n\u0131n \u015fiirlerinden olu\u015fan Divan\u0131, Ad\u0131yamanl\u0131 ara\u015ft\u0131rmac\u0131-yazar Dr. Mehmet Sad\u0131k \u00d6zkan taraf\u0131ndan Latin harflerine aktar\u0131larak g\u00fcn\u00fcm\u00fcz T\u00fcrk\u00e7esine \u00e7evrildi ve Son\u00e7a\u011f Akademi Yay\u0131nlar\u0131 taraf\u0131ndan 502 sayfa olarak yay\u0131mland\u0131. Eser, Diyarbak\u0131r Ziya G\u00f6kalp Yazma Eserler K\u00fct\u00fcphanesi\u2019nde kay\u0131tl\u0131 orijinal n\u00fcshadan hareketle haz\u0131rland\u0131.<\/p>\n<p>Dr. \u00d6zkan, kitab\u0131n takdimi s\u0131ras\u0131nda yapt\u0131\u011f\u0131 a\u00e7\u0131klamada Ad\u0131yaman\u2019\u0131n Divan edebiyat\u0131 a\u00e7\u0131s\u0131ndan zengin bir \u015fehir oldu\u011funa dikkat \u00e7ekerek, R\u0131fat Baba\u2019n\u0131n bu gelenekte \u00f6nemli bir yer tuttu\u011funu belirtti.<\/p>\n<p><img decoding=\"async\" alt=\"\" src=\"https:\/\/www.hbrkahta.com\/wp-content\/uploads\/2025\/06\/rifat-babanin-turbesi-enkaz-halinde-kaldi-torunundan-destek-cagrisi-2-gTFNXgdK.jpg\"><\/p>\n<p>Depremde Harabeye D\u00f6nd\u00fc<\/p>\n<p>Ad\u0131yaman Varl\u0131k Mahallesi\u2019nde bulunan ve yakla\u015f\u0131k 34 metrekare b\u00fcy\u00fckl\u00fc\u011f\u00fcndeki betonarme t\u00fcrbe, 6 \u015eubat 2023 depremleriyle a\u011f\u0131r hasar ald\u0131. T\u00fcrbenin kubbesi \u00e7\u00f6kt\u00fc, duvarlar\u0131 \u00e7atlad\u0131, kap\u0131s\u0131 ve i\u00e7 donan\u0131m\u0131 kullan\u0131lamaz hale geldi. R\u0131fat Baba\u2019n\u0131n sandukas\u0131 ile birlikte t\u00fcrbe i\u00e7erisinde bulunan torunu Hac\u0131 \u0130brahim Halil K\u00f6k\u2019\u00fcn (1305&ndash;1942) mezar\u0131 da a\u00e7\u0131kta kald\u0131. Sandukan\u0131n \u00e7evresindeki T\u00fcrk bayra\u011f\u0131, b\u00fcy\u00fck tespihler ve \u00f6rt\u00fcler ise molozlar\u0131n aras\u0131nda kald\u0131.<\/p>\n<p><img decoding=\"async\" alt=\"\" src=\"https:\/\/www.hbrkahta.com\/wp-content\/uploads\/2025\/06\/rifat-babanin-turbesi-enkaz-halinde-kaldi-torunundan-destek-cagrisi-3-Cv8alXRG.jpg\"><\/p>\n<p>K\u00fclt\u00fcrel ve Manevi De\u011fer Korunmal\u0131<\/p>\n<p>Depremin \u00fczerinden ge\u00e7en zamana ra\u011fmen t\u00fcrbenin h&acirc;l&acirc; enkaz halinde duruyor olmas\u0131, hem yerel halk hem de tarih ve edebiyat \u00e7evrelerinde \u00fcz\u00fcnt\u00fcyle kar\u015f\u0131lan\u0131yor. R\u0131fat Baba gibi bir de\u011ferin kabri ve t\u00fcrbesinin korunamamas\u0131, Ad\u0131yaman\u2019\u0131n manevi ve edebi miras\u0131n\u0131n da zarar g\u00f6rmesi anlam\u0131na geliyor.<\/p>\n<p>Yetkililerden herhangi bir destek g\u00f6remediklerini belirten aile, bu konuda kamuoyunun ve \u00f6zellikle hay\u0131rseverlerin deste\u011fini talep ediyor. Ailenin \u00e7a\u011fr\u0131s\u0131, sosyal medyada da \u00e7ok say\u0131da ki\u015fi taraf\u0131ndan payla\u015f\u0131l\u0131rken, yerel sivil toplum kurulu\u015flar\u0131 ve kanaat \u00f6nderleri de konuya duyarl\u0131l\u0131k g\u00f6sterilmesini istiyor.<\/p><\/p>\n","protected":false},"excerpt":{"rendered":"<p> Fatma Didar YILDIRIM &#8211; Ad\u0131yamanl\u0131 mutasavv\u0131f \u015fair R\u0131fat Baba\u2019n\u0131n Varl\u0131k Mahallesi\u2019ndeki (1798\u20131864) t\u00fcrbesi, 6 \u015eubat 2023 depremlerinde b\u00fcy\u00fck hasar g\u00f6rd\u00fc. Ancak ge\u00e7en s\u00fcrede herhangi bir restorasyon \u00e7al\u0131\u015fmas\u0131 yap\u0131lmad\u0131. T\u00fcrbe h\u00e2len harabe halde dururken, R\u0131fat Baba\u2019n\u0131n torunlar\u0131ndan Seyyid Mehmet \u015eeref K\u00f6k, yapt\u0131\u011f\u0131 a\u00e7\u0131klamayla yetkililere ve hay\u0131rseverlere \u00e7a\u011fr\u0131da bulundu.<\/p>\n","protected":false},"author":1,"featured_media":15259,"comment_status":"open","ping_status":"open","sticky":false,"template":"","format":"standard","meta":{"om_disable_all_campaigns":false,"_monsterinsights_skip_tracking":false,"_monsterinsights_sitenote_active":false,"_monsterinsights_sitenote_note":"","_monsterinsights_sitenote_category":0,"footnotes":""},"categories":[1,11],"tags":[540,720,2391,2390,539],"aioseo_notices":[],"_links":{"self":[{"href":"https:\/\/www.hbrkahta.com\/index.php\/wp-json\/wp\/v2\/posts\/15258"}],"collection":[{"href":"https:\/\/www.hbrkahta.com\/index.php\/wp-json\/wp\/v2\/posts"}],"about":[{"href":"https:\/\/www.hbrkahta.com\/index.php\/wp-json\/wp\/v2\/types\/post"}],"author":[{"embeddable":true,"href":"https:\/\/www.hbrkahta.com\/index.php\/wp-json\/wp\/v2\/users\/1"}],"replies":[{"embeddable":true,"href":"https:\/\/www.hbrkahta.com\/index.php\/wp-json\/wp\/v2\/comments?post=15258"}],"version-history":[{"count":1,"href":"https:\/\/www.hbrkahta.com\/index.php\/wp-json\/wp\/v2\/posts\/15258\/revisions"}],"predecessor-version":[{"id":15264,"href":"https:\/\/www.hbrkahta.com\/index.php\/wp-json\/wp\/v2\/posts\/15258\/revisions\/15264"}],"wp:featuredmedia":[{"embeddable":true,"href":"https:\/\/www.hbrkahta.com\/index.php\/wp-json\/wp\/v2\/media\/15259"}],"wp:attachment":[{"href":"https:\/\/www.hbrkahta.com\/index.php\/wp-json\/wp\/v2\/media?parent=15258"}],"wp:term":[{"taxonomy":"category","embeddable":true,"href":"https:\/\/www.hbrkahta.com\/index.php\/wp-json\/wp\/v2\/categories?post=15258"},{"taxonomy":"post_tag","embeddable":true,"href":"https:\/\/www.hbrkahta.com\/index.php\/wp-json\/wp\/v2\/tags?post=15258"}],"curies":[{"name":"wp","href":"https:\/\/api.w.org\/{rel}","templated":true}]}}