{"id":15240,"date":"2025-06-19T17:24:04","date_gmt":"2025-06-19T14:24:04","guid":{"rendered":"https:\/\/www.hbrkahta.com\/?p=15240"},"modified":"2025-06-19T17:24:04","modified_gmt":"2025-06-19T14:24:04","slug":"muhtarlardan-ortak-tepki-moloz-yiginlari-artik-hayatimizin-parcasi-oldu","status":"publish","type":"post","link":"https:\/\/www.hbrkahta.com\/index.php\/2025\/06\/19\/muhtarlardan-ortak-tepki-moloz-yiginlari-artik-hayatimizin-parcasi-oldu\/","title":{"rendered":"Muhtarlardan ortak tepki: \u2018Moloz y\u0131\u011f\u0131nlar\u0131 art\u0131k hayat\u0131m\u0131z\u0131n par\u00e7as\u0131 oldu\u2019"},"content":{"rendered":"<p>Ad\u0131yaman\u2019da Depremin \u0130zleri Silinmedi, Mahalleler H&acirc;l&acirc; Enkaz Alt\u0131nda<\/p>\n<p>&#8220;Her Taraf Moloz, Hayat\u0131m\u0131z\u0131 Ku\u015fatt\u0131&#8221;<\/p>\n<p>Federasyon ad\u0131na yap\u0131lan yaz\u0131l\u0131 a\u00e7\u0131klamada, \u015fehrin bir\u00e7ok mahallesinde y\u0131k\u0131mlar sonras\u0131 olu\u015fan moloz y\u0131\u011f\u0131nlar\u0131n\u0131n hem \u00e7evre sa\u011fl\u0131\u011f\u0131na hem de psikolojik olarak vatanda\u015flara zarar verdi\u011fi belirtilerek, &ldquo;Art\u0131k ne tarafa d\u00f6nsek moloz g\u00f6r\u00fcyoruz. Depremin \u00fczerinden y\u0131llar ge\u00e7ti ama biz h&acirc;l&acirc; y\u0131k\u0131m g\u00fcnlerini ya\u015far gibiyiz. Al\u0131\u015fmak istemiyoruz bu duruma. Her yer berbat bir halde. Bu kadar zaman ge\u00e7mesine ra\u011fmen neden hala bu enkazlar kald\u0131r\u0131lmad\u0131, anlam\u0131\u015f de\u011filiz&rdquo; ifadelerine yer verildi.<\/p>\n<p>&#8220;Duygular\u0131m\u0131z H&acirc;l&acirc; Taze, Molozlar Hat\u0131rlat\u0131yor&#8221;<\/p>\n<p>Konuya ili\u015fkin de\u011ferlendirmelerde bulunan Ad\u0131yaman Muhtarlar Federasyonu Ba\u015fkan Yard\u0131mc\u0131s\u0131 ve Bas\u0131n S\u00f6zc\u00fcs\u00fc Mustafa \u0130lik ise moloz y\u0131\u011f\u0131nlar\u0131n\u0131n halk\u0131n hem fiziksel hem de psikolojik sa\u011fl\u0131\u011f\u0131n\u0131 olumsuz etkiledi\u011fini vurgulad\u0131.<\/p>\n<p>&ldquo;Felaketin \u00fczerinden iki bu\u00e7uk y\u0131l ge\u00e7ti ama Ad\u0131yaman h&acirc;l&acirc; enkaz y\u0131\u011f\u0131n\u0131yla bo\u011fu\u015fuyor. \u0130nsanlar\u0131m\u0131z evlatlar\u0131n\u0131, ailelerini kaybetti. Sokaklarda hala moloz g\u00f6rmek, ya\u015fad\u0131\u011f\u0131m\u0131z ac\u0131y\u0131 her g\u00fcn yeniden hat\u0131rlat\u0131yor. Bu \u015fehirde ya\u015fayan insanlar ge\u00e7mi\u015fiyle y\u00fczle\u015fmeye mecbur b\u0131rak\u0131l\u0131yor.&rdquo;<\/p>\n<p>&ldquo;Asr\u0131n felaketi olarak adland\u0131r\u0131lan bir depremin ard\u0131ndan bir\u00e7ok hayalimiz y\u0131k\u0131ld\u0131. Yeniden hayal kurmak istiyoruz. Ama bu g\u00f6r\u00fcnt\u00fclerle ya\u015famak bize ac\u0131y\u0131 s\u00fcrekli hat\u0131rlat\u0131yor. G\u00f6\u00e7 eden insanlar oldu, kalanlar da ya\u015fad\u0131\u011f\u0131 mahallede nefes alam\u0131yor. Molozlar art\u0131k kaderimiz olmamal\u0131.&rdquo;<\/p>\n<p>&#8220;Pencerelerimizi Bile A\u00e7am\u0131yoruz&#8221;<\/p>\n<p>\u0130lik, \u00f6zellikle y\u0131k\u0131m firmalar\u0131n\u0131n sorumluluklar\u0131n\u0131 yerine getirmemesinden yak\u0131nd\u0131. Enkazlar\u0131n kald\u0131r\u0131lmadan b\u0131rak\u0131lmas\u0131n\u0131n \u00e7evre kirlili\u011fini art\u0131rd\u0131\u011f\u0131na dikkat \u00e7eken \u0130lik, \u015f\u00f6yle konu\u015ftu:<\/p>\n<p>&ldquo;Y\u0131k\u0131m firmalar\u0131 i\u015flerini bitirdikten sonra molozlar\u0131 kald\u0131rmadan \u00e7ekiliyor. Bu da mahalle aralar\u0131n\u0131, bo\u015f arsalar\u0131 moloz depolama alan\u0131na \u00e7eviriyor. Toz toprak i\u00e7inde ya\u015f\u0131yoruz. Penceremizi a\u00e7am\u0131yoruz. \u00c7ocuklar\u0131m\u0131z bu sokaklarda oynuyor. Sa\u011fl\u0131k a\u00e7\u0131s\u0131ndan b\u00fcy\u00fck risk alt\u0131nday\u0131z. Bu sadece g\u00f6r\u00fcnt\u00fc kirlili\u011fi de\u011fil, halk sa\u011fl\u0131\u011f\u0131n\u0131 tehdit eden bir ihmal.&rdquo;<\/p>\n<p>Valili\u011fe, Belediyeye Ve Bakanl\u0131\u011fa Ortak \u00c7a\u011fr\u0131<\/p>\n<p>\u0130lik, a\u00e7\u0131klamas\u0131n\u0131n sonunda Ad\u0131yaman Valili\u011fi, \u00c7evre \u015eehircilik ve \u0130klim De\u011fi\u015fikli\u011fi \u0130l M\u00fcd\u00fcrl\u00fc\u011f\u00fc ile Ad\u0131yaman Belediyesi\u2019ne \u00e7a\u011fr\u0131da bulunarak, moloz temizli\u011finin h\u0131zland\u0131r\u0131lmas\u0131 ve merkez mahallelerde ortak bir planlama ile \u00e7al\u0131\u015fmalar\u0131n y\u00fcr\u00fct\u00fclmesini talep etti.<\/p>\n<p>&ldquo;Bu \u015fehir daha fazlas\u0131n\u0131 hak ediyor. Ortak hareket edin, sokak aralar\u0131ndaki molozlar\u0131 bir an \u00f6nce kald\u0131r\u0131n. Hepimiz ayn\u0131 \u015fehirde ya\u015f\u0131yoruz, hepimizin \u00e7ocuklar\u0131 bu sokaklarda y\u00fcr\u00fcyor.&rdquo;<\/p><\/p>\n","protected":false},"excerpt":{"rendered":"<p> Fatma Didar YILDIRIM \u2013 6 \u015eubat depreminin \u00fczerinden yakla\u015f\u0131k iki bu\u00e7uk y\u0131l ge\u00e7mesine ra\u011fmen Ad\u0131yaman \u015fehir merkezindeki bir\u00e7ok noktada y\u0131k\u0131lan binalar\u0131n molozlar\u0131 h\u00e2l\u00e2 kald\u0131r\u0131lmad\u0131. Ad\u0131yaman Muhtarlar Federasyonu, \u015fehir genelinde devam eden bu olumsuz manzara kar\u015f\u0131s\u0131nda ortak bir a\u00e7\u0131klama yaparak yetkililere acil \u00e7a\u011fr\u0131da bulundu: \u201cBu g\u00f6r\u00fcnt\u00fclerle her g\u00fcn yeniden depremi ya\u015f\u0131yoruz. Art\u0131k molozlar\u0131n temizlenmesini istiyoruz.\u201d<\/p>\n","protected":false},"author":1,"featured_media":15241,"comment_status":"open","ping_status":"open","sticky":false,"template":"","format":"standard","meta":{"om_disable_all_campaigns":false,"_monsterinsights_skip_tracking":false,"_monsterinsights_sitenote_active":false,"_monsterinsights_sitenote_note":"","_monsterinsights_sitenote_category":0,"footnotes":""},"categories":[1,11],"tags":[559,540,535,547,776],"aioseo_notices":[],"_links":{"self":[{"href":"https:\/\/www.hbrkahta.com\/index.php\/wp-json\/wp\/v2\/posts\/15240"}],"collection":[{"href":"https:\/\/www.hbrkahta.com\/index.php\/wp-json\/wp\/v2\/posts"}],"about":[{"href":"https:\/\/www.hbrkahta.com\/index.php\/wp-json\/wp\/v2\/types\/post"}],"author":[{"embeddable":true,"href":"https:\/\/www.hbrkahta.com\/index.php\/wp-json\/wp\/v2\/users\/1"}],"replies":[{"embeddable":true,"href":"https:\/\/www.hbrkahta.com\/index.php\/wp-json\/wp\/v2\/comments?post=15240"}],"version-history":[{"count":1,"href":"https:\/\/www.hbrkahta.com\/index.php\/wp-json\/wp\/v2\/posts\/15240\/revisions"}],"predecessor-version":[{"id":15242,"href":"https:\/\/www.hbrkahta.com\/index.php\/wp-json\/wp\/v2\/posts\/15240\/revisions\/15242"}],"wp:featuredmedia":[{"embeddable":true,"href":"https:\/\/www.hbrkahta.com\/index.php\/wp-json\/wp\/v2\/media\/15241"}],"wp:attachment":[{"href":"https:\/\/www.hbrkahta.com\/index.php\/wp-json\/wp\/v2\/media?parent=15240"}],"wp:term":[{"taxonomy":"category","embeddable":true,"href":"https:\/\/www.hbrkahta.com\/index.php\/wp-json\/wp\/v2\/categories?post=15240"},{"taxonomy":"post_tag","embeddable":true,"href":"https:\/\/www.hbrkahta.com\/index.php\/wp-json\/wp\/v2\/tags?post=15240"}],"curies":[{"name":"wp","href":"https:\/\/api.w.org\/{rel}","templated":true}]}}