{"id":15228,"date":"2025-06-19T16:36:05","date_gmt":"2025-06-19T13:36:05","guid":{"rendered":"https:\/\/www.hbrkahta.com\/?p=15228"},"modified":"2025-06-19T16:36:05","modified_gmt":"2025-06-19T13:36:05","slug":"kahta-belediye-baskan-yardimcisi-bunyamin-balci-gorevinden-ayrildi","status":"publish","type":"post","link":"https:\/\/www.hbrkahta.com\/index.php\/2025\/06\/19\/kahta-belediye-baskan-yardimcisi-bunyamin-balci-gorevinden-ayrildi\/","title":{"rendered":"Kahta Belediye Ba\u015fkan Yard\u0131mc\u0131s\u0131 B\u00fcnyamin Balc\u0131 g\u00f6revinden ayr\u0131ld\u0131"},"content":{"rendered":"<p>B\u00fcnyamin Balc\u0131, yaz\u0131l\u0131 olarak yapt\u0131\u011f\u0131 a\u00e7\u0131klamayla yakla\u015f\u0131k iki y\u0131ld\u0131r s\u00fcrd\u00fcrd\u00fc\u011f\u00fc Kahta Belediye Ba\u015fkan Yard\u0131mc\u0131l\u0131\u011f\u0131 g\u00f6revinden ayr\u0131ld\u0131\u011f\u0131n\u0131 duyurdu. G\u00f6rev s\u00fcresi boyunca belediye hizmetlerinde kamu yarar\u0131 ve yetim hakk\u0131n\u0131 \u00f6nceleyen bir anlay\u0131\u015fla \u00e7al\u0131\u015ft\u0131\u011f\u0131n\u0131 ifade eden Balc\u0131, bundan sonra mesle\u011fi olan mali m\u00fc\u015favirlik alan\u0131nda hizmet vermeye ve Belediye Meclis \u00dcyesi olarak da Kahta i\u00e7in \u00e7al\u0131\u015fmaya devam edece\u011fini kaydetti.<\/p>\n<p>Balc\u0131, kamuoyuyla payla\u015ft\u0131\u011f\u0131 veda mesaj\u0131nda \u015fu ifadeleri kulland\u0131:<\/p>\n<p>&ldquo;Yakla\u015f\u0131k iki y\u0131ld\u0131r b\u00fcy\u00fck bir onur ve sorumlulukla y\u00fcr\u00fctt\u00fc\u011f\u00fcm Kahta Belediye Ba\u015fkan Yard\u0131mc\u0131l\u0131\u011f\u0131 g\u00f6revimden bug\u00fcn itibar\u0131yla ayr\u0131lm\u0131\u015f bulunuyorum.<\/p>\n<p>Bu s\u00fcre\u00e7te Kahtam\u0131z\u0131n daha ya\u015fanabilir bir \u015fehir olmas\u0131 ad\u0131na Belediye Ba\u015fkan\u0131m\u0131z Say\u0131n Mehmet Can Halla\u00e7\u2019\u0131n liderli\u011finde elimden gelen t\u00fcm gayretle \u00e7al\u0131\u015ft\u0131m. Her ad\u0131mda kamu yarar\u0131n\u0131 \u00f6nceleyen bir anlay\u0131\u015fla hareket etmeye \u00f6zen g\u00f6sterdim. G\u00f6rev s\u00fcrem boyunca birlikte emek verdi\u011fimiz de\u011ferli belediye \u00e7al\u0131\u015fanlar\u0131na, \u00f6zverili destekleri ve uyumlu \u00e7al\u0131\u015fmalar\u0131 i\u00e7in i\u00e7tenlikle te\u015fekk\u00fcr ediyorum.<\/p>\n<p>Ba\u015fta, Say\u0131n Belediye Ba\u015fkan\u0131m\u0131z Mehmet Can Halla\u00e7 olmak \u00fczere, AK Parti Kahta \u0130l\u00e7e Te\u015fkilat\u0131na ve g\u00f6rev s\u00fcrem boyunca samimiyetini, g\u00fcvenini ve deste\u011fini esirgemeyen t\u00fcm Kahtal\u0131 hem\u015fehrilerime \u015f\u00fckranlar\u0131m\u0131 sunuyorum. Bu g\u00f6rev benim i\u00e7in sadece bir makam de\u011fil, ayn\u0131 zamanda hem\u015fehrilerime hizmet etme f\u0131rsat\u0131yd\u0131.<\/p>\n<p>Bug\u00fcnden itibaren mesle\u011fim olan Mali M\u00fc\u015favirlik alan\u0131nda hizmet vermeye devam edece\u011fim. Belediye Meclis \u00dcyesi olarak da Kahtam\u0131z i\u00e7in \u00e7al\u0131\u015fmay\u0131 onurla devam ettirece\u011fim. G\u00f6rev s\u00fcrem boyunca istemeden k\u0131rd\u0131\u011f\u0131m ya da hakk\u0131n\u0131 teslim edemedi\u011fim bir karde\u015fim olduysa helallik diler, benden yana da herkese hakk\u0131m helal ederim.<\/p>\n<p>Kahtam\u0131za hizmet etmeye, her platformda il\u00e7emizin hak ve menfaatlerini savunmaya devam edece\u011fim. Rabbim memleketimize ve milletimize daima hay\u0131rl\u0131 hizmetler etmeyi nasip etsin.&rdquo;<\/p>\n<p>G\u00f6revden ayr\u0131l\u0131\u015f s\u00fcrecine ili\u015fkin Belediye taraf\u0131ndan resmi bir a\u00e7\u0131klama yap\u0131lmazken, Balc\u0131\u2019n\u0131n mesaj\u0131 Kahta kamuoyunda sayg\u0131 ve takdirle kar\u015f\u0131land\u0131.<\/p><\/p>\n","protected":false},"excerpt":{"rendered":"<p> Mustafa KAMI\u015e &#8211; Kahta Belediye Ba\u015fkan Yard\u0131mc\u0131s\u0131 ve Mali M\u00fc\u015favir B\u00fcnyamin Balc\u0131, y\u00fcr\u00fctt\u00fc\u011f\u00fc g\u00f6revinden ayr\u0131ld\u0131\u011f\u0131n\u0131 duyurdu. G\u00f6rev s\u00fcresince Kahta\u2019ya hizmet etmekten onur duydu\u011funu belirten Balc\u0131, Belediye Ba\u015fkan\u0131 Mehmet Can Halla\u00e7 ba\u015fta olmak \u00fczere Belediye \u00c7al\u0131\u015fanlar\u0131na, AK Parti Te\u015fkilat\u0131&#8217;na ve Kahta Halk\u0131&#8217;na te\u015fekk\u00fcr etti.<\/p>\n","protected":false},"author":1,"featured_media":15229,"comment_status":"open","ping_status":"open","sticky":false,"template":"","format":"standard","meta":{"om_disable_all_campaigns":false,"_monsterinsights_skip_tracking":false,"_monsterinsights_sitenote_active":false,"_monsterinsights_sitenote_note":"","_monsterinsights_sitenote_category":0,"footnotes":""},"categories":[1,11],"tags":[295,540,558,233,614],"aioseo_notices":[],"_links":{"self":[{"href":"https:\/\/www.hbrkahta.com\/index.php\/wp-json\/wp\/v2\/posts\/15228"}],"collection":[{"href":"https:\/\/www.hbrkahta.com\/index.php\/wp-json\/wp\/v2\/posts"}],"about":[{"href":"https:\/\/www.hbrkahta.com\/index.php\/wp-json\/wp\/v2\/types\/post"}],"author":[{"embeddable":true,"href":"https:\/\/www.hbrkahta.com\/index.php\/wp-json\/wp\/v2\/users\/1"}],"replies":[{"embeddable":true,"href":"https:\/\/www.hbrkahta.com\/index.php\/wp-json\/wp\/v2\/comments?post=15228"}],"version-history":[{"count":1,"href":"https:\/\/www.hbrkahta.com\/index.php\/wp-json\/wp\/v2\/posts\/15228\/revisions"}],"predecessor-version":[{"id":15230,"href":"https:\/\/www.hbrkahta.com\/index.php\/wp-json\/wp\/v2\/posts\/15228\/revisions\/15230"}],"wp:featuredmedia":[{"embeddable":true,"href":"https:\/\/www.hbrkahta.com\/index.php\/wp-json\/wp\/v2\/media\/15229"}],"wp:attachment":[{"href":"https:\/\/www.hbrkahta.com\/index.php\/wp-json\/wp\/v2\/media?parent=15228"}],"wp:term":[{"taxonomy":"category","embeddable":true,"href":"https:\/\/www.hbrkahta.com\/index.php\/wp-json\/wp\/v2\/categories?post=15228"},{"taxonomy":"post_tag","embeddable":true,"href":"https:\/\/www.hbrkahta.com\/index.php\/wp-json\/wp\/v2\/tags?post=15228"}],"curies":[{"name":"wp","href":"https:\/\/api.w.org\/{rel}","templated":true}]}}