{"id":15219,"date":"2025-06-19T10:24:04","date_gmt":"2025-06-19T07:24:04","guid":{"rendered":"https:\/\/www.hbrkahta.com\/?p=15219"},"modified":"2025-06-19T10:24:04","modified_gmt":"2025-06-19T07:24:04","slug":"baskan-hasim-asnuktan-konteyner-tahliyelerine-tepki-saadet-partisinden-erteleme-cagrisi","status":"publish","type":"post","link":"https:\/\/www.hbrkahta.com\/index.php\/2025\/06\/19\/baskan-hasim-asnuktan-konteyner-tahliyelerine-tepki-saadet-partisinden-erteleme-cagrisi\/","title":{"rendered":"Ba\u015fkan Ha\u015fim Asnuk\u2019tan Konteyner tahliyelerine tepki: Saadet Partisi\u2019nden erteleme \u00e7a\u011fr\u0131s\u0131"},"content":{"rendered":"<p>\u0130l Ba\u015fkan\u0131 Ha\u015fim Asnuk imzas\u0131yla yap\u0131lan a\u00e7\u0131klamada, kal\u0131c\u0131 konut vaatlerinin b\u00fcy\u00fck \u00f6l\u00e7\u00fcde yerine getirilmedi\u011fi hat\u0131rlat\u0131larak, &ldquo;Vatanda\u015flar\u0131m\u0131z\u0131 konteynerlerden \u00e7\u0131kmaya zorlamak, bar\u0131nma krizi ve ekonomik y\u00fck anlam\u0131na gelir&rdquo; denildi.<br \/>\nKonteyner kentlerde h&acirc;l&acirc; binlerce ki\u015finin ya\u015fad\u0131\u011f\u0131na dikkat \u00e7ekilen a\u00e7\u0131klamada, \u00f6zellikle kirac\u0131 durumundaki depremzedelerin ma\u011fdur edildi\u011fi ifade edildi.<br \/>\nEmlak Konut\u2019un a\u00e7\u0131klamas\u0131na g\u00f6re kal\u0131c\u0131 konutlar\u0131n \u00f6nemli bir k\u0131sm\u0131n\u0131n Ekim 2025\u2019te teslim edilece\u011fi belirtilirken, Saadet Partisi konteyner tahliyelerinin bu tarihe kadar ertelenmesi \u00e7a\u011fr\u0131s\u0131nda bulundu.<br \/>\nA\u00e7\u0131klamada ayr\u0131ca, hak sahipli\u011fi bulunmayan kirac\u0131lara ge\u00e7ici bar\u0131nma \u00e7\u00f6z\u00fcmleri sunulmas\u0131 ve sosyal desteklerin art\u0131r\u0131lmas\u0131 talep edildi. S\u00fcrecin \u015feffaf, adil ve insan onuruna uygun \u015fekilde y\u00fcr\u00fct\u00fclmesi gerekti\u011fi vurguland\u0131.<\/p><\/p>\n","protected":false},"excerpt":{"rendered":"<p> Saadet Partisi Ad\u0131yaman \u0130l Ba\u015fkan\u0131 Ha\u015fim Asnuk , 6 \u015eubat 2023 depremlerinin ard\u0131ndan konteyner kentlerde bar\u0131nan kirac\u0131 memurlar\u0131n 30 Haziran\u2019a kadar tahliye edilmesi y\u00f6n\u00fcndeki talimata tepki g\u00f6sterdi.<\/p>\n","protected":false},"author":1,"featured_media":15220,"comment_status":"open","ping_status":"open","sticky":false,"template":"","format":"standard","meta":{"om_disable_all_campaigns":false,"_monsterinsights_skip_tracking":false,"_monsterinsights_sitenote_active":false,"_monsterinsights_sitenote_note":"","_monsterinsights_sitenote_category":0,"footnotes":""},"categories":[1,11],"tags":[],"aioseo_notices":[],"_links":{"self":[{"href":"https:\/\/www.hbrkahta.com\/index.php\/wp-json\/wp\/v2\/posts\/15219"}],"collection":[{"href":"https:\/\/www.hbrkahta.com\/index.php\/wp-json\/wp\/v2\/posts"}],"about":[{"href":"https:\/\/www.hbrkahta.com\/index.php\/wp-json\/wp\/v2\/types\/post"}],"author":[{"embeddable":true,"href":"https:\/\/www.hbrkahta.com\/index.php\/wp-json\/wp\/v2\/users\/1"}],"replies":[{"embeddable":true,"href":"https:\/\/www.hbrkahta.com\/index.php\/wp-json\/wp\/v2\/comments?post=15219"}],"version-history":[{"count":1,"href":"https:\/\/www.hbrkahta.com\/index.php\/wp-json\/wp\/v2\/posts\/15219\/revisions"}],"predecessor-version":[{"id":15221,"href":"https:\/\/www.hbrkahta.com\/index.php\/wp-json\/wp\/v2\/posts\/15219\/revisions\/15221"}],"wp:featuredmedia":[{"embeddable":true,"href":"https:\/\/www.hbrkahta.com\/index.php\/wp-json\/wp\/v2\/media\/15220"}],"wp:attachment":[{"href":"https:\/\/www.hbrkahta.com\/index.php\/wp-json\/wp\/v2\/media?parent=15219"}],"wp:term":[{"taxonomy":"category","embeddable":true,"href":"https:\/\/www.hbrkahta.com\/index.php\/wp-json\/wp\/v2\/categories?post=15219"},{"taxonomy":"post_tag","embeddable":true,"href":"https:\/\/www.hbrkahta.com\/index.php\/wp-json\/wp\/v2\/tags?post=15219"}],"curies":[{"name":"wp","href":"https:\/\/api.w.org\/{rel}","templated":true}]}}