{"id":15162,"date":"2025-06-16T23:48:03","date_gmt":"2025-06-16T20:48:03","guid":{"rendered":"https:\/\/www.hbrkahta.com\/?p=15162"},"modified":"2025-06-16T23:48:03","modified_gmt":"2025-06-16T20:48:03","slug":"egitim-senden-sert-tepki-mulakat-degil-liyakat","status":"publish","type":"post","link":"https:\/\/www.hbrkahta.com\/index.php\/2025\/06\/16\/egitim-senden-sert-tepki-mulakat-degil-liyakat\/","title":{"rendered":"E\u011fitim Sen\u2019den sert tepki: \u2018M\u00fclakat de\u011fil, liyakat!\u2019"},"content":{"rendered":"<p>Zeynel Polat: &ldquo;Bu sadece sendikal de\u011fil, insan onuru m\u00fccadelesidir&rdquo;<\/p>\n<p>&ldquo;M\u00fclakat Komisyonlar\u0131 Tarafs\u0131zl\u0131\u011f\u0131n\u0131 Yitirmi\u015ftir&rdquo;<\/p>\n<p>Ad\u0131yaman\u2019da E\u011fitim Sen \u00fcyeleriyle birlikte kameralar\u0131n kar\u015f\u0131s\u0131na ge\u00e7en \u015eube Ba\u015fkan\u0131 Zeynel Polat, yapt\u0131\u011f\u0131 a\u00e7\u0131klamada \u015funlar\u0131 s\u00f6yledi:<\/p>\n<p>&ldquo;2025 y\u0131l\u0131 okul y\u00f6neticili\u011fi yaz\u0131l\u0131 s\u0131nav\u0131nda \u00fcst\u00fcn ba\u015far\u0131 g\u00f6steren E\u011fitim Sen \u00fcyesi arkada\u015flar\u0131m\u0131z, m\u00fclakat ad\u0131 alt\u0131nda y\u00fcr\u00fct\u00fclen siyasi bir eleme s\u00fcreciyle haks\u0131z \u015fekilde saf d\u0131\u015f\u0131 b\u0131rak\u0131lm\u0131\u015ft\u0131r. Bu uygulama; hukuka, adalete, e\u015fitli\u011fe ve insan onuruna ayk\u0131r\u0131d\u0131r.&rdquo;<\/p>\n<p>Polat, y\u0131llarca e\u011fitim alan\u0131nda emek vermi\u015f \u00f6\u011fretmenlerin, hi\u00e7bir objektif kriter g\u00f6zetilmeden, komisyonlarca keyfi bi\u00e7imde de\u011ferlendirilip elendi\u011fini vurgulayarak komisyon \u00fcyelerinin tarafs\u0131zl\u0131\u011f\u0131n\u0131 yitirdi\u011fini ifade etti.<\/p>\n<p>&ldquo;Reddi \u0130dareci Talebimizdir&rdquo;<\/p>\n<p>A\u00e7\u0131klamas\u0131nda m\u00fclakat s\u00fcrecine ili\u015fkin &ldquo;reddi idareci&rdquo; talebini kamuoyuyla payla\u015fan Polat, komisyon \u00fcyelerinin sendikal kimlik ve politik duru\u015fa g\u00f6re puanlama yapt\u0131\u011f\u0131n\u0131 savundu:<\/p>\n<p>&ldquo;Tarafs\u0131zl\u0131k ve liyakat ilkesine ayk\u0131r\u0131 davrand\u0131klar\u0131n\u0131 d\u00fc\u015f\u00fcnd\u00fc\u011f\u00fcm\u00fcz komisyon \u00fcyelerinin de\u011ferlendirme s\u00fcre\u00e7lerinden ivedilikle \u00e7ekilmelerini talep ediyoruz. Bu tav\u0131r; liyakatin de\u011fil, sadakatin esas al\u0131nd\u0131\u011f\u0131n\u0131 bir kez daha ortaya koymu\u015ftur.&rdquo;<\/p>\n<p>&ldquo;Yanda\u015f Sendikalar Bu Adaletsizli\u011fin Orta\u011f\u0131d\u0131r&rdquo;<\/p>\n<p>Polat, yaln\u0131zca siyasi iktidar\u0131 de\u011fil, sessiz kalan sendikalar\u0131 da ele\u015ftirdi:<\/p>\n<p>&ldquo;Biliyoruz ki bu s\u00fcre\u00e7te yaln\u0131zca siyasi iktidar\u0131n de\u011fil, sesini \u00e7\u0131karmayan yanda\u015f sendikalar\u0131n da parma\u011f\u0131 vard\u0131r. Sessizlikleriyle, y\u00f6nlendirmeleriyle ve i\u015fbirlikleriyle bu adaletsizli\u011fin orta\u011f\u0131 olmu\u015flard\u0131r.&rdquo;<\/p>\n<p>Taleplerimiz Net!<\/p>\n<p>Polat, E\u011fitim Sen\u2019in taleplerini d\u00f6rt ana ba\u015fl\u0131k alt\u0131nda \u015f\u00f6yle s\u0131ralad\u0131:<\/p>\n<p>M\u00fclakat sistemi iptal edilmeli, sadece yaz\u0131l\u0131 s\u0131nav esas al\u0131narak atamalar yap\u0131lmal\u0131d\u0131r.<\/p>\n<p>Tarafs\u0131zl\u0131\u011f\u0131n\u0131 yitiren m\u00fclakat komisyonu \u00fcyeleri g\u00f6revden al\u0131nmal\u0131d\u0131r.<\/p>\n<p>Haks\u0131z \u015fekilde elenen E\u011fitim Sen \u00fcyelerinin hak ettikleri puanlar yeniden de\u011ferlendirilmelidir.<\/p>\n<p>M\u00fclakatlar kamera ile kay\u0131t alt\u0131na al\u0131nmal\u0131, \u015feffafl\u0131k sa\u011flanmal\u0131d\u0131r.<\/p>\n<p>&ldquo;Bu Sadece Bir Sendikal M\u00fccadele De\u011fil&rdquo;<\/p>\n<p>Polat a\u00e7\u0131klamas\u0131n\u0131 \u015fu s\u00f6zlerle tamamlad\u0131:<\/p>\n<p>&ldquo;Bu ya\u015fananlar yaln\u0131zca E\u011fitim Sen\u2019in de\u011fil; t\u00fcm e\u011fitim camias\u0131n\u0131n, kamu emek\u00e7ilerinin ve toplumun ortak sorunudur. Bu bir sendikal m\u00fccadele de\u011fil yaln\u0131zca, bir adalet, demokrasi ve insan onuru m\u00fccadelesidir. Biz susmayaca\u011f\u0131z, biz geri \u00e7ekilmeyece\u011fiz. Bu daha ba\u015flang\u0131\u00e7, m\u00fccadeleye devam!&rdquo;<\/p>\n<p>Ad\u0131yaman Halk\u0131na \u00c7a\u011fr\u0131: &ldquo;Birlikte Savunal\u0131m&rdquo;<\/p>\n<p>E\u011fitim Sen Ad\u0131yaman \u015eubesi, halk\u0131 e\u011fitimde liyakat, e\u015fitlik ve adalet m\u00fccadelesine destek vermeye \u00e7a\u011f\u0131rd\u0131. Bas\u0131n a\u00e7\u0131klamas\u0131n\u0131n ard\u0131ndan kat\u0131l\u0131mc\u0131lar &ldquo;Liyakat Hakt\u0131r, M\u00fclakat Zorbal\u0131kt\u0131r&rdquo; sloganlar\u0131yla tepkilerini dile getirdi.<\/p><\/p>\n","protected":false},"excerpt":{"rendered":"<p> Murat KAYI\u015e \u2013 E\u011fitim Sen Ad\u0131yaman \u015eubesi, 2025 y\u0131l\u0131 okul y\u00f6neticili\u011fi yaz\u0131l\u0131 s\u0131nav\u0131nda y\u00fcksek ba\u015far\u0131 elde eden \u00fcyelerinin, m\u00fclakatlarda d\u00fc\u015f\u00fck puanlar verilerek elenmesine sert tepki g\u00f6sterdi. Bas\u0131n a\u00e7\u0131klamas\u0131n\u0131 yapan \u015eube Ba\u015fkan\u0131 Zeynel Polat, bu s\u00fcreci \u201csiyasi bir eleme mekanizmas\u0131\u201d olarak nitelendirdi.<\/p>\n","protected":false},"author":1,"featured_media":15163,"comment_status":"open","ping_status":"open","sticky":false,"template":"","format":"standard","meta":{"om_disable_all_campaigns":false,"_monsterinsights_skip_tracking":false,"_monsterinsights_sitenote_active":false,"_monsterinsights_sitenote_note":"","_monsterinsights_sitenote_category":0,"footnotes":""},"categories":[1,11],"tags":[540,1634,660,2382,785],"aioseo_notices":[],"_links":{"self":[{"href":"https:\/\/www.hbrkahta.com\/index.php\/wp-json\/wp\/v2\/posts\/15162"}],"collection":[{"href":"https:\/\/www.hbrkahta.com\/index.php\/wp-json\/wp\/v2\/posts"}],"about":[{"href":"https:\/\/www.hbrkahta.com\/index.php\/wp-json\/wp\/v2\/types\/post"}],"author":[{"embeddable":true,"href":"https:\/\/www.hbrkahta.com\/index.php\/wp-json\/wp\/v2\/users\/1"}],"replies":[{"embeddable":true,"href":"https:\/\/www.hbrkahta.com\/index.php\/wp-json\/wp\/v2\/comments?post=15162"}],"version-history":[{"count":1,"href":"https:\/\/www.hbrkahta.com\/index.php\/wp-json\/wp\/v2\/posts\/15162\/revisions"}],"predecessor-version":[{"id":15164,"href":"https:\/\/www.hbrkahta.com\/index.php\/wp-json\/wp\/v2\/posts\/15162\/revisions\/15164"}],"wp:featuredmedia":[{"embeddable":true,"href":"https:\/\/www.hbrkahta.com\/index.php\/wp-json\/wp\/v2\/media\/15163"}],"wp:attachment":[{"href":"https:\/\/www.hbrkahta.com\/index.php\/wp-json\/wp\/v2\/media?parent=15162"}],"wp:term":[{"taxonomy":"category","embeddable":true,"href":"https:\/\/www.hbrkahta.com\/index.php\/wp-json\/wp\/v2\/categories?post=15162"},{"taxonomy":"post_tag","embeddable":true,"href":"https:\/\/www.hbrkahta.com\/index.php\/wp-json\/wp\/v2\/tags?post=15162"}],"curies":[{"name":"wp","href":"https:\/\/api.w.org\/{rel}","templated":true}]}}