{"id":15156,"date":"2025-06-16T22:36:04","date_gmt":"2025-06-16T19:36:04","guid":{"rendered":"https:\/\/www.hbrkahta.com\/?p=15156"},"modified":"2025-06-16T22:36:04","modified_gmt":"2025-06-16T19:36:04","slug":"sirri-sureyya-onder-adiyamanda-anildi-baris-onun-bize-biraktigi-vasiyettir","status":"publish","type":"post","link":"https:\/\/www.hbrkahta.com\/index.php\/2025\/06\/16\/sirri-sureyya-onder-adiyamanda-anildi-baris-onun-bize-biraktigi-vasiyettir\/","title":{"rendered":"S\u0131rr\u0131 S\u00fcreyya \u00d6nder Ad\u0131yaman\u2019da an\u0131ld\u0131: \u2018Bar\u0131\u015f onun bize b\u0131rakt\u0131\u011f\u0131 vasiyettir\u2019"},"content":{"rendered":"<p>DEM Parti \u00f6nc\u00fcl\u00fc\u011f\u00fcnde d\u00fczenlenen anma gecesinde m\u00fczik, \u015fiir ve m\u00fccadele bir araya geldi<\/p>\n<p>Ad\u0131yaman Belediyesi Abd\u00fclhamit Han K\u00fclt\u00fcr Merkezi\u2019nde d\u00fczenlenen gecede \u00d6nder\u2019in siyasi duru\u015fu, sanat\u00e7\u0131 kimli\u011fi ve bar\u0131\u015f m\u00fccadelesi farkl\u0131 a\u00e7\u0131lardan ele al\u0131n\u0131rken, anma program\u0131 duygusal anlara sahne oldu. Etkinli\u011fe DEM Parti Mardin Milletvekili Saliha Aydeniz, \u00d6nder\u2019in k\u0131z karde\u015fi Behice Bilgi\u00e7, kentteki \u00e7ok say\u0131da sivil toplum \u00f6rg\u00fct\u00fc, meslek odas\u0131 temsilcisi, sendika y\u00f6neticisi, Dem Parti il ve il\u00e7e \u00f6rg\u00fctleri ile \u00e7ok say\u0131da vatanda\u015f kat\u0131ld\u0131.<\/p>\n<p>\u015eiirler, t\u00fcrk\u00fcler ve vefa&#8230;<\/p>\n<p>Program\u0131n sunuculu\u011funu, yazar ve Mutena Dergisi Genel Yay\u0131n Y\u00f6netmeni Murat Kay\u0131\u015f \u00fcstlendi. Kay\u0131\u015f, gecede hem \u015fiirleriyle hem sunumuyla izleyicilere \u00d6nder\u2019in ya\u015fam\u0131ndan kesitler sundu. M\u00fczik dinletisinde ise, 7 Renk Festivalleri kurucusu \u015e\u00fckr\u00fc Ayd\u0131n\u2019\u0131n \u00f6nc\u00fcl\u00fc\u011f\u00fcnde kurulan ve Etnic Rock tarz\u0131yla tan\u0131nan Antique Band \u00fcyeleri Ahmet Kurtulu\u015f ve Serhat \u00d6ztun\u00e7, S\u0131rr\u0131 S\u00fcreyya \u00d6nder\u2019in sevdi\u011fi T\u00fcrk\u00e7e ve K\u00fcrt\u00e7e ezgilerden olu\u015fan repertuarlar\u0131n\u0131 telli sazlarla seslendirdi. T\u00fcrk\u00fcler salonda yank\u0131lan\u0131rken seyirciler zaman zaman g\u00f6zya\u015flar\u0131na hakim olamad\u0131.<\/p>\n<p>DEM Parti E\u015f Ba\u015fkan\u0131 Av. H\u00fcseyin Co\u015fkun: &ldquo;Bu gece vefa borcumuzdur&rdquo;<\/p>\n<p>Gecenin a\u00e7\u0131l\u0131\u015f konu\u015fmas\u0131n\u0131 yapan DEM Parti Ad\u0131yaman \u0130l E\u015f Ba\u015fkan\u0131 Av. H\u00fcseyin Co\u015fkun, \u00d6nder\u2019in Ad\u0131yaman\u2019a ve demokrasi m\u00fccadelesine b\u0131rakt\u0131\u011f\u0131 katk\u0131n\u0131n b\u00fcy\u00fck oldu\u011funu belirtti. Co\u015fkun, konu\u015fmas\u0131nda \u015fu ifadeleri kulland\u0131:<\/p>\n<p>&ldquo;S\u0131rr\u0131 S\u00fcreyya \u00d6nder\u2019i her kesim farkl\u0131 bir y\u00f6n\u00fcyle tan\u0131mlar. Kimisi sinemac\u0131, kimisi siyaset\u00e7i, kimisi mizah y\u00f6n\u00fcyle&#8230; Ama biz onu &lsquo;insan\u2019 olarak tan\u0131ml\u0131yoruz. Bu \u00fclkede insanca durabilmenin \u00f6rneklerinden biriydi. Bar\u0131\u015f m\u00fccadelesinde, halklar\u0131n karde\u015fli\u011fi i\u00e7in verdi\u011fi \u00e7aba unutulmaz. Onun bu halklara dair yar\u0131m kalan d\u00fc\u015fleri, art\u0131k bizlerin sorumlulu\u011fundad\u0131r. Bu gece bizim i\u00e7in bir vefa gecesidir. Vefam\u0131z\u0131 sunmak, an\u0131s\u0131n\u0131 ya\u015fatmak ve m\u00fccadele miras\u0131n\u0131 devralmak i\u00e7in buraday\u0131z.&rdquo;<\/p>\n<p>Behice Bilgi\u00e7: &ldquo;Hem abimizdi hem babam\u0131z&rdquo;<\/p>\n<p>S\u0131rr\u0131 S\u00fcreyya \u00d6nder\u2019in k\u0131z karde\u015fi Behice Bilgi\u00e7 ise konu\u015fmas\u0131nda g\u00f6zya\u015flar\u0131n\u0131 tutmakta zorland\u0131. Karde\u015finin \u00e7ocukluk y\u0131llar\u0131ndan bu yana kendileri i\u00e7in bir baba fig\u00fcr\u00fc oldu\u011funu ifade eden Bilgi\u00e7, duygular\u0131n\u0131 \u015f\u00f6yle payla\u015ft\u0131:<\/p>\n<p>&ldquo;Onun sevgisini, \u015fefkatini, merhametini biz \u00e7ocukken tan\u0131d\u0131k. Babam\u0131z yoktu, o hem abimizdi hem babam\u0131z. Ac\u0131m\u0131z tarifsiz. Bug\u00fcn burada sizin varl\u0131\u011f\u0131n\u0131zla daha g\u00fc\u00e7l\u00fc hissettik. Hepinize te\u015fekk\u00fcr ederim. Konu\u015fmak \u00e7ok zor, anlatacak \u00e7ok \u015fey var ama g\u00fcc\u00fcm bu kadar\u0131na yetiyor. Sa\u011f olun, var olun.&rdquo;<\/p>\n<p>Saliha Aydeniz: &ldquo;O, bu halklar\u0131n yolda\u015f\u0131yd\u0131&rdquo;<\/p>\n<p>DEM Parti Mardin Milletvekili Saliha Aydeniz, \u00d6nder\u2019in yaln\u0131zca bir siyaset\u00e7i de\u011fil; halklar\u0131n, ezilenlerin, \u00f6tekile\u015ftirilenlerin yolda\u015f\u0131 oldu\u011funa dikkat \u00e7ekti. Aydeniz, Meclis\u2019te ve sahada birlikte \u00e7al\u0131\u015ft\u0131\u011f\u0131 \u00d6nder\u2019in bar\u0131\u015f m\u00fccadelesinin \u00f6nemini \u015fu s\u00f6zlerle vurgulad\u0131:<\/p>\n<p>&ldquo;S\u0131rr\u0131 yolda\u015f\u0131m\u0131z sadece Ad\u0131yaman\u2019\u0131n de\u011fil, t\u00fcm T\u00fcrkiye\u2019nin, K\u00fcrt halk\u0131n\u0131n ve \u00f6tekile\u015ftirilmi\u015f t\u00fcm kesimlerin yolda\u015f\u0131yd\u0131. Bar\u0131\u015f i\u00e7in, diyalog i\u00e7in elini ta\u015f\u0131n alt\u0131na koyan, bedel \u00f6deyen bir fig\u00fcrd\u00fc. Gezi s\u00fcrecinden a\u00e7l\u0131k grevlerine, bar\u0131\u015f g\u00f6r\u00fc\u015fmelerinden demokratik \u00e7\u00f6z\u00fcm \u00e7a\u011fr\u0131lar\u0131na kadar aktif bir m\u00fccadele y\u00fcr\u00fctt\u00fc. Say\u0131n Abdullah \u00d6calan\u2019\u0131n demokratik \u00e7\u00f6z\u00fcm vizyonuna en \u00e7ok inanan ve bunun ta\u015f\u0131y\u0131c\u0131l\u0131\u011f\u0131n\u0131 yapanlardan biriydi.&rdquo;<\/p>\n<p>Aydeniz, konu\u015fmas\u0131n\u0131n devam\u0131nda \u00d6nder\u2019in siyaset tarz\u0131n\u0131n diyalog ve ortak zemin yaratmak oldu\u011funu, en gergin Meclis ortamlar\u0131nda bile bir espri, bir mimik ya da bir s\u00f6zle ortam\u0131 yumu\u015fatt\u0131\u011f\u0131n\u0131 hat\u0131rlatarak:<\/p>\n<p>&ldquo;Bar\u0131\u015f onun bize b\u0131rakt\u0131\u011f\u0131 en b\u00fcy\u00fck mirast\u0131. Bizler de bu mirasa sahip \u00e7\u0131kaca\u011f\u0131z. Onun a\u00e7t\u0131\u011f\u0131 yol, bizim yolumuz olacak. S\u0131rr\u0131 S\u00fcreyya \u00d6nder \u00f6l\u00fcms\u00fczd\u00fcr, her zaman i\u00e7imizde, yan\u0131m\u0131zda ve m\u00fccadelemizde olacakt\u0131r.&rdquo;<\/p>\n<p>STK ve meslek odalar\u0131ndan g\u00fc\u00e7l\u00fc kat\u0131l\u0131m<\/p>\n<p>Etkinli\u011fe, Ad\u0131yaman Kent Konseyi Ba\u015fkan\u0131, E\u011fitim Sen Ad\u0131yaman \u015eubesi, TMMOB \u0130KK Temsilcili\u011fi, KESK Ad\u0131yaman \u015eubeler Platformu, Ad\u0131yaman Tabip Odas\u0131, Di\u015f Hekimleri Odas\u0131, Pir Sultan Abdal K\u00fclt\u00fcr Derne\u011fi, Demokratik Alevi Derne\u011fi, Ferat Der, \u00d6zg\u00fcrl\u00fck \u0130\u00e7in Hukuk\u00e7ular Derne\u011fi ve \u00e7ok say\u0131da dernek y\u00f6neticisi kat\u0131ld\u0131. Konuklar, \u00d6nder\u2019in \u00e7ok y\u00f6nl\u00fc ki\u015fili\u011fi ve bar\u0131\u015fa adanm\u0131\u015f m\u00fccadelesine dair duygu ve d\u00fc\u015f\u00fcncelerini etkinlik boyunca dile getirdi.<\/p><\/p>\n","protected":false},"excerpt":{"rendered":"<p> Fatma Didar YILDIRIM \u2013 Halklar\u0131n E\u015fitlik ve Demokrasi Partisi (DEM Parti) Ad\u0131yaman \u0130l E\u015f Ba\u015fkanl\u0131\u011f\u0131 taraf\u0131ndan organize edilen ve k\u0131sa s\u00fcre \u00f6nce ya\u015fam\u0131n\u0131 yitiren sinemac\u0131, yazar, siyaset\u00e7i ve TBMM Ba\u015fkanvekili S\u0131rr\u0131 S\u00fcreyya \u00d6nder an\u0131s\u0131na d\u00fczenlenen anma gecesi, Ad\u0131yaman\u2019da yo\u011fun bir kat\u0131l\u0131mla ger\u00e7ekle\u015fti.<\/p>\n","protected":false},"author":1,"featured_media":15157,"comment_status":"open","ping_status":"open","sticky":false,"template":"","format":"standard","meta":{"om_disable_all_campaigns":false,"_monsterinsights_skip_tracking":false,"_monsterinsights_sitenote_active":false,"_monsterinsights_sitenote_note":"","_monsterinsights_sitenote_category":0,"footnotes":""},"categories":[1,11],"tags":[540,574,533,660,2381],"aioseo_notices":[],"_links":{"self":[{"href":"https:\/\/www.hbrkahta.com\/index.php\/wp-json\/wp\/v2\/posts\/15156"}],"collection":[{"href":"https:\/\/www.hbrkahta.com\/index.php\/wp-json\/wp\/v2\/posts"}],"about":[{"href":"https:\/\/www.hbrkahta.com\/index.php\/wp-json\/wp\/v2\/types\/post"}],"author":[{"embeddable":true,"href":"https:\/\/www.hbrkahta.com\/index.php\/wp-json\/wp\/v2\/users\/1"}],"replies":[{"embeddable":true,"href":"https:\/\/www.hbrkahta.com\/index.php\/wp-json\/wp\/v2\/comments?post=15156"}],"version-history":[{"count":1,"href":"https:\/\/www.hbrkahta.com\/index.php\/wp-json\/wp\/v2\/posts\/15156\/revisions"}],"predecessor-version":[{"id":15158,"href":"https:\/\/www.hbrkahta.com\/index.php\/wp-json\/wp\/v2\/posts\/15156\/revisions\/15158"}],"wp:featuredmedia":[{"embeddable":true,"href":"https:\/\/www.hbrkahta.com\/index.php\/wp-json\/wp\/v2\/media\/15157"}],"wp:attachment":[{"href":"https:\/\/www.hbrkahta.com\/index.php\/wp-json\/wp\/v2\/media?parent=15156"}],"wp:term":[{"taxonomy":"category","embeddable":true,"href":"https:\/\/www.hbrkahta.com\/index.php\/wp-json\/wp\/v2\/categories?post=15156"},{"taxonomy":"post_tag","embeddable":true,"href":"https:\/\/www.hbrkahta.com\/index.php\/wp-json\/wp\/v2\/tags?post=15156"}],"curies":[{"name":"wp","href":"https:\/\/api.w.org\/{rel}","templated":true}]}}