{"id":15153,"date":"2025-06-16T19:48:04","date_gmt":"2025-06-16T16:48:04","guid":{"rendered":"https:\/\/www.hbrkahta.com\/?p=15153"},"modified":"2025-06-16T19:48:04","modified_gmt":"2025-06-16T16:48:04","slug":"adiyamanda-asfalt-sezonu-basladi-il-ozel-idaresi-gunde-1000-ton-uretim-yapacak","status":"publish","type":"post","link":"https:\/\/www.hbrkahta.com\/index.php\/2025\/06\/16\/adiyamanda-asfalt-sezonu-basladi-il-ozel-idaresi-gunde-1000-ton-uretim-yapacak\/","title":{"rendered":"Ad\u0131yaman\u2019da asfalt sezonu ba\u015flad\u0131: \u0130l \u00d6zel \u0130daresi g\u00fcnde 1000 ton \u00fcretim yapacak"},"content":{"rendered":"<p>Vali Dr. Osman Varol: &ldquo;K\u0131rsalda vatanda\u015f memnuniyetini esas al\u0131yoruz&rdquo;<\/p>\n<p>Programa Ad\u0131yaman Valisi Dr. Osman Varol, \u0130l Emniyet M\u00fcd\u00fcr\u00fc Alper Uzman, \u0130l Jandarma Komutan\u0131 Albay Hikmet Uz, \u0130l Genel Meclis Ba\u015fkan\u0131 Mehmet Can Erdo\u011fan ve \u0130l \u00d6zel \u0130daresi yetkilileri kat\u0131ld\u0131.<\/p>\n<p>&ldquo;3342 km\u2019lik yol a\u011f\u0131na hizmet ediyoruz&rdquo;<\/p>\n<p>Asfalt plentinde yap\u0131lan teknik incelemede, \u0130l \u00d6zel \u0130daresi Genel Sekreter Vekili Mustafa Kandemir, tesisin \u00fcretim kapasitesi, asfalt kalitesi ve sezon takvimi hakk\u0131nda heyeti bilgilendirdi.<\/p>\n<p>\u0130ncelemelerin ard\u0131ndan a\u00e7\u0131klama yapan Vali Dr. Osman Varol, \u0130l \u00d6zel \u0130daresi\u2019nin k\u0131rsalda ya\u015fayan vatanda\u015flar\u0131n ula\u015f\u0131m konforunu \u00f6nceleyen bir yakla\u015f\u0131mla hareket etti\u011fini belirtti:<\/p>\n<p>&ldquo;K\u0131rsalda vatanda\u015flar\u0131m\u0131z\u0131n memnuniyetini esas al\u0131yoruz. \u0130l \u00d6zel \u0130daremizin yol a\u011f\u0131 3342 kilometredir. Bu a\u011f\u0131n tamam\u0131nda, \u00f6zellikle bak\u0131m ve yenileme ihtiyac\u0131 olan noktalarda asfaltlama \u00e7al\u0131\u015fmalar\u0131 y\u00fcr\u00fctmek temel hedefimizdir.&rdquo;<\/p>\n<p>&ldquo;\u00c7al\u0131\u015fmalar kuzeyden ovaya do\u011fru ilerleyecek&rdquo;<\/p>\n<p>Vali Varol, hava \u015fartlar\u0131n\u0131n elveri\u015fli oldu\u011fu takdirde ilin d\u00f6rt bir yan\u0131nda asfaltlama faaliyetlerinin s\u00fcrece\u011fini kaydetti:<\/p>\n<p>&ldquo;Bu y\u0131l iklim ko\u015fullar\u0131 uygun olursa yol a\u011f\u0131n\u0131n tamam\u0131nda aktif \u00e7al\u0131\u015fmak istiyoruz. Asfalt plentimiz g\u00fcnl\u00fck 1000 ton \u00fcretim kapasitesine sahip. \u00c7al\u0131\u015fmalar\u0131m\u0131z\u0131 iklimin erken sertle\u015fti\u011fi kuzey ve da\u011fl\u0131k b\u00f6lgelerden ba\u015flat\u0131p, ard\u0131ndan ovadaki k\u00f6ylere y\u00f6nlendirece\u011fiz. Gelecek y\u0131llarda \u00fcretim altyap\u0131m\u0131z\u0131 daha da g\u00fc\u00e7lendirerek s\u0131cak asfalt \u00e7al\u0131\u015fmalar\u0131na ge\u00e7meyi de planl\u0131yoruz.&rdquo;<\/p>\n<p>&ldquo;Vatanda\u015f\u0131n memnuniyeti \u00f6nceli\u011fimiz&rdquo;<\/p>\n<p>Vali Varol, s\u00f6zlerinin sonunda \u00e7al\u0131\u015fmalarda eme\u011fi ge\u00e7en personele te\u015fekk\u00fcr ederek, sezonun t\u00fcm Ad\u0131yaman\u2019a hay\u0131rl\u0131 olmas\u0131n\u0131 diledi:<\/p>\n<p>&ldquo;Vatanda\u015flar\u0131m\u0131z\u0131n taleplerine kulak veriyor, memnuniyetlerini temel al\u0131yoruz. Bu vesileyle asfalt sezonunun hay\u0131rl\u0131 olmas\u0131n\u0131 diliyor, t\u00fcm \u0130l \u00d6zel \u0130daresi \u00e7al\u0131\u015fanlar\u0131na, \u0130l Genel Meclis Ba\u015fkan\u0131m\u0131za ve \u00fcyelerimize te\u015fekk\u00fcr ediyorum.&rdquo;<\/p><\/p>\n","protected":false},"excerpt":{"rendered":"<p> Fatma Didar YILDIRIM \u2013 Ad\u0131yaman \u0130l \u00d6zel \u0130daresi, k\u0131rsal b\u00f6lgelerde ya\u015fam kalitesini art\u0131rmak amac\u0131yla asfalt sezonunu resmen ba\u015flatt\u0131. Sezon a\u00e7\u0131l\u0131\u015f\u0131, K\u00e2hta Yolu Kuru\u00e7ay Mevkii\u2019nde yer alan ve g\u00fcnl\u00fck 1000 ton \u00fcretim kapasitesine sahip asfalt plentinde d\u00fczenlenen programla yap\u0131ld\u0131.<\/p>\n","protected":false},"author":1,"featured_media":15154,"comment_status":"open","ping_status":"open","sticky":false,"template":"","format":"standard","meta":{"om_disable_all_campaigns":false,"_monsterinsights_skip_tracking":false,"_monsterinsights_sitenote_active":false,"_monsterinsights_sitenote_note":"","_monsterinsights_sitenote_category":0,"footnotes":""},"categories":[1,11],"tags":[975,535,2380,347,967],"aioseo_notices":[],"_links":{"self":[{"href":"https:\/\/www.hbrkahta.com\/index.php\/wp-json\/wp\/v2\/posts\/15153"}],"collection":[{"href":"https:\/\/www.hbrkahta.com\/index.php\/wp-json\/wp\/v2\/posts"}],"about":[{"href":"https:\/\/www.hbrkahta.com\/index.php\/wp-json\/wp\/v2\/types\/post"}],"author":[{"embeddable":true,"href":"https:\/\/www.hbrkahta.com\/index.php\/wp-json\/wp\/v2\/users\/1"}],"replies":[{"embeddable":true,"href":"https:\/\/www.hbrkahta.com\/index.php\/wp-json\/wp\/v2\/comments?post=15153"}],"version-history":[{"count":1,"href":"https:\/\/www.hbrkahta.com\/index.php\/wp-json\/wp\/v2\/posts\/15153\/revisions"}],"predecessor-version":[{"id":15155,"href":"https:\/\/www.hbrkahta.com\/index.php\/wp-json\/wp\/v2\/posts\/15153\/revisions\/15155"}],"wp:featuredmedia":[{"embeddable":true,"href":"https:\/\/www.hbrkahta.com\/index.php\/wp-json\/wp\/v2\/media\/15154"}],"wp:attachment":[{"href":"https:\/\/www.hbrkahta.com\/index.php\/wp-json\/wp\/v2\/media?parent=15153"}],"wp:term":[{"taxonomy":"category","embeddable":true,"href":"https:\/\/www.hbrkahta.com\/index.php\/wp-json\/wp\/v2\/categories?post=15153"},{"taxonomy":"post_tag","embeddable":true,"href":"https:\/\/www.hbrkahta.com\/index.php\/wp-json\/wp\/v2\/tags?post=15153"}],"curies":[{"name":"wp","href":"https:\/\/api.w.org\/{rel}","templated":true}]}}