{"id":14652,"date":"2025-05-29T21:12:03","date_gmt":"2025-05-29T18:12:03","guid":{"rendered":"https:\/\/www.hbrkahta.com\/?p=14652"},"modified":"2025-05-29T21:12:03","modified_gmt":"2025-05-29T18:12:03","slug":"baskan-celik-8-donem-toplu-sozlesme-icin-kararlilikla-calisiyoruz","status":"publish","type":"post","link":"https:\/\/www.hbrkahta.com\/index.php\/2025\/05\/29\/baskan-celik-8-donem-toplu-sozlesme-icin-kararlilikla-calisiyoruz\/","title":{"rendered":"Ba\u015fkan \u00c7elik: 8. D\u00f6nem Toplu S\u00f6zle\u015fme i\u00e7in kararl\u0131l\u0131kla \u00e7al\u0131\u015f\u0131yoruz"},"content":{"rendered":"<p>Sa\u011fl\u0131k-Sen Ad\u0131yaman \u015eube Ba\u015fkan\u0131 Yakub \u00c7elik, yapt\u0131\u011f\u0131 a\u00e7\u0131klamada, toplu s\u00f6zle\u015fme s\u00fcrecinin sa\u011fl\u0131k \u00e7al\u0131\u015fanlar\u0131n\u0131n \u00f6zl\u00fck haklar\u0131n\u0131n iyile\u015ftirilmesi a\u00e7\u0131s\u0131ndan b\u00fcy\u00fck \u00f6nem ta\u015f\u0131d\u0131\u011f\u0131n\u0131 vurgulad\u0131. Sa\u011fl\u0131k ve sosyal hizmet profesyonellerinin taleplerinin kazan\u0131ma d\u00f6n\u00fc\u015fmesi i\u00e7in m\u00fccadelenin aral\u0131ks\u0131z s\u00fcrd\u00fc\u011f\u00fcn\u00fc ifade eden \u00c7elik, sahada yap\u0131lan \u00e7al\u0131\u015fmalar ve haz\u0131rlanan raporlarla s\u00fcrecin \u015fekillendi\u011fini belirtti.<br \/>\nSa\u011fl\u0131k \u00c7al\u0131\u015fanlar\u0131n\u0131n Haklar\u0131 \u0130\u00e7in Kararl\u0131l\u0131kla \u00c7al\u0131\u015f\u0131yoruz<br \/>\nSa\u011fl\u0131k-Sen&#8217;in, sahada ve kurumlardaki ziyaretlerle sa\u011fl\u0131k \u00e7al\u0131\u015fanlar\u0131n\u0131n taleplerini dinledi\u011fini, belirlenen sorunlar\u0131 ilgili makamlarla payla\u015farak \u00e7\u00f6z\u00fcm aray\u0131\u015f\u0131na girdi\u011fini aktaran \u00c7elik, her meslek grubundan \u00e7al\u0131\u015fanlarla toplant\u0131lar yap\u0131ld\u0131\u011f\u0131n\u0131 ve il baz\u0131nda \u00f6zel bir rapor haz\u0131rlanarak Sa\u011fl\u0131k-Sen Genel Merkezi\u2019ne iletildi\u011fini s\u00f6yledi.<br \/>\nSa\u011fl\u0131k-Sen\u2019in g\u00fcndeme getirdi\u011fi talepler aras\u0131nda \u015funlar yer al\u0131yor:<br \/>\n&ldquo;Sa\u011fl\u0131k meslek mensuplar\u0131n\u0131n n\u00f6bet \u00fccretlerinin hesaplanmas\u0131nda dikkate al\u0131nan g\u00f6sterge rakamlar\u0131n\u0131n y\u00fczde y\u00fcz oran\u0131nda art\u0131r\u0131lmas\u0131, ek \u00f6deme tavan oranlar\u0131n\u0131n y\u00fckseltilmesi, taban \u00f6deme oranlar\u0131n\u0131n art\u0131r\u0131lmas\u0131, te\u015fvik ek \u00f6demelerin art\u0131r\u0131lmas\u0131, gece \u00e7al\u0131\u015fan sa\u011fl\u0131k meslek mensuplar\u0131n\u0131n mesai ve n\u00f6bet \u00fccretlerine ilave \u00f6deme yap\u0131lmas\u0131, sabit ek \u00f6demelerin art\u0131r\u0131lmas\u0131, y\u0131ll\u0131k izin s\u00fcrelerinin tamam\u0131 ile mazeret izinlerinde ek \u00f6deme kesintisinin kald\u0131r\u0131lmas\u0131, sa\u011fl\u0131k ve sosyal hizmet kolunda g\u00f6rev yapan \u00e7al\u0131\u015fanlar\u0131n mevcut giyim yard\u0131mlar\u0131na ilave olarak \u00f6zel g\u00f6rev k\u0131yafeti verilmesi, dini ve resmi bayram sebebiyle verilen genel idari izin g\u00fcnlerinde \u00e7al\u0131\u015fanlar\u0131n ya\u015fad\u0131\u011f\u0131 sorunlar\u0131n giderilmesi, hekimlerin icap ve n\u00f6bet saat \u00fccretlerinin y\u00fczde y\u00fcz art\u0131r\u0131lmas\u0131, hekim yeti\u015ftiren profes\u00f6r ve do\u00e7entlerin maa\u015flar\u0131n\u0131n iyile\u015ftirilmesi, 112 Acil Sa\u011fl\u0131k Hizmetlerinde g\u00f6rev yapanlar\u0131n te\u015fvik ek \u00f6demelerinin art\u0131r\u0131lmas\u0131, Aile ve Sosyal Hizmetler Bakanl\u0131\u011f\u0131 sosyal hizmet tazminat\u0131n\u0131n art\u0131r\u0131lmas\u0131 ve kapsam\u0131n\u0131n geni\u015fletilmesi, n\u00f6bet g\u00f6revinde bulunan sosyal hizmet \u00e7al\u0131\u015fanlar\u0131na verilen ek ders \u00fccretinin art\u0131r\u0131lmas\u0131, \u00fcniversite hastanelerinde g\u00f6rev yapan sa\u011fl\u0131k personeline tayin hakk\u0131 verilmesi.&rdquo;<br \/>\nSa\u011fl\u0131k-Sen masada g\u00fc\u00e7l\u00fc bir \u015fekilde yer alacak<br \/>\n\u00c7elik a\u00e7\u0131klamada, Sa\u011fl\u0131k-Sen&#8217;in \u00e7al\u0131\u015fanlar\u0131n hakl\u0131 taleplerini kamuoyuna duyurmak ve \u00e7\u00f6z\u00fcme ula\u015fmak i\u00e7in t\u00fcm kanallar\u0131 zorlayaca\u011f\u0131 ifade etti.<br \/>\n\u015eube Ba\u015fkan\u0131 Yakub \u00c7elik, &ldquo;Sa\u011fl\u0131k ve sosyal hizmet profesyonellerimiz i\u00e7in gece g\u00fcnd\u00fcz demeden m\u00fccadele ediyoruz. Bug\u00fcne kadar y\u00fczlerce kazan\u0131ma imza att\u0131k, binlerce sa\u011fl\u0131k \u00e7al\u0131\u015fan\u0131m\u0131z\u0131n yan\u0131nda olduk. D\u00fcn oldu\u011fu gibi bug\u00fcn de \u00e7\u00f6z\u00fcm\u00fcn adresi Sa\u011fl\u0131k-Sen\u2019dir. Taleplerimizin kazan\u0131ma d\u00f6n\u00fc\u015fmesi i\u00e7in sonuna kadar m\u00fccadele edece\u011fiz.&rdquo; ifadelerini kulland\u0131.<br \/>\n\u015eube Ba\u015fkan\u0131 Yakub \u00c7elik, Sa\u011fl\u0131k-Sen Genel Merkezi\u2019nin, 81 ilde toplanan raporlar\u0131 de\u011ferlendirerek masaya ta\u015f\u0131yaca\u011f\u0131 belirtilirken, \u00e7al\u0131\u015fanlar\u0131n haklar\u0131n\u0131n korunmas\u0131 i\u00e7in kararl\u0131 m\u00fccadelenin s\u00fcrece\u011fi vurguland\u0131.<\/p><\/p>\n","protected":false},"excerpt":{"rendered":"<p> Sa\u011fl\u0131k-Sen Ad\u0131yaman \u015eube Ba\u015fkan\u0131 Yakub \u00c7elik, 8. D\u00f6nem Toplu S\u00f6zle\u015fme Eylem Plan\u0131 kapsam\u0131nda, sa\u011fl\u0131k ve sosyal hizmet \u00e7al\u0131\u015fanlar\u0131n\u0131n haklar\u0131n\u0131 korumak ve iyile\u015ftirmek ad\u0131na \u00e7al\u0131\u015fmalar etti\u011fini ifade etti.<\/p>\n","protected":false},"author":1,"featured_media":14653,"comment_status":"open","ping_status":"open","sticky":false,"template":"","format":"standard","meta":{"om_disable_all_campaigns":false,"_monsterinsights_skip_tracking":false,"_monsterinsights_sitenote_active":false,"_monsterinsights_sitenote_note":"","_monsterinsights_sitenote_category":0,"footnotes":""},"categories":[1,11],"tags":[1764,563,535,96,2097],"aioseo_notices":[],"_links":{"self":[{"href":"https:\/\/www.hbrkahta.com\/index.php\/wp-json\/wp\/v2\/posts\/14652"}],"collection":[{"href":"https:\/\/www.hbrkahta.com\/index.php\/wp-json\/wp\/v2\/posts"}],"about":[{"href":"https:\/\/www.hbrkahta.com\/index.php\/wp-json\/wp\/v2\/types\/post"}],"author":[{"embeddable":true,"href":"https:\/\/www.hbrkahta.com\/index.php\/wp-json\/wp\/v2\/users\/1"}],"replies":[{"embeddable":true,"href":"https:\/\/www.hbrkahta.com\/index.php\/wp-json\/wp\/v2\/comments?post=14652"}],"version-history":[{"count":1,"href":"https:\/\/www.hbrkahta.com\/index.php\/wp-json\/wp\/v2\/posts\/14652\/revisions"}],"predecessor-version":[{"id":14654,"href":"https:\/\/www.hbrkahta.com\/index.php\/wp-json\/wp\/v2\/posts\/14652\/revisions\/14654"}],"wp:featuredmedia":[{"embeddable":true,"href":"https:\/\/www.hbrkahta.com\/index.php\/wp-json\/wp\/v2\/media\/14653"}],"wp:attachment":[{"href":"https:\/\/www.hbrkahta.com\/index.php\/wp-json\/wp\/v2\/media?parent=14652"}],"wp:term":[{"taxonomy":"category","embeddable":true,"href":"https:\/\/www.hbrkahta.com\/index.php\/wp-json\/wp\/v2\/categories?post=14652"},{"taxonomy":"post_tag","embeddable":true,"href":"https:\/\/www.hbrkahta.com\/index.php\/wp-json\/wp\/v2\/tags?post=14652"}],"curies":[{"name":"wp","href":"https:\/\/api.w.org\/{rel}","templated":true}]}}