{"id":14634,"date":"2025-05-29T12:24:04","date_gmt":"2025-05-29T09:24:04","guid":{"rendered":"https:\/\/www.hbrkahta.com\/?p=14634"},"modified":"2025-05-29T12:24:04","modified_gmt":"2025-05-29T09:24:04","slug":"adiyamanda-dunya-cevre-haftasi-etkinlikleri-duzenlenecek","status":"publish","type":"post","link":"https:\/\/www.hbrkahta.com\/index.php\/2025\/05\/29\/adiyamanda-dunya-cevre-haftasi-etkinlikleri-duzenlenecek\/","title":{"rendered":"Ad\u0131yaman\u2019da \u2018D\u00fcnya \u00c7evre Haftas\u0131\u2019 etkinlikleri d\u00fczenlenecek"},"content":{"rendered":"<p>Her y\u0131l haziran ay\u0131n\u0131n ilk haftas\u0131nda kutlanan D\u00fcnya \u00c7evre Haftas\u0131 kapsam\u0131nda, \u00c7evre, \u015eehircilik ve \u0130klim De\u011fi\u015fikli\u011fi \u0130l M\u00fcd\u00fcr Vekili Samet \u015eirin, \u00c7evre Y\u00f6netimi ve Denetiminden Sorumlu \u015eube M\u00fcd\u00fcrl\u00fc\u011f\u00fc Abdulgani Ad\u0131yaman ve kurum \u00e7al\u0131\u015fanlar\u0131, Ad\u0131yaman Valisi Dr. Osman Varol taraf\u0131ndan kabul edildi.<br \/>\nG\u00f6r\u00fc\u015fmede, \u00e7evrenin korunmas\u0131 ve temiz bir \u00e7evrenin \u00f6nemi \u00fczerine de\u011ferlendirmelerde bulunulurken, \u00c7evre, \u015eehircilik ve \u0130klim De\u011fi\u015fikli\u011fi \u0130l M\u00fcd\u00fcrl\u00fc\u011f\u00fc taraf\u0131ndan Ad\u0131yaman\u2019da ger\u00e7ekle\u015ftirilecek etkinlikler hakk\u0131nda Vali Dr. Osman Varol\u2019a bilgi verildi.<\/p>\n<p>Vali Dr. Osman Varol, yapt\u0131\u011f\u0131 a\u00e7\u0131klamada, \u00e7evrenin ge\u00e7mi\u015ften kalan bir miras de\u011fil, gelecek nesillere b\u0131rak\u0131lacak bir emanet oldu\u011funu vurgulad\u0131. \u00c7evrenin korunmas\u0131 ve geli\u015ftirilmesinin \u00f6ncelikli hedeflerden biri oldu\u011funu belirten Vali Varol, D\u00fcnya \u00c7evre Haftas\u0131 kapsam\u0131nda yap\u0131lacak \u00e7al\u0131\u015fmalar\u0131n duyarl\u0131l\u0131k ve fark\u0131ndal\u0131\u011f\u0131 art\u0131raca\u011f\u0131na y\u00f6nelik temennilerini dile getirdi.<\/p>\n<p>Etkinliklerin, \u00e7evre bilinci ve s\u00fcrd\u00fcr\u00fclebilir ya\u015fam konular\u0131nda toplumsal fark\u0131ndal\u0131\u011f\u0131 art\u0131rmay\u0131 ama\u00e7lad\u0131\u011f\u0131 belirtildi.<\/p><\/p>\n","protected":false},"excerpt":{"rendered":"<p> Ad\u0131yaman\u2019da, D\u00fcnya \u00c7evre Haftas\u0131 kapsam\u0131nda fark\u0131ndal\u0131k etkinlikleri d\u00fczenlenecek.<\/p>\n","protected":false},"author":1,"featured_media":14635,"comment_status":"open","ping_status":"open","sticky":false,"template":"","format":"standard","meta":{"om_disable_all_campaigns":false,"_monsterinsights_skip_tracking":false,"_monsterinsights_sitenote_active":false,"_monsterinsights_sitenote_note":"","_monsterinsights_sitenote_category":0,"footnotes":""},"categories":[1,11],"tags":[570],"aioseo_notices":[],"_links":{"self":[{"href":"https:\/\/www.hbrkahta.com\/index.php\/wp-json\/wp\/v2\/posts\/14634"}],"collection":[{"href":"https:\/\/www.hbrkahta.com\/index.php\/wp-json\/wp\/v2\/posts"}],"about":[{"href":"https:\/\/www.hbrkahta.com\/index.php\/wp-json\/wp\/v2\/types\/post"}],"author":[{"embeddable":true,"href":"https:\/\/www.hbrkahta.com\/index.php\/wp-json\/wp\/v2\/users\/1"}],"replies":[{"embeddable":true,"href":"https:\/\/www.hbrkahta.com\/index.php\/wp-json\/wp\/v2\/comments?post=14634"}],"version-history":[{"count":1,"href":"https:\/\/www.hbrkahta.com\/index.php\/wp-json\/wp\/v2\/posts\/14634\/revisions"}],"predecessor-version":[{"id":14636,"href":"https:\/\/www.hbrkahta.com\/index.php\/wp-json\/wp\/v2\/posts\/14634\/revisions\/14636"}],"wp:featuredmedia":[{"embeddable":true,"href":"https:\/\/www.hbrkahta.com\/index.php\/wp-json\/wp\/v2\/media\/14635"}],"wp:attachment":[{"href":"https:\/\/www.hbrkahta.com\/index.php\/wp-json\/wp\/v2\/media?parent=14634"}],"wp:term":[{"taxonomy":"category","embeddable":true,"href":"https:\/\/www.hbrkahta.com\/index.php\/wp-json\/wp\/v2\/categories?post=14634"},{"taxonomy":"post_tag","embeddable":true,"href":"https:\/\/www.hbrkahta.com\/index.php\/wp-json\/wp\/v2\/tags?post=14634"}],"curies":[{"name":"wp","href":"https:\/\/api.w.org\/{rel}","templated":true}]}}