{"id":14631,"date":"2025-05-29T12:12:04","date_gmt":"2025-05-29T09:12:04","guid":{"rendered":"https:\/\/www.hbrkahta.com\/?p=14631"},"modified":"2025-05-29T12:12:04","modified_gmt":"2025-05-29T09:12:04","slug":"alkayis-istanbul-ecdadimizin-bizlere-emanetidir","status":"publish","type":"post","link":"https:\/\/www.hbrkahta.com\/index.php\/2025\/05\/29\/alkayis-istanbul-ecdadimizin-bizlere-emanetidir\/","title":{"rendered":"Alkay\u0131\u015f: \u0130stanbul, ecdad\u0131m\u0131z\u0131n bizlere emanetidir"},"content":{"rendered":"<p>Milletvekili Alkay\u0131\u015f, Fatih Sultan Mehmet Han taraf\u0131ndan 29 May\u0131s 1453\u2019te fethedilen \u0130stanbul\u2019un, T\u00fcrk ve d\u00fcnya tarihine y\u00f6n veren bir \u015fehir oldu\u011funu belirtti. Fethin \u00f6nemini ve komutan\u0131n\u0131n Hadis-i \u015eerif ile m\u00fcjdelenmi\u015f olmas\u0131n\u0131 hat\u0131rlatan Alkay\u0131\u015f, \u0130stanbul\u2019un ge\u00e7mi\u015ften g\u00fcn\u00fcm\u00fcze bir\u00e7ok medeniyete ev sahipli\u011fi yapt\u0131\u011f\u0131n\u0131 ifade etti.<br \/>\nA\u00e7\u0131klamas\u0131nda, \u0130stanbul\u2019un ekonomi, sanat, spor ve siyaset gibi bir\u00e7ok alanda \u00f6nemli bir merkez oldu\u011funu belirten Alkay\u0131\u015f, tarihi dokusu ve k\u00fclt\u00fcrel miras\u0131yla gelece\u011fe ta\u015f\u0131nmas\u0131 gereken bir emanet oldu\u011funu s\u00f6yledi. 1994 y\u0131l\u0131nda Cumhurba\u015fkan\u0131 Recep Tayyip Erdo\u011fan\u2019\u0131n \u0130stanbul B\u00fcy\u00fck\u015fehir Belediye Ba\u015fkan\u0131 se\u00e7ilmesiyle birlikte, \u015fehirdeki sorunlar\u0131n \u00e7\u00f6z\u00fcm\u00fcne y\u00f6nelik \u00f6nemli ad\u0131mlar at\u0131ld\u0131\u011f\u0131n\u0131 ifade eden Alkay\u0131\u015f, Ayasofya Camii\u2019nin yeniden ibadete a\u00e7\u0131lmas\u0131n\u0131n da T\u00fcrkiye Y\u00fczy\u0131l\u0131 hedefleri do\u011frultusunda \u00f6nemli bir geli\u015fme oldu\u011funu belirtti.<br \/>\nSon olarak, \u0130stanbul\u2019un fethinin tarihi \u00f6neminin bilinmesi gerekti\u011fini, ecdad\u0131n miras\u0131na sahip \u00e7\u0131k\u0131lmas\u0131 gerekti\u011fini vurgulayan Alkay\u0131\u015f, t\u00fcm vatanda\u015flara selam ve muhabbetlerini iletti.<\/p><\/p>\n","protected":false},"excerpt":{"rendered":"<p> AK Parti Ad\u0131yaman Milletvekili ve Genel Merkez Te\u015fkilat Ba\u015fkan Yard\u0131mc\u0131s\u0131 Avukat Mustafa Alkay\u0131\u015f, \u0130stanbul\u2019un fethinin y\u0131l d\u00f6n\u00fcm\u00fc dolay\u0131s\u0131yla yapt\u0131\u011f\u0131 a\u00e7\u0131klamada, \u015fehrin tarihi, k\u00fclt\u00fcrel ve manevi de\u011ferleriyle bir d\u00fcnya kenti oldu\u011funu vurgulad\u0131.<\/p>\n","protected":false},"author":1,"featured_media":14632,"comment_status":"open","ping_status":"open","sticky":false,"template":"","format":"standard","meta":{"om_disable_all_campaigns":false,"_monsterinsights_skip_tracking":false,"_monsterinsights_sitenote_active":false,"_monsterinsights_sitenote_note":"","_monsterinsights_sitenote_category":0,"footnotes":""},"categories":[1,11],"tags":[1096,540,1302],"aioseo_notices":[],"_links":{"self":[{"href":"https:\/\/www.hbrkahta.com\/index.php\/wp-json\/wp\/v2\/posts\/14631"}],"collection":[{"href":"https:\/\/www.hbrkahta.com\/index.php\/wp-json\/wp\/v2\/posts"}],"about":[{"href":"https:\/\/www.hbrkahta.com\/index.php\/wp-json\/wp\/v2\/types\/post"}],"author":[{"embeddable":true,"href":"https:\/\/www.hbrkahta.com\/index.php\/wp-json\/wp\/v2\/users\/1"}],"replies":[{"embeddable":true,"href":"https:\/\/www.hbrkahta.com\/index.php\/wp-json\/wp\/v2\/comments?post=14631"}],"version-history":[{"count":1,"href":"https:\/\/www.hbrkahta.com\/index.php\/wp-json\/wp\/v2\/posts\/14631\/revisions"}],"predecessor-version":[{"id":14633,"href":"https:\/\/www.hbrkahta.com\/index.php\/wp-json\/wp\/v2\/posts\/14631\/revisions\/14633"}],"wp:featuredmedia":[{"embeddable":true,"href":"https:\/\/www.hbrkahta.com\/index.php\/wp-json\/wp\/v2\/media\/14632"}],"wp:attachment":[{"href":"https:\/\/www.hbrkahta.com\/index.php\/wp-json\/wp\/v2\/media?parent=14631"}],"wp:term":[{"taxonomy":"category","embeddable":true,"href":"https:\/\/www.hbrkahta.com\/index.php\/wp-json\/wp\/v2\/categories?post=14631"},{"taxonomy":"post_tag","embeddable":true,"href":"https:\/\/www.hbrkahta.com\/index.php\/wp-json\/wp\/v2\/tags?post=14631"}],"curies":[{"name":"wp","href":"https:\/\/api.w.org\/{rel}","templated":true}]}}