{"id":13481,"date":"2025-04-16T16:36:02","date_gmt":"2025-04-16T13:36:02","guid":{"rendered":"https:\/\/www.hbrkahta.com\/?p=13481"},"modified":"2025-04-16T16:36:02","modified_gmt":"2025-04-16T13:36:02","slug":"mil-diyanet-senden-esra-erolda-programi-tepkisi-rtuk-ve-aile-bakanligini-goreve-davet-ediyoruz","status":"publish","type":"post","link":"https:\/\/www.hbrkahta.com\/index.php\/2025\/04\/16\/mil-diyanet-senden-esra-erolda-programi-tepkisi-rtuk-ve-aile-bakanligini-goreve-davet-ediyoruz\/","title":{"rendered":"Mil-Diyanet Sen\u2019den &#8216;Esra Erol\u2019da&#8217; program\u0131 tepkisi: &#8216;RT\u00dcK ve Aile Bakanl\u0131\u011f\u0131\u2019n\u0131 g\u00f6reve davet ediyoruz&#8217;"},"content":{"rendered":"<p>Ya\u015far, a\u00e7\u0131klamas\u0131nda, programda yer alan &ldquo;bir ki\u015finin hamile b\u0131rakt\u0131\u011f\u0131 kay\u0131nvalidesi ile evlenmek istemesi&rdquo; olay\u0131n\u0131 &ldquo;bireysel bir sapk\u0131nl\u0131k&rdquo; olarak nitelendirerek, bu durumun ayn\u0131 zamanda toplumsal bir \u00e7\u00f6k\u00fc\u015f\u00fcn habercisi oldu\u011funu vurgulad\u0131. Toplumun temelini olu\u015fturan aile kurumunun bu t\u00fcr i\u00e7eriklerle a\u011f\u0131r \u015fekilde zedelendi\u011fini ifade eden Ya\u015far, olay kar\u015f\u0131s\u0131nda derin \u00fcz\u00fcnt\u00fc ve endi\u015fe duyduklar\u0131n\u0131 belirtti.<\/p>\n<p>&ldquo;Bu Yay\u0131nlar Ahlaki Yozla\u015fmay\u0131 Me\u015frula\u015ft\u0131r\u0131yor&rdquo;<\/p>\n<p>Kur\u2019an-\u0131 Kerim\u2019den al\u0131nt\u0131 yapan Ya\u015far, &ldquo;Allah k\u00f6t\u00fcl\u00fc\u011f\u00fcn ortaya \u00e7\u0131kmas\u0131n\u0131 sevmez&rdquo; (Nisa 148) ayetine at\u0131fla bu t\u00fcr if\u015falar\u0131n ve ahlaki yozla\u015fmalar\u0131n \u0130slami de\u011ferlerle ba\u011fda\u015fmad\u0131\u011f\u0131n\u0131 dile getirdi. Ya\u015far, &ldquo;Bu t\u00fcr olaylar ne bireysel \u00f6zg\u00fcrl\u00fck ne de ba\u015fka bir gerek\u00e7eyle me\u015frula\u015ft\u0131r\u0131lamaz,&rdquo; dedi.<\/p>\n<p>A\u00e7\u0131klamada, s\u00f6z konusu olay\u0131n i\u015flendi\u011fi program\u0131n yay\u0131nland\u0131\u011f\u0131 ATV kanal\u0131na da tepki g\u00f6sterildi. Ya\u015far, &ldquo;S\u00f6zde muhafazak&acirc;r kimli\u011fiyle bilinen ATV\u2019nin bu t\u00fcr i\u00e7erikleri ekranlara ta\u015f\u0131mas\u0131, reyting u\u011fruna toplumsal de\u011ferlerle alay edilmesidir&rdquo; ifadelerine yer verdi.<\/p>\n<p>&ldquo;Aile Bakanl\u0131\u011f\u0131 ve RT\u00dcK Sessiz Kal\u0131yor&rdquo;<\/p>\n<p>Aile ve Sosyal Hizmetler Bakanl\u0131\u011f\u0131 ile RT\u00dcK\u2019\u00fcn konuya ili\u015fkin sessizli\u011fini ele\u015ftiren Ya\u015far, &ldquo;Bu kurumlar toplumun manevi yap\u0131s\u0131n\u0131 korumakla y\u00fck\u00fcml\u00fcd\u00fcr. Ya\u015fanan bu t\u00fcr ahlaki \u00e7\u00f6k\u00fc\u015flere kar\u015f\u0131 ad\u0131m atmamak, bu de\u011ferlere sahip \u00e7\u0131kmamak anlam\u0131na gelir&rdquo; dedi.<\/p>\n<p>Mil-Diyanet Sen olarak uzun s\u00fcredir &ldquo;RT\u00dcK Ahlak Denetim Kurulu&rdquo; kurulmas\u0131 y\u00f6n\u00fcnde \u00e7a\u011fr\u0131da bulunduklar\u0131n\u0131 hat\u0131rlatan Ya\u015far, &ldquo;\u00d6nce Ahlak ve Maneviyat&rdquo; ilkesiyle hareket ettiklerini ve bu do\u011frultuda yay\u0131nc\u0131l\u0131k anlay\u0131\u015f\u0131n\u0131n ivedilikle denetlenmesi gerekti\u011fini kaydetti.<\/p>\n<p>&ldquo;Suskunluk, Manevi \u00c7\u00f6k\u00fc\u015fe Ortak Olmak Demektir&rdquo;<\/p>\n<p>Ya\u015far, a\u00e7\u0131klamas\u0131n\u0131n sonunda, ilgili kurumlar\u0131 bir kez daha g\u00f6reve \u00e7a\u011f\u0131rd\u0131:<\/p>\n<p>&ldquo;Bakanl\u0131\u011f\u0131, RT\u00dcK\u2019\u00fc ve ilgili t\u00fcm kurumlar\u0131, milletimizin inan\u00e7 ve de\u011ferleriyle alay eden bu t\u00fcr yay\u0131nlara kar\u015f\u0131 en sert \u015fekilde m\u00fcdahale etmeye \u00e7a\u011f\u0131r\u0131yoruz. Aksi takdirde bu suskunluk, \u00e7ocuklar\u0131m\u0131z\u0131n ve gen\u00e7li\u011fimizin manevi \u00e7\u00f6k\u00fc\u015f\u00fcne ortak olmak anlam\u0131na gelecektir.&rdquo;<\/p>\n<p>Mil-Diyanet Sen\u2019in \u00e7a\u011fr\u0131s\u0131, kamuoyunda tart\u0131\u015fmalar\u0131 beraberinde getiren televizyon programlar\u0131n\u0131n denetimi ve yay\u0131nc\u0131l\u0131k ilkeleri konusunu yeniden g\u00fcndeme ta\u015f\u0131d\u0131.<\/p><\/p>\n","protected":false},"excerpt":{"rendered":"<p> G\u00fclbahar S\u00dcNG\u00dc \u2013 Mil-Diyanet Sen Ad\u0131yaman \u0130l Ba\u015fkan\u0131 Halil \u0130brahim Ya\u015far, ATV ekranlar\u0131nda yay\u0131nlanan \u201cEsra Erol\u2019da\u201d adl\u0131 programda i\u015flenen ve kamuoyunda b\u00fcy\u00fck tepki \u00e7eken bir olay \u00fczerine yaz\u0131l\u0131 bir a\u00e7\u0131klama yaparak, Aile ve Sosyal Hizmetler Bakanl\u0131\u011f\u0131 ile Radyo ve Televizyon \u00dcst Kurulu&#8217;nu (RT\u00dcK) sorumluluk almaya davet etti.<\/p>\n","protected":false},"author":1,"featured_media":13482,"comment_status":"open","ping_status":"open","sticky":false,"template":"","format":"standard","meta":{"om_disable_all_campaigns":false,"_monsterinsights_skip_tracking":false,"_monsterinsights_sitenote_active":false,"_monsterinsights_sitenote_note":"","_monsterinsights_sitenote_category":0,"footnotes":""},"categories":[1,11],"tags":[2213,540,2212,1919],"aioseo_notices":[],"_links":{"self":[{"href":"https:\/\/www.hbrkahta.com\/index.php\/wp-json\/wp\/v2\/posts\/13481"}],"collection":[{"href":"https:\/\/www.hbrkahta.com\/index.php\/wp-json\/wp\/v2\/posts"}],"about":[{"href":"https:\/\/www.hbrkahta.com\/index.php\/wp-json\/wp\/v2\/types\/post"}],"author":[{"embeddable":true,"href":"https:\/\/www.hbrkahta.com\/index.php\/wp-json\/wp\/v2\/users\/1"}],"replies":[{"embeddable":true,"href":"https:\/\/www.hbrkahta.com\/index.php\/wp-json\/wp\/v2\/comments?post=13481"}],"version-history":[{"count":1,"href":"https:\/\/www.hbrkahta.com\/index.php\/wp-json\/wp\/v2\/posts\/13481\/revisions"}],"predecessor-version":[{"id":13483,"href":"https:\/\/www.hbrkahta.com\/index.php\/wp-json\/wp\/v2\/posts\/13481\/revisions\/13483"}],"wp:featuredmedia":[{"embeddable":true,"href":"https:\/\/www.hbrkahta.com\/index.php\/wp-json\/wp\/v2\/media\/13482"}],"wp:attachment":[{"href":"https:\/\/www.hbrkahta.com\/index.php\/wp-json\/wp\/v2\/media?parent=13481"}],"wp:term":[{"taxonomy":"category","embeddable":true,"href":"https:\/\/www.hbrkahta.com\/index.php\/wp-json\/wp\/v2\/categories?post=13481"},{"taxonomy":"post_tag","embeddable":true,"href":"https:\/\/www.hbrkahta.com\/index.php\/wp-json\/wp\/v2\/tags?post=13481"}],"curies":[{"name":"wp","href":"https:\/\/api.w.org\/{rel}","templated":true}]}}