{"id":13268,"date":"2025-04-06T15:48:03","date_gmt":"2025-04-06T12:48:03","guid":{"rendered":"https:\/\/www.hbrkahta.com\/?p=13268"},"modified":"2025-04-06T15:48:03","modified_gmt":"2025-04-06T12:48:03","slug":"mustafa-alkayis-ak-parti-teskilat-olarak-her-zaman-halkimizla-bir-aradayiz","status":"publish","type":"post","link":"https:\/\/www.hbrkahta.com\/index.php\/2025\/04\/06\/mustafa-alkayis-ak-parti-teskilat-olarak-her-zaman-halkimizla-bir-aradayiz\/","title":{"rendered":"Mustafa Alkay\u0131\u015f: &#8216;AK Parti te\u015fkilat olarak her zaman halk\u0131m\u0131zla bir araday\u0131z&#8217;"},"content":{"rendered":"<p>&ldquo;Te\u015fkilatlar\u0131m\u0131zla Her Zaman \u0130\u00e7 \u0130\u00e7e \u00c7al\u0131\u015f\u0131yoruz&rdquo;<\/p>\n<p>Bayram ziyaretleri kapsam\u0131nda il merkeziyle birlikte il\u00e7eler, k\u00f6yler ve mahalleleri de dola\u015fan Alkay\u0131\u015f, parti te\u015fkilatlar\u0131yla yapt\u0131\u011f\u0131 de\u011ferlendirmelerde halk\u0131n beklentilerini ve mevcut sorunlar\u0131 ele ald\u0131. AK Parti\u2019nin te\u015fkilat yap\u0131s\u0131na verdi\u011fi \u00f6nemi vurgulayan Alkay\u0131\u015f, &ldquo;\u0130l, il\u00e7e, k\u00f6y ve mahalle te\u015fkilatlar\u0131m\u0131zla s\u00fcrekli ileti\u015fim halindeyiz. Halk\u0131m\u0131z\u0131n g\u00fcvenini sa\u011flayan en sa\u011flam zemin yine bu te\u015fkilatlard\u0131r&rdquo; dedi.<\/p>\n<p>&ldquo;Deprem Yat\u0131r\u0131mlar\u0131 Y\u00fckseliyor, Meyvelerini Veriyor&rdquo;<\/p>\n<p>Bayram boyunca g\u00f6zlemledi\u011fi en \u00f6nemli konulardan birinin de Ad\u0131yaman\u2019da y\u00fckselen yat\u0131r\u0131mlar oldu\u011funu belirten Alkay\u0131\u015f, &ldquo;Bu bayramda, depremin hemen ard\u0131ndan H\u00fck\u00fcmetimiz taraf\u0131ndan ba\u015flat\u0131lan yat\u0131r\u0131mlar\u0131n y\u00fckselmeye ba\u015flad\u0131\u011f\u0131n\u0131 ve meyvelerini verdi\u011fini hep birlikte g\u00f6rd\u00fck&rdquo; ifadelerini kulland\u0131.<\/p>\n<p>&ldquo;Her Kap\u0131y\u0131 \u00c7ald\u0131k, Her Vatanda\u015f\u0131m\u0131zla Bayramla\u015ft\u0131k&rdquo;<\/p>\n<p>Arife g\u00fcn\u00fcnden tatilin sonuna kadar yo\u011fun bir programla sahada olduklar\u0131n\u0131 belirten Milletvekili Alkay\u0131\u015f, Ad\u0131yaman\u2019da bayram co\u015fkusunu halkla birlikte ya\u015fad\u0131klar\u0131n\u0131 s\u00f6yledi. &ldquo;Vatanda\u015flar\u0131m\u0131z, esnaf\u0131m\u0131z, i\u015f d\u00fcnyam\u0131z, sendikalar\u0131m\u0131z, kooperatiflerimiz, muhtarlar\u0131m\u0131z, emniyet ve jandarma te\u015fkilatlar\u0131m\u0131z, STK\u2019lar\u0131m\u0131z, \u015fehit ailelerimiz, taziye evlerimiz ve camilerimiz dahil olmak \u00fczere hemen her yerde vatanda\u015flar\u0131m\u0131zla bayramla\u015ft\u0131k&rdquo; dedi.<\/p>\n<p>&ldquo;Ad\u0131yaman\u2019\u0131n Talebi, Bizim Siyasi \u00d6nceli\u011fimizdir&rdquo;<\/p>\n<p>Alkay\u0131\u015f, AK Parti\u2019nin siyaset anlay\u0131\u015f\u0131n\u0131n merkezinde halk\u0131n oldu\u011funu vurgulayarak, &ldquo;Ad\u0131yamanl\u0131 hem\u015fehrilerimizin memnuniyeti ve refah\u0131 i\u00e7in her zaman sahaday\u0131z. Halk\u0131m\u0131z\u0131n talep ve \u00f6nerilerini siyasetin \u00f6nceli\u011fi yap\u0131yoruz. Te\u015fkilatlar\u0131m\u0131zla birlikte bu sesi Ankara\u2019ya ta\u015f\u0131maya devam edece\u011fiz&rdquo; \u015feklinde konu\u015ftu.<\/p>\n<p>&ldquo;Ad\u0131yaman\u2019\u0131n Menfaatini G\u00f6zeterek \u00c7al\u0131\u015f\u0131yoruz&rdquo;<\/p>\n<p>Milletvekili Alkay\u0131\u015f, y\u00fcr\u00fctt\u00fckleri t\u00fcm siyasi faaliyetlerde hem Ad\u0131yaman\u2019\u0131n hem de T\u00fcrkiye\u2019nin \u00e7\u0131karlar\u0131n\u0131 g\u00f6zeterek hareket ettiklerini ifade etti. &ldquo;Vatanda\u015flar\u0131m\u0131z\u0131n deste\u011fiyle \u00e7\u0131kt\u0131\u011f\u0131m\u0131z bu yolda, sorumlulu\u011fumuzun bilincindeyiz. \u015eehrimizin ac\u0131lar\u0131na ortak oldu\u011fumuz gibi mutlulu\u011funa da ortak olmaya devam edece\u011fiz&rdquo; dedi.<\/p><\/p>\n","protected":false},"excerpt":{"rendered":"<p> G\u00fclbahar S\u00dcNG\u00dc \u2013 AK Parti Te\u015fkilat Ba\u015fkan Yard\u0131mc\u0131s\u0131 ve Ad\u0131yaman Milletvekili Av. Mustafa Alkay\u0131\u015f, dokuz g\u00fcnl\u00fck Ramazan Bayram\u0131 tatilinde memleketi Ad\u0131yaman\u2019da vatanda\u015flarla, esnaflarla, te\u015fkilat mensuplar\u0131yla ve \u00e7e\u015fitli kurum temsilcileriyle bir araya geldi. Bayram boyunca sahada olan Alkay\u0131\u015f, hem halk\u0131n taleplerini dinledi hem de devam eden yat\u0131r\u0131mlar\u0131 yerinde inceledi.<\/p>\n","protected":false},"author":1,"featured_media":13269,"comment_status":"open","ping_status":"open","sticky":false,"template":"","format":"standard","meta":{"om_disable_all_campaigns":false,"_monsterinsights_skip_tracking":false,"_monsterinsights_sitenote_active":false,"_monsterinsights_sitenote_note":"","_monsterinsights_sitenote_category":0,"footnotes":""},"categories":[1,11],"tags":[1096,615,540,972,1712],"aioseo_notices":[],"_links":{"self":[{"href":"https:\/\/www.hbrkahta.com\/index.php\/wp-json\/wp\/v2\/posts\/13268"}],"collection":[{"href":"https:\/\/www.hbrkahta.com\/index.php\/wp-json\/wp\/v2\/posts"}],"about":[{"href":"https:\/\/www.hbrkahta.com\/index.php\/wp-json\/wp\/v2\/types\/post"}],"author":[{"embeddable":true,"href":"https:\/\/www.hbrkahta.com\/index.php\/wp-json\/wp\/v2\/users\/1"}],"replies":[{"embeddable":true,"href":"https:\/\/www.hbrkahta.com\/index.php\/wp-json\/wp\/v2\/comments?post=13268"}],"version-history":[{"count":1,"href":"https:\/\/www.hbrkahta.com\/index.php\/wp-json\/wp\/v2\/posts\/13268\/revisions"}],"predecessor-version":[{"id":13270,"href":"https:\/\/www.hbrkahta.com\/index.php\/wp-json\/wp\/v2\/posts\/13268\/revisions\/13270"}],"wp:featuredmedia":[{"embeddable":true,"href":"https:\/\/www.hbrkahta.com\/index.php\/wp-json\/wp\/v2\/media\/13269"}],"wp:attachment":[{"href":"https:\/\/www.hbrkahta.com\/index.php\/wp-json\/wp\/v2\/media?parent=13268"}],"wp:term":[{"taxonomy":"category","embeddable":true,"href":"https:\/\/www.hbrkahta.com\/index.php\/wp-json\/wp\/v2\/categories?post=13268"},{"taxonomy":"post_tag","embeddable":true,"href":"https:\/\/www.hbrkahta.com\/index.php\/wp-json\/wp\/v2\/tags?post=13268"}],"curies":[{"name":"wp","href":"https:\/\/api.w.org\/{rel}","templated":true}]}}