{"id":13259,"date":"2025-04-05T18:48:04","date_gmt":"2025-04-05T15:48:04","guid":{"rendered":"https:\/\/www.hbrkahta.com\/?p=13259"},"modified":"2025-04-05T18:48:04","modified_gmt":"2025-04-05T15:48:04","slug":"alkayis-memur-sen-il-temsilciligini-ziyaret-etti","status":"publish","type":"post","link":"https:\/\/www.hbrkahta.com\/index.php\/2025\/04\/05\/alkayis-memur-sen-il-temsilciligini-ziyaret-etti\/","title":{"rendered":"Alkay\u0131\u015f, Memur-Sen \u0130l Temsilcili\u011fi\u2019ni ziyaret etti"},"content":{"rendered":"<p>E\u011fitim-Bir-Sen Genel Ba\u015fkan Yard\u0131mc\u0131s\u0131 Ali Deniz\u2019in de bulundu\u011fu ziyarette \u00fclke ve e\u011fitim camias\u0131n\u0131n g\u00fcndemi isti\u015fare edildi. Memur-Sen Ad\u0131yaman \u0130l Temsilcisi E\u011fitim-Bir-Sen Ad\u0131yaman \u015eube Ba\u015fkan\u0131 Mehmet Demir ziyaretten duydu\u011fu memnuniyeti dile getirerek,&rdquo;zor ve \u00e7etin zamanlardan ge\u00e7iyoruz. D\u00fcnyadaki ekonomik geli\u015fmelerin olumsuz etkilerin her ge\u00e7en g\u00fcn daha fazla hissedildi\u011fi, \u00fcretim ve pazarlama kabiliyetinin \u00f6nem kazand\u0131\u011f\u0131 bir d\u00f6nemde siyasi emeller dolay\u0131s\u0131yla ger\u00e7ekle\u015ftirilen al\u0131\u015fveri\u015f yapmamaya y\u00f6nelik boykot \u00e7a\u011fr\u0131lar\u0131 zaten zor durumda bulunan esnaf\u0131m\u0131z\u0131, istihdam durumlar\u0131n\u0131 ve \u00fcretim kabiliyetini zafiyete u\u011fratmaktad\u0131r. Bizim taraf\u0131m\u0131z da tavr\u0131m\u0131z da bellidir. \u00dclkemizin yan\u0131nda, yerli ve milli \u00fcretimin taraf\u0131nday\u0131z. &ldquo;T\u00fcrk\u00fcm\u00fcz d\u00fcnyay\u0131 karde\u015f bilendir, G\u00f6kleri insan\u0131n ortak tarlas\u0131&rdquo; diyen M. Akif \u0130nan\u2019\u0131n kurdu\u011fu sendikal hareketiz biz. Bizim i\u015fimiz; b\u00fct\u00fcnlemek, derlemek, toparlamak ve emek\u00e7iye, \u00fcyeye, \u00fclkeye, yerk\u00fcreye hizmet etmektir&rdquo; dedi.<\/p>\n<p>Mehmet Demir, &ldquo; Hakem Kurulu taraf\u0131ndan verilen zam k\u0131sa s\u00fcrede erimi\u015ftir. Hakem Kurulunun yanl\u0131\u015f, hatal\u0131, ge\u00e7ersiz ve yetersiz art\u0131\u015f\u0131 ile kamu g\u00f6revlilerimizin ve emeklilerimizin al\u0131m g\u00fcc\u00fc d\u00fc\u015fmeye devam ediyor. Kamu g\u00f6revlilerinin ya\u015fad\u0131\u011f\u0131 gelir kay\u0131plar\u0131n\u0131n bir an \u00f6nce telafi edilmesi gerekir. Bunun i\u00e7in \u00f6ncelikle 4688 say\u0131l\u0131 kanunda de\u011fi\u015fikli\u011fe gidilmeli. Adil bir toplu s\u00f6zle\u015fme d\u00fczenine ge\u00e7ilmesi gerekir&rdquo; \u015feklinde konu\u015ftu.<\/p>\n<p>E\u011fitim-Bir-Sen Genel Ba\u015fkan Yard\u0131mc\u0131s\u0131 Ali Deniz, ne e\u011fitimde ne istihdamda olan gen\u00e7lerimizin say\u0131s\u0131n\u0131n olduk\u00e7a y\u00fcksek oldu\u011funu, gen\u00e7lerimiz i\u00e7in b\u00fct\u00fcnc\u00fcl bir gen\u00e7lik politikas\u0131 olu\u015fturulmas\u0131 ve gen\u00e7lerin \u00fcretkenliklerine alan a\u00e7an \u00e7\u00f6z\u00fcmler geli\u015ftirilmesi gerekti\u011fini belirterek &ldquo; E\u011fitim sistemimizin bel kemi\u011fi olan \u00f6\u011fretmenler konusunda da yeni bir vizyona ihtiya\u00e7 var. Mevcut atama say\u0131lar\u0131n\u0131n arz\u0131 kar\u015f\u0131layamamas\u0131, binlerce idealist \u00f6\u011fretmeni sistem d\u0131\u015f\u0131nda b\u0131rak\u0131yor. Bu nedenle atama say\u0131lar\u0131 ihtiyaca uygun \u015fekilde art\u0131r\u0131lmal\u0131. Atanm\u0131\u015f \u00f6\u011fretmenlerin ekonomik g\u00fcvenceleri, mesleki motivasyon a\u00e7\u0131s\u0131ndan vazge\u00e7ilmezimizdir. Maa\u015flar, yaln\u0131zca ba\u015flang\u0131\u00e7 de\u011fil, kariyer ilerlemesine g\u00f6re de anlaml\u0131 bir d\u00fczeye ta\u015f\u0131nmal\u0131d\u0131r&rdquo; ifadelerini kullanarak &ldquo;Gelece\u011fe yap\u0131lan en de\u011ferli yat\u0131r\u0131m olan e\u011fitimde, g\u00fc\u00e7l\u00fc y\u00f6nlerimizi sahiplenmeli; zay\u0131f alanlar\u0131m\u0131z\u0131 ise cesaretle kabul etmeliyiz. E\u011fer ger\u00e7ekten daha adil, kapsay\u0131c\u0131 ve nitelikli bir sistem kurmak istiyorsak; her \u00e7ocu\u011fun, her gencin, her \u00f6\u011fretmenin sesine kulak vermeli ve bu sesleri \u00e7\u00f6z\u00fcm\u00fcn par\u00e7as\u0131 h&acirc;line getirmeliyiz. E\u011fitimde at\u0131lacak her sa\u011flam ad\u0131m, bu topraklar\u0131n en k\u0131ymetli hazinesi olan insan\u0131m\u0131za yap\u0131lan bir yat\u0131r\u0131md\u0131r&rdquo; \u015feklinde konu\u015ftu.<\/p>\n<p>Ak Parti Ad\u0131yaman Milletvekili Av. Mustafa Alkay\u0131\u015f ise &ldquo; \u00c7al\u0131\u015fanlar\u0131m\u0131z\u0131n haklar\u0131, \u00fclkemizin gelece\u011fi ve ortak hedeflerimiz \u00fczerine verimli bir isti\u015fare ger\u00e7ekle\u015ftirdik. Kamu \u00e7al\u0131\u015fanlar\u0131n\u0131n \u00f6zl\u00fck, sosyal ve mali haklar\u0131 i\u00e7in \u00e7al\u0131\u015fmaya, kamu \u00e7al\u0131\u015fanlar\u0131m\u0131z\u0131n ve emeklilerimizin motivasyon ve konforunu artt\u0131racak ad\u0131mlar\u0131 atmaya \u00f6zen g\u00f6steriyoruz &ldquo; diyerek boykot \u00e7a\u011fr\u0131lar\u0131 i\u00e7in &ldquo; boykot \u00e7a\u011fr\u0131lar\u0131n\u0131n sadece siyasi de\u011fil, ekonomik tesirleri de olacakt\u0131r. Boykot \u00e7a\u011fr\u0131s\u0131n\u0131n k\u0131\u015fk\u0131rtma niteli\u011fi ta\u015f\u0131makta ve milli geliri hedef almaktad\u0131r. Bu t\u00fcr \u00e7a\u011fr\u0131lar halk nezdinde kar\u015f\u0131l\u0131k bulmayacakt\u0131r&rdquo; dedi.<\/p>\n<p>Genelde deprem b\u00f6lgesinde \u00f6zelde Ad\u0131yaman\u2019da deprem sonras\u0131 yap\u0131lan hizmetlerle ilgili olarak konutlar\u0131n bitme a\u015famas\u0131na geldi\u011fini ve yak\u0131n zamanda t\u00fcm hak sahiplerinin kal\u0131c\u0131 konutlar\u0131na kavu\u015fmu\u015f olaca\u011f\u0131n\u0131 s\u00f6yleyen Alkay\u0131\u015f, &ldquo; halka hizmeti Hakk\u2019a hizmet olarak g\u00f6r\u00fcyoruz. Ad\u0131yaman\u2019\u0131m\u0131z\u0131n hak etti\u011fi hizmeti almas\u0131 i\u00e7in \u00e7al\u0131\u015f\u0131yoruz. Birlik ve beraberli\u011fimizi peki\u015ftirerek, T\u00fcrkiye Y\u00fczy\u0131l\u0131 hedeflerimiz do\u011frultusunda azim ve kararl\u0131l\u0131kla gayret sarf ediyoruz. Memur-Sen \u0130l Temsilcili\u011fimize misafirperverlikleri i\u00e7in te\u015fekk\u00fcr eder, \u00e7al\u0131\u015fmalar\u0131nda ba\u015far\u0131lar dilerim.&rdquo; dedi.<\/p>\n<p>Ziyarette Memur-Sen Ad\u0131yaman \u0130l Temsilcisi ve E\u011fitim-Bir-Sen Ad\u0131yaman \u015eube Ba\u015fkan\u0131 Mehmet Demir\u2019in Ak Parti Ad\u0131yaman Milletvekili Av. Mustafa Alkay\u0131\u015f\u2019a E\u011fitim-Bir-Sen taraf\u0131ndan her y\u0131l d\u00fczenlenen E\u011fitimden Bir Kare Foto\u011fraf Yar\u0131\u015fmas\u0131n\u0131n 2024 y\u0131l\u0131 alb\u00fcm\u00fcn\u00fc hediye etti.<\/p><\/p>\n","protected":false},"excerpt":{"rendered":"<p> AK Parti Ad\u0131yaman Milletvekili Av. Mustafa Alkay\u0131\u015f ve AK Parti \u0130l Ba\u015fkan\u0131 Faruk B\u00fclent Kablan Memur-Sen Ad\u0131yaman \u0130l Temsilcili\u011fi\u2019ne nezaket ziyaretinde bulundu.<\/p>\n","protected":false},"author":1,"featured_media":13260,"comment_status":"open","ping_status":"open","sticky":false,"template":"","format":"standard","meta":{"om_disable_all_campaigns":false,"_monsterinsights_skip_tracking":false,"_monsterinsights_sitenote_active":false,"_monsterinsights_sitenote_note":"","_monsterinsights_sitenote_category":0,"footnotes":""},"categories":[1,11],"tags":[559,540,312,784,533],"aioseo_notices":[],"_links":{"self":[{"href":"https:\/\/www.hbrkahta.com\/index.php\/wp-json\/wp\/v2\/posts\/13259"}],"collection":[{"href":"https:\/\/www.hbrkahta.com\/index.php\/wp-json\/wp\/v2\/posts"}],"about":[{"href":"https:\/\/www.hbrkahta.com\/index.php\/wp-json\/wp\/v2\/types\/post"}],"author":[{"embeddable":true,"href":"https:\/\/www.hbrkahta.com\/index.php\/wp-json\/wp\/v2\/users\/1"}],"replies":[{"embeddable":true,"href":"https:\/\/www.hbrkahta.com\/index.php\/wp-json\/wp\/v2\/comments?post=13259"}],"version-history":[{"count":1,"href":"https:\/\/www.hbrkahta.com\/index.php\/wp-json\/wp\/v2\/posts\/13259\/revisions"}],"predecessor-version":[{"id":13261,"href":"https:\/\/www.hbrkahta.com\/index.php\/wp-json\/wp\/v2\/posts\/13259\/revisions\/13261"}],"wp:featuredmedia":[{"embeddable":true,"href":"https:\/\/www.hbrkahta.com\/index.php\/wp-json\/wp\/v2\/media\/13260"}],"wp:attachment":[{"href":"https:\/\/www.hbrkahta.com\/index.php\/wp-json\/wp\/v2\/media?parent=13259"}],"wp:term":[{"taxonomy":"category","embeddable":true,"href":"https:\/\/www.hbrkahta.com\/index.php\/wp-json\/wp\/v2\/categories?post=13259"},{"taxonomy":"post_tag","embeddable":true,"href":"https:\/\/www.hbrkahta.com\/index.php\/wp-json\/wp\/v2\/tags?post=13259"}],"curies":[{"name":"wp","href":"https:\/\/api.w.org\/{rel}","templated":true}]}}