{"id":13256,"date":"2025-04-05T18:36:04","date_gmt":"2025-04-05T15:36:04","guid":{"rendered":"https:\/\/www.hbrkahta.com\/?p=13256"},"modified":"2025-04-05T18:36:04","modified_gmt":"2025-04-05T15:36:04","slug":"milletvekili-ishak-san-adiyamani-saglikta-bolgesel-us-haline-getiriyoruz","status":"publish","type":"post","link":"https:\/\/www.hbrkahta.com\/index.php\/2025\/04\/05\/milletvekili-ishak-san-adiyamani-saglikta-bolgesel-us-haline-getiriyoruz\/","title":{"rendered":"Milletvekili \u0130shak \u015ean: &#8216;Ad\u0131yaman\u2019\u0131 sa\u011fl\u0131kta b\u00f6lgesel \u00fcs haline getiriyoruz&#8217;"},"content":{"rendered":"<p>Deprem sonras\u0131 yeniden yap\u0131lanma s\u00fcrecinde sa\u011fl\u0131k yat\u0131r\u0131mlar\u0131yla dikkat \u00e7eken Ad\u0131yaman, kapsaml\u0131 projelerle aya\u011fa kalk\u0131yor<\/p>\n<p>Yatak Say\u0131s\u0131 Yeniden Artt\u0131: Hedef 10 Binde 30 Yatak<\/p>\n<p>Deprem \u00f6ncesinde il genelinde 1.431 olan yatak say\u0131s\u0131n\u0131n afet sonras\u0131 988\u2019e kadar d\u00fc\u015ft\u00fc\u011f\u00fcn\u00fc aktaran \u015ean, yeni yat\u0131r\u0131mlarla bu say\u0131n\u0131n 2024 y\u0131l\u0131 itibar\u0131yla 1.556\u2019ya y\u00fckseldi\u011fini kaydetti. T\u00fcrkiye ortalamas\u0131n\u0131n \u00fczerinde seyreden 10 bin ki\u015fiye 23,9 yatak oran\u0131n\u0131n, devam eden projelerle birlikte 30\u2019a \u00e7\u0131kar\u0131lmas\u0131n\u0131n hedeflendi\u011fini ifade etti.<\/p>\n<p>Tamamlanan 12 Yeni Sa\u011fl\u0131k Tesisi Hizmete Girdi<\/p>\n<p>Milletvekili \u015ean, 2024 y\u0131l\u0131 i\u00e7inde tamamlanarak hizmete giren sa\u011fl\u0131k yat\u0131r\u0131mlar\u0131n\u0131 \u015f\u00f6yle s\u0131ralad\u0131:<\/p>\n<p>Kad\u0131n Do\u011fum ve \u00c7ocuk Hastal\u0131klar\u0131 Hastanesi Ek Binas\u0131<\/p>\n<p>Onkoloji Tan\u0131 ve Tedavi Merkezi<\/p>\n<p>Fizik Tedavi Servis ve \u00dcnitesi<\/p>\n<p>Kahta 20 \u00dcnitli A\u011f\u0131z ve Di\u015f Sa\u011fl\u0131\u011f\u0131 Merkezi<\/p>\n<p>Merkezde 3 Aile Sa\u011fl\u0131\u011f\u0131 Merkezi<\/p>\n<p>112 Acil Sa\u011fl\u0131k \u0130stasyonlar\u0131<\/p>\n<p>Besni \u015eambayat Aile Sa\u011fl\u0131\u011f\u0131 Merkezi<\/p>\n<p>Besni K\u0131z\u0131lin K\u00f6y\u00fc Sa\u011fl\u0131k Evi<\/p>\n<p>Toplamda 12 sa\u011fl\u0131k tesisinin hizmete girdi\u011fini belirten \u015ean, bu yat\u0131r\u0131mlar\u0131n halk\u0131n sa\u011fl\u0131k hizmetine eri\u015fimini ciddi \u015fekilde art\u0131rd\u0131\u011f\u0131n\u0131 kaydetti.<\/p>\n<p>Yeni Hastaneler ve Birinci Basamak Tesislerde B\u00fcy\u00fck Hamle<\/p>\n<p>D\u00fcnya Bankas\u0131 fonuyla yap\u0131lacak 16 Aile Sa\u011fl\u0131\u011f\u0131 Merkezi i\u00e7in ihale ve proje s\u00fcre\u00e7lerinin tamamland\u0131\u011f\u0131n\u0131 a\u00e7\u0131klayan \u0130shak \u015ean, bunlar\u0131n k\u0131sa s\u00fcrede in\u015fas\u0131na ba\u015flanaca\u011f\u0131n\u0131 duyurdu. Ayr\u0131ca:<\/p>\n<p>150 yatakl\u0131 merkez Devlet Hastanesi in\u015faat\u0131n\u0131n devam etti\u011fi<\/p>\n<p>Alt\u0131n\u015fehir Devlet Hastanesi i\u00e7in arsa tahsisinin tamamlanarak projelendirme a\u015famas\u0131na ge\u00e7ildi\u011fi<\/p>\n<p>Yeni yerle\u015fim alanlar\u0131nda \u00e7elik konstr\u00fcksiyon yap\u0131larla birinci basamak tesislerin h\u0131zla in\u015fa edilece\u011fi bilgilerini payla\u015ft\u0131.<\/p>\n<p>Evde Sa\u011fl\u0131kta Rekor Seviyeler<\/p>\n<p>2024 y\u0131l\u0131 itibar\u0131yla Ad\u0131yaman\u2019da evde sa\u011fl\u0131k hizmetlerinden 3.232 hasta yararland\u0131. Bu hastalara toplam 30.360 ziyaret ger\u00e7ekle\u015ftirildi\u011fini belirten \u015ean, \u00f6zellikle ya\u015fl\u0131, engelli ve kronik hastalar\u0131n sa\u011fl\u0131k hizmetine eri\u015fimi a\u00e7\u0131s\u0131ndan bu uygulaman\u0131n b\u00fcy\u00fck kolayl\u0131k sa\u011flad\u0131\u011f\u0131n\u0131 s\u00f6yledi.<\/p>\n<p>112 Acil Hizmetleri G\u00fc\u00e7leniyor: 66 Ambulansla 40 \u0130stasyonda Hizmet<\/p>\n<p>\u015ean, kent genelinde 40 noktada konu\u015flanan 112 Acil Sa\u011fl\u0131k istasyonlar\u0131nda 66 tam donan\u0131ml\u0131 ambulans ile hizmet verildi\u011fini belirtti. Yeni istasyon yat\u0131r\u0131mlar\u0131n\u0131n da s\u00fcrd\u00fc\u011f\u00fcn\u00fc aktard\u0131.<\/p>\n<p>G\u00f6r\u00fcnt\u00fcleme ve T\u0131bbi Cihaz Altyap\u0131s\u0131 Yenilendi<\/p>\n<p>Ad\u0131yaman E\u011fitim ve Ara\u015ft\u0131rma Hastanesi\u2019ne:<\/p>\n<p>128 kesitli yeni Bilgisayarl\u0131 Tomografi cihaz\u0131<\/p>\n<p>Anjiyografi cihaz\u0131<\/p>\n<p>\u0130nme (fel\u00e7) merkezi kurulum \u00e7al\u0131\u015fmalar\u0131<\/p>\n<p>Yeni a\u00e7\u0131lan Fizik Tedavi Servisi ve \u00dcnitesi<\/p>\n<p>PET-CT ve kemoterapi \u00fcnitesi ile g\u00fc\u00e7lendirilmi\u015f Onkoloji Merkezi<\/p>\n<p>I\u015f\u0131n tedavisi cihaz\u0131 (Linac) gibi yat\u0131r\u0131mlar\u0131n yap\u0131ld\u0131\u011f\u0131n\u0131 belirten \u015ean, il d\u0131\u015f\u0131na sevklerin azalt\u0131ld\u0131\u011f\u0131n\u0131 ve tan\u0131-tedavi s\u00fcre\u00e7lerinde b\u00fcy\u00fck kolayl\u0131k sa\u011fland\u0131\u011f\u0131n\u0131 kaydetti. Kahta Devlet Hastanesi&#8217;ne de anjiyo cihaz\u0131 kurulum \u00e7al\u0131\u015fmalar\u0131n\u0131n s\u00fcrd\u00fc\u011f\u00fc bilgisi verildi.<\/p>\n<p>&ldquo;Ad\u0131yaman\u2019\u0131n Sa\u011fl\u0131k \u0130htiya\u00e7lar\u0131n\u0131 Uzun Vadeli Planl\u0131yoruz&rdquo;<\/p>\n<p>Ad\u0131yaman Milletvekili Do\u00e7. Dr. \u0130shak \u015ean, sa\u011fl\u0131k alan\u0131ndaki yat\u0131r\u0131mlara ili\u015fkin de\u011ferlendirmesinde \u015fu ifadeleri kulland\u0131:<\/p>\n<p>&ldquo;Ad\u0131yaman, 6 \u015eubat depremlerinde b\u00fcy\u00fck bir y\u0131k\u0131m ya\u015fad\u0131. Ancak bizler bu \u015fehri aya\u011fa kald\u0131rmak ve halk\u0131m\u0131za en iyi sa\u011fl\u0131k hizmetini sunmak i\u00e7in durmaks\u0131z\u0131n \u00e7al\u0131\u015f\u0131yoruz. H\u00fck\u00fcmetimizle birlikte ortaya koydu\u011fumuz g\u00fc\u00e7l\u00fc irade sayesinde Ad\u0131yaman\u2019\u0131 b\u00f6lgesel bir sa\u011fl\u0131k merkezi haline getiriyoruz. Sadece bug\u00fcn\u00fcn de\u011fil, gelece\u011fin sa\u011fl\u0131k ihtiya\u00e7lar\u0131n\u0131 da kar\u015f\u0131layacak bir altyap\u0131y\u0131 kuruyoruz. Onkoloji Tan\u0131 Merkezi, \u0130nme Merkezi, yeni hastaneler ve birinci basamak sa\u011fl\u0131k yat\u0131r\u0131mlar\u0131yla Ad\u0131yaman\u2019\u0131n sa\u011fl\u0131kta g\u00fc\u00e7l\u00fc bir \u015fehir olaca\u011f\u0131na inan\u0131yoruz.&rdquo;<\/p><\/p>\n","protected":false},"excerpt":{"rendered":"<p> G\u00fclbahar S\u00dcNG\u00dc &#8211; AK Parti Ad\u0131yaman Milletvekili Do\u00e7. Dr. \u0130shak \u015ean, 6 \u015eubat depreminin ard\u0131ndan Ad\u0131yaman\u2019da sa\u011fl\u0131k altyap\u0131s\u0131n\u0131n yeniden yap\u0131land\u0131r\u0131lmas\u0131 ve sa\u011fl\u0131k hizmetlerinin g\u00fc\u00e7lendirilmesi amac\u0131yla y\u00fcr\u00fct\u00fclen \u00e7al\u0131\u015fmalar\u0131 de\u011ferlendirdi. \u015ean, Ad\u0131yaman\u2019\u0131 sa\u011fl\u0131kta b\u00f6lgesel bir \u00fcs haline getirmeyi hedeflediklerini belirterek, hayata ge\u00e7irilen ve planlanan projelerle kentin sa\u011fl\u0131k kapasitesinin \u00f6nemli \u00f6l\u00e7\u00fcde artt\u0131\u011f\u0131n\u0131 vurgulad\u0131.<\/p>\n","protected":false},"author":1,"featured_media":13257,"comment_status":"open","ping_status":"open","sticky":false,"template":"","format":"standard","meta":{"om_disable_all_campaigns":false,"_monsterinsights_skip_tracking":false,"_monsterinsights_sitenote_active":false,"_monsterinsights_sitenote_note":"","_monsterinsights_sitenote_category":0,"footnotes":""},"categories":[1,11,13],"tags":[540,233,610,96,674],"aioseo_notices":[],"_links":{"self":[{"href":"https:\/\/www.hbrkahta.com\/index.php\/wp-json\/wp\/v2\/posts\/13256"}],"collection":[{"href":"https:\/\/www.hbrkahta.com\/index.php\/wp-json\/wp\/v2\/posts"}],"about":[{"href":"https:\/\/www.hbrkahta.com\/index.php\/wp-json\/wp\/v2\/types\/post"}],"author":[{"embeddable":true,"href":"https:\/\/www.hbrkahta.com\/index.php\/wp-json\/wp\/v2\/users\/1"}],"replies":[{"embeddable":true,"href":"https:\/\/www.hbrkahta.com\/index.php\/wp-json\/wp\/v2\/comments?post=13256"}],"version-history":[{"count":1,"href":"https:\/\/www.hbrkahta.com\/index.php\/wp-json\/wp\/v2\/posts\/13256\/revisions"}],"predecessor-version":[{"id":13258,"href":"https:\/\/www.hbrkahta.com\/index.php\/wp-json\/wp\/v2\/posts\/13256\/revisions\/13258"}],"wp:featuredmedia":[{"embeddable":true,"href":"https:\/\/www.hbrkahta.com\/index.php\/wp-json\/wp\/v2\/media\/13257"}],"wp:attachment":[{"href":"https:\/\/www.hbrkahta.com\/index.php\/wp-json\/wp\/v2\/media?parent=13256"}],"wp:term":[{"taxonomy":"category","embeddable":true,"href":"https:\/\/www.hbrkahta.com\/index.php\/wp-json\/wp\/v2\/categories?post=13256"},{"taxonomy":"post_tag","embeddable":true,"href":"https:\/\/www.hbrkahta.com\/index.php\/wp-json\/wp\/v2\/tags?post=13256"}],"curies":[{"name":"wp","href":"https:\/\/api.w.org\/{rel}","templated":true}]}}