{"id":13253,"date":"2025-04-05T18:24:04","date_gmt":"2025-04-05T15:24:04","guid":{"rendered":"https:\/\/www.hbrkahta.com\/?p=13253"},"modified":"2025-04-05T18:24:04","modified_gmt":"2025-04-05T15:24:04","slug":"mhp-il-baskani-ali-onat-sayin-tutdere-vekillik-modundan-cikamadi","status":"publish","type":"post","link":"https:\/\/www.hbrkahta.com\/index.php\/2025\/04\/05\/mhp-il-baskani-ali-onat-sayin-tutdere-vekillik-modundan-cikamadi\/","title":{"rendered":"MHP \u0130l Ba\u015fkan\u0131 Ali \u00d6nat: &#8216;Say\u0131n Tutdere vekillik modundan \u00e7\u0131kamad\u0131&#8217;"},"content":{"rendered":"<p>&ldquo;Say\u0131n Tutdere Vekillik Modundan \u00c7\u0131kamad\u0131&rdquo;<\/p>\n<p>Belediye Ba\u015fkan\u0131 Abdurrahman Tutdere\u2019nin milletvekilli\u011fi d\u00f6neminden kalma bir siyasi refleksle hareket etti\u011fini savunan MHP \u0130l Ba\u015fkan\u0131 \u00d6nat, &ldquo;Beklenmedik bir \u015fekilde belediye ba\u015fkanl\u0131\u011f\u0131na se\u00e7ilen Say\u0131n Tutdere&#8217;nin h&acirc;l&acirc; yeni g\u00f6revine al\u0131\u015famad\u0131\u011f\u0131n\u0131 d\u00fc\u015f\u00fcn\u00fcyorum. Vekillik modundan \u00e7\u0131kamayan say\u0131n ba\u015fkan, siyasi rol karga\u015fas\u0131 ya\u015f\u0131yor. Bir taraftan iktidara laf yeti\u015ftirmeye \u00e7al\u0131\u015f\u0131rken di\u011fer taraftan CHP&#8217;nin genel hengamesi i\u00e7inde kendini uygun bir yere konumland\u0131rma derdinde. Hal b\u00f6yle olunca Say\u0131n Tutdere, Ad\u0131yaman Belediye Ba\u015fkan\u0131 oldu\u011funu unutuyor&rdquo; ifadelerini kulland\u0131.<\/p>\n<p>&ldquo;Ula\u015f\u0131labilirlik Azald\u0131, \u015eikayetler Artt\u0131&rdquo;<\/p>\n<p>Tutdere\u2019nin milletvekilli\u011fi d\u00f6neminde ula\u015f\u0131labilir bir profil \u00e7izdi\u011fini hat\u0131rlatan \u00d6nat, belediye ba\u015fkanl\u0131\u011f\u0131 s\u00fcrecinde ise vatanda\u015flar\u0131n bu eri\u015fimi sa\u011flayamad\u0131\u011f\u0131n\u0131 \u00f6ne s\u00fcrd\u00fc. \u00d6nat, &ldquo;Vekillik d\u00f6neminde ula\u015f\u0131labilir olmas\u0131 dolay\u0131s\u0131yla kendisine oy veren b\u00fcy\u00fck bir kesim, \u015fimdi say\u0131n ba\u015fkana ula\u015famad\u0131\u011f\u0131 i\u00e7in \u015fikayet\u00e7i&rdquo; dedi.<\/p>\n<p>&ldquo;Yollar Off-Road Pistine D\u00f6nd\u00fc, Ara\u00e7lar Sanayiden \u00c7\u0131kam\u0131yor&rdquo;<\/p>\n<p>Belediyenin temel hizmetlerde eksik kald\u0131\u011f\u0131n\u0131 vurgulayan \u00d6nat, \u00f6zellikle yol bak\u0131m konusuna dikkat \u00e7ekerek, &ldquo;Belediye yollara yama bile yapmaya yeti\u015femiyor. Ad\u0131yaman cadde ve sokaklar\u0131 off-road yar\u0131\u015f pisti gibi. Ara\u00e7lar\u0131m\u0131z sanayiden \u00e7\u0131km\u0131yor&rdquo; diye konu\u015ftu.<\/p>\n<p>&ldquo;\u0130mar Uygulamalar\u0131 Keyfi, Kurumsal Sayg\u0131nl\u0131k Zedeleniyor&rdquo;<\/p>\n<p>\u0130mar planlamalar\u0131nda e\u015fitlik ilkesine uyulmad\u0131\u011f\u0131n\u0131 iddia eden \u00d6nat, &ldquo;Yetkili kurumlar\u0131n g\u00f6r\u00fc\u015flerine ra\u011fmen imar i\u015flerinde keyfi uygulamalar yap\u0131l\u0131yor. Benzer durumdaki imar konular\u0131 ki\u015filere g\u00f6re de\u011fi\u015fmekte. Bu yakla\u015f\u0131m belediyenin kurumsal sayg\u0131nl\u0131\u011f\u0131na zarar veriyor&rdquo; dedi.<\/p>\n<p>&ldquo;Komisyonlar Toplanam\u0131yor, Meclis \u015eeffaf Olmal\u0131&rdquo;<\/p>\n<p>Belediye Meclisi \u00e7al\u0131\u015fmalar\u0131na da de\u011finen \u00d6nat, meclis \u00fcyelerinin liyakat eksikli\u011fi nedeniyle komisyonlar\u0131n toplanamad\u0131\u011f\u0131n\u0131 ve bu durumun hizmet \u00fcretimini aksatt\u0131\u011f\u0131n\u0131 s\u00f6yledi. Vatanda\u015flar\u0131n meclis toplant\u0131lar\u0131n\u0131 canl\u0131 yay\u0131nla izlemek istedi\u011fini ifade ederek, \u015feffafl\u0131k \u00e7a\u011fr\u0131s\u0131nda bulundu.<\/p>\n<p>&ldquo;Personel Al\u0131mlar\u0131 \u015eeffaf Olmal\u0131&rdquo;<\/p>\n<p>Belediye b\u00fcnyesinde yap\u0131lan personel al\u0131mlar\u0131n\u0131n \u015firketler \u00fczerinden ve ahbap-\u00e7avu\u015f ili\u015fkisiyle y\u00fcr\u00fct\u00fcld\u00fc\u011f\u00fcn\u00fc ileri s\u00fcren \u00d6nat, bu durumun kamuoyunda rahats\u0131zl\u0131k yaratt\u0131\u011f\u0131n\u0131 ifade etti.<\/p>\n<p>&ldquo;Bor\u00e7suz Belediye Devrald\u0131lar, S\u00fcrekli Bahane \u00dcretiyorlar&rdquo;<\/p>\n<p>Yeni y\u00f6netimin bor\u00e7suz bir belediye devralmas\u0131na ra\u011fmen, hizmet \u00fcretiminde s\u00fcrekli gerek\u00e7eler ileri s\u00fcrd\u00fc\u011f\u00fcn\u00fc belirten \u00d6nat, &ldquo;Bor\u00e7suz bir belediye devralan yeni y\u00f6netim, hizmet etme konusunda s\u00fcrekli bahane \u00fcretiyor&rdquo; diye konu\u015ftu.<\/p>\n<p>&ldquo;Asli G\u00f6revler Yetersizken B\u00fcy\u00fck Projeler Beklenemez&rdquo;<\/p>\n<p>Belediyenin yol, su, kanalizasyon ve temizlik gibi temel g\u00f6revlerde dahi eksik kald\u0131\u011f\u0131n\u0131 kaydeden \u00d6nat, &ldquo;Ad\u0131yaman Belediyesi asli vazifesi olan yol, su, kanalizasyon, temizlik gibi konularda yetersizken b\u00fcy\u00fck projeler bekleyemiyoruz. Se\u00e7im \u00f6ncesi bol keseden verilen abart\u0131l\u0131 vaatlerin ger\u00e7ekle\u015fmesi m\u00fcmk\u00fcn g\u00f6r\u00fcnm\u00fcyor&rdquo; dedi.<\/p>\n<p>&ldquo;Her \u015eeye Ra\u011fmen Umutluyuz&rdquo;<\/p>\n<p>A\u00e7\u0131klamas\u0131n\u0131n sonunda yap\u0131c\u0131 bir yakla\u015f\u0131m sergileyen \u00d6nat, &ldquo;Her \u015feye ra\u011fmen umuyoruz ki belediye yetkilileri bu bir y\u0131ll\u0131k s\u00fcreyi \u00e7ok iyi analiz eder ve kalan g\u00f6rev s\u00fcrelerini vatanda\u015flar\u0131m\u0131z\u0131 memnun edecek hizmetlerle tamamlar&rdquo; diyerek temennide bulundu.<\/p><\/p>\n","protected":false},"excerpt":{"rendered":"<p> Rojin S\u00dcNG\u00dc &#8211; Milliyet\u00e7i Hareket Partisi (MHP) Ad\u0131yaman \u0130l Ba\u015fkan\u0131 Ali \u00d6nat, yaz\u0131l\u0131 bir a\u00e7\u0131klama yay\u0131mlayarak Ad\u0131yaman Belediyesi\u2019nin \u00e7al\u0131\u015fmalar\u0131n\u0131 de\u011ferlendirdi. Belediye Ba\u015fkan\u0131 Abdurrahman Tutdere\u2019yi ele\u015ftiren \u00d6nat, belediyenin temel hizmetlerde yetersiz kald\u0131\u011f\u0131n\u0131 \u00f6ne s\u00fcrd\u00fc. MHP olarak Ad\u0131yaman halk\u0131n\u0131n yarar\u0131na olacak her konuda destek vereceklerini belirten \u00d6nat, belediye y\u00f6netimine de hizmet \u00fcretiminde daha etkin ve \u015feffaf olma \u00e7a\u011fr\u0131s\u0131nda bulundu.<\/p>\n","protected":false},"author":1,"featured_media":13254,"comment_status":"open","ping_status":"open","sticky":false,"template":"","format":"standard","meta":{"om_disable_all_campaigns":false,"_monsterinsights_skip_tracking":false,"_monsterinsights_sitenote_active":false,"_monsterinsights_sitenote_note":"","_monsterinsights_sitenote_category":0,"footnotes":""},"categories":[1,11],"tags":[295,540,695,233,1971],"aioseo_notices":[],"_links":{"self":[{"href":"https:\/\/www.hbrkahta.com\/index.php\/wp-json\/wp\/v2\/posts\/13253"}],"collection":[{"href":"https:\/\/www.hbrkahta.com\/index.php\/wp-json\/wp\/v2\/posts"}],"about":[{"href":"https:\/\/www.hbrkahta.com\/index.php\/wp-json\/wp\/v2\/types\/post"}],"author":[{"embeddable":true,"href":"https:\/\/www.hbrkahta.com\/index.php\/wp-json\/wp\/v2\/users\/1"}],"replies":[{"embeddable":true,"href":"https:\/\/www.hbrkahta.com\/index.php\/wp-json\/wp\/v2\/comments?post=13253"}],"version-history":[{"count":1,"href":"https:\/\/www.hbrkahta.com\/index.php\/wp-json\/wp\/v2\/posts\/13253\/revisions"}],"predecessor-version":[{"id":13255,"href":"https:\/\/www.hbrkahta.com\/index.php\/wp-json\/wp\/v2\/posts\/13253\/revisions\/13255"}],"wp:featuredmedia":[{"embeddable":true,"href":"https:\/\/www.hbrkahta.com\/index.php\/wp-json\/wp\/v2\/media\/13254"}],"wp:attachment":[{"href":"https:\/\/www.hbrkahta.com\/index.php\/wp-json\/wp\/v2\/media?parent=13253"}],"wp:term":[{"taxonomy":"category","embeddable":true,"href":"https:\/\/www.hbrkahta.com\/index.php\/wp-json\/wp\/v2\/categories?post=13253"},{"taxonomy":"post_tag","embeddable":true,"href":"https:\/\/www.hbrkahta.com\/index.php\/wp-json\/wp\/v2\/tags?post=13253"}],"curies":[{"name":"wp","href":"https:\/\/api.w.org\/{rel}","templated":true}]}}