{"id":12903,"date":"2025-03-23T00:36:05","date_gmt":"2025-03-22T21:36:05","guid":{"rendered":"https:\/\/www.hbrkahta.com\/?p=12903"},"modified":"2025-03-23T00:36:05","modified_gmt":"2025-03-22T21:36:05","slug":"stklarin-katilimiyla-duzenlenen-birlik-iftarinda-ortak-sofra-kuruldu","status":"publish","type":"post","link":"https:\/\/www.hbrkahta.com\/index.php\/2025\/03\/23\/stklarin-katilimiyla-duzenlenen-birlik-iftarinda-ortak-sofra-kuruldu\/","title":{"rendered":"STK\u2019lar\u0131n kat\u0131l\u0131m\u0131yla d\u00fczenlenen \u2018Birlik \u0130ftar\u0131\u2019nda ortak sofra kuruldu"},"content":{"rendered":"<p>Belediye Ba\u015fkan\u0131 Abdurrahman Tutdere\u2019nin ev sahipli\u011finde \u00c7e\u015fmi Cihan Salonu\u2019nda ger\u00e7ekle\u015fen iftar program\u0131na Ad\u0131yaman il protokol\u00fc, \u00f6nceki d\u00f6nem milletvekilleri, siyasi parti temsilcileri, sivil toplum kurulu\u015flar\u0131n\u0131n \u00fcyeleri, belediye ve il genel meclis \u00fcyeleri, oda ve dernek ba\u015fkanlar\u0131, bas\u0131n mensuplar\u0131, belediye ba\u015fkan yard\u0131mc\u0131lar\u0131, birim m\u00fcd\u00fcrleri ve \u00e7ok say\u0131da yurtta\u015f kat\u0131ld\u0131.<br \/>\n&ldquo;Birlik sofram\u0131zda hep birlikteyiz&rdquo;<br \/>\n\u0130ftar program\u0131nda konu\u015fan Ba\u015fkan Abdurrahman Tutdere, Ramazan\u2019\u0131n birlik ve karde\u015flik iklimine vurgu yaparak \u015funlar\u0131 s\u00f6yledi:<br \/>\n&ldquo;Birlik, beraberlik ve dayan\u0131\u015fmam\u0131z\u0131 peki\u015ftirmek, sofram\u0131z\u0131 b\u00fcy\u00fctmek ve ekme\u011fimizi b\u00f6l\u00fc\u015fmek i\u00e7in bir araya geldi\u011fimiz bu g\u00fczel iftar sofram\u0131zda sizlerle birlikte olmaktan b\u00fcy\u00fck mutluluk duyuyorum. Bu m\u00fcbarek ay\u0131n, birli\u011fimize ve karde\u015fli\u011fimize vesile olmas\u0131n\u0131 diliyorum. 6 \u015eubat\u2019ta ya\u015fad\u0131\u011f\u0131m\u0131z b\u00fcy\u00fck y\u0131k\u0131m\u0131n ard\u0131ndan herkes kendi alan\u0131nda b\u00fcy\u00fck bir m\u00fccadele veriyor. Ortak \u00e7abayla Ad\u0131yaman\u2019\u0131m\u0131z\u0131 yeniden aya\u011fa kald\u0131racak, hak etti\u011fi yere ula\u015ft\u0131raca\u011f\u0131z. Bu s\u00fcre\u00e7te dayan\u0131\u015fmaya, ortak akla ve i\u015f birli\u011fine her zamankinden daha \u00e7ok ihtiyac\u0131m\u0131z var.&rdquo;<br \/>\n&ldquo;Ad\u0131yaman olarak b\u00fcy\u00fck bir aileyiz.&#8221;<\/p>\n<p>Ad\u0131yaman\u2019da birlik ve beraberlik duygusunun \u00f6nemine dikkat \u00e7eken Ba\u015fkan Tutdere, &ldquo;Ad\u0131yaman Belediyesi olarak halk\u0131m\u0131zla, siyasi temsilcilerimizle, farkl\u0131 d\u00fc\u015f\u00fcncelere sahip t\u00fcm kesimlerle birlikte \u00e7al\u0131\u015fmaktan onur duyuyoruz. \u00c7\u00fcnk\u00fc biz biriz, beraberiz; Ad\u0131yaman olarak b\u00fcy\u00fck bir aileyiz. Bu b\u00fcy\u00fck ailenin fertleri olarak \u015fehrimizi birlikte aya\u011fa kald\u0131raca\u011f\u0131z. Allah tuttu\u011fumuz oru\u00e7lar\u0131 kabul etsin, sofralar\u0131m\u0131z bereketli olsun.&rdquo; ifadelerini kulland\u0131.<\/p><\/p>\n","protected":false},"excerpt":{"rendered":"<p> Ad\u0131yaman Belediyesi, Ramazan ay\u0131n\u0131n manevi atmosferinde toplumsal dayan\u0131\u015fmay\u0131 g\u00fc\u00e7lendirmek amac\u0131yla geleneksel \u201cBirlik \u0130ftar\u0131\u201d d\u00fczenledi.<\/p>\n","protected":false},"author":1,"featured_media":12904,"comment_status":"open","ping_status":"open","sticky":false,"template":"","format":"standard","meta":{"om_disable_all_campaigns":false,"_monsterinsights_skip_tracking":false,"_monsterinsights_sitenote_active":false,"_monsterinsights_sitenote_note":"","_monsterinsights_sitenote_category":0,"footnotes":""},"categories":[1,11],"tags":[559,545,540,1403,720],"aioseo_notices":[],"_links":{"self":[{"href":"https:\/\/www.hbrkahta.com\/index.php\/wp-json\/wp\/v2\/posts\/12903"}],"collection":[{"href":"https:\/\/www.hbrkahta.com\/index.php\/wp-json\/wp\/v2\/posts"}],"about":[{"href":"https:\/\/www.hbrkahta.com\/index.php\/wp-json\/wp\/v2\/types\/post"}],"author":[{"embeddable":true,"href":"https:\/\/www.hbrkahta.com\/index.php\/wp-json\/wp\/v2\/users\/1"}],"replies":[{"embeddable":true,"href":"https:\/\/www.hbrkahta.com\/index.php\/wp-json\/wp\/v2\/comments?post=12903"}],"version-history":[{"count":1,"href":"https:\/\/www.hbrkahta.com\/index.php\/wp-json\/wp\/v2\/posts\/12903\/revisions"}],"predecessor-version":[{"id":12905,"href":"https:\/\/www.hbrkahta.com\/index.php\/wp-json\/wp\/v2\/posts\/12903\/revisions\/12905"}],"wp:featuredmedia":[{"embeddable":true,"href":"https:\/\/www.hbrkahta.com\/index.php\/wp-json\/wp\/v2\/media\/12904"}],"wp:attachment":[{"href":"https:\/\/www.hbrkahta.com\/index.php\/wp-json\/wp\/v2\/media?parent=12903"}],"wp:term":[{"taxonomy":"category","embeddable":true,"href":"https:\/\/www.hbrkahta.com\/index.php\/wp-json\/wp\/v2\/categories?post=12903"},{"taxonomy":"post_tag","embeddable":true,"href":"https:\/\/www.hbrkahta.com\/index.php\/wp-json\/wp\/v2\/tags?post=12903"}],"curies":[{"name":"wp","href":"https:\/\/api.w.org\/{rel}","templated":true}]}}