{"id":12629,"date":"2025-03-15T16:23:59","date_gmt":"2025-03-15T13:23:59","guid":{"rendered":"https:\/\/www.hbrkahta.com\/?p=12629"},"modified":"2025-03-15T16:23:59","modified_gmt":"2025-03-15T13:23:59","slug":"milli-egitim-muduru-lutfu-basli-kahtada-ogrencilerle-iftar-programinda-bulustu","status":"publish","type":"post","link":"https:\/\/www.hbrkahta.com\/index.php\/2025\/03\/15\/milli-egitim-muduru-lutfu-basli-kahtada-ogrencilerle-iftar-programinda-bulustu\/","title":{"rendered":"Milli E\u011fitim M\u00fcd\u00fcr\u00fc L\u00fctf\u00fc Ba\u015fli, Kahta&#8217;da \u00f6\u011frencilerle iftar program\u0131nda bulu\u015ftu"},"content":{"rendered":"<p>\u0130l\u00e7e Milli E\u011fitim M\u00fcd\u00fcrl\u00fc\u011f\u00fc taraf\u0131ndan d\u00fczenlenen programda, \u00f6\u011frencilerle samimi bir ortamda sohbet eden Ba\u015fli, Ramazan\u2019\u0131n birlik, payla\u015fma ve dayan\u0131\u015fma de\u011ferlerini hat\u0131rlatarak, bu t\u00fcr etkinliklerin \u00f6\u011frenciler i\u00e7in \u00f6nemli bir sosyal birliktelik olu\u015fturdu\u011funu ifade etti.<\/p>\n<p>Program\u0131n sonunda kat\u0131l\u0131mc\u0131lara te\u015fekk\u00fcr eden Milli E\u011fitim M\u00fcd\u00fcr\u00fc L\u00fctf\u00fc Ba\u015fli, iftar bulu\u015fmalar\u0131n\u0131n devam edece\u011fini belirterek, etkinlikte eme\u011fi ge\u00e7en Okul M\u00fcd\u00fcr\u00fc Ebubekir Akba\u015f\u2019a, okul idarecilerine, \u00f6\u011fretmenlere ve \u00f6\u011frencilere te\u015fekk\u00fcr etti.<\/p>\n<p>\u0130ftar program\u0131na, \u0130l\u00e7e Milli E\u011fitim M\u00fcd\u00fcr\u00fc L\u00fctf\u00fc Ba\u015fli\u2019nin yan\u0131 s\u0131ra, \u015eube M\u00fcd\u00fcrleri Mehmet \u0130nce ve Mehmet Turan, Okul M\u00fcd\u00fcr\u00fc Ebubekir Akba\u015f, kurum m\u00fcd\u00fcrleri, okul idarecileri, \u00f6\u011fretmenler ve \u00f6\u011frenciler kat\u0131ld\u0131.<\/p><\/p>\n","protected":false},"excerpt":{"rendered":"<p> Mustafa KAMI\u015e &#8211; Kahta Mesleki ve Teknik Anadolu Lisesi\u2019nde d\u00fczenlenen iftar program\u0131nda \u00f6\u011frencilerle bir araya gelen \u0130l\u00e7e Milli E\u011fitim M\u00fcd\u00fcr\u00fc L\u00fctf\u00fc Ba\u015fli, Ramazan ay\u0131n\u0131n manevi atmosferini ve birlik ruhunu vurgulad\u0131.<\/p>\n","protected":false},"author":1,"featured_media":12630,"comment_status":"open","ping_status":"open","sticky":false,"template":"","format":"standard","meta":{"om_disable_all_campaigns":false,"_monsterinsights_skip_tracking":false,"_monsterinsights_sitenote_active":false,"_monsterinsights_sitenote_note":"","_monsterinsights_sitenote_category":0,"footnotes":""},"categories":[1,11],"tags":[],"aioseo_notices":[],"_links":{"self":[{"href":"https:\/\/www.hbrkahta.com\/index.php\/wp-json\/wp\/v2\/posts\/12629"}],"collection":[{"href":"https:\/\/www.hbrkahta.com\/index.php\/wp-json\/wp\/v2\/posts"}],"about":[{"href":"https:\/\/www.hbrkahta.com\/index.php\/wp-json\/wp\/v2\/types\/post"}],"author":[{"embeddable":true,"href":"https:\/\/www.hbrkahta.com\/index.php\/wp-json\/wp\/v2\/users\/1"}],"replies":[{"embeddable":true,"href":"https:\/\/www.hbrkahta.com\/index.php\/wp-json\/wp\/v2\/comments?post=12629"}],"version-history":[{"count":1,"href":"https:\/\/www.hbrkahta.com\/index.php\/wp-json\/wp\/v2\/posts\/12629\/revisions"}],"predecessor-version":[{"id":12631,"href":"https:\/\/www.hbrkahta.com\/index.php\/wp-json\/wp\/v2\/posts\/12629\/revisions\/12631"}],"wp:featuredmedia":[{"embeddable":true,"href":"https:\/\/www.hbrkahta.com\/index.php\/wp-json\/wp\/v2\/media\/12630"}],"wp:attachment":[{"href":"https:\/\/www.hbrkahta.com\/index.php\/wp-json\/wp\/v2\/media?parent=12629"}],"wp:term":[{"taxonomy":"category","embeddable":true,"href":"https:\/\/www.hbrkahta.com\/index.php\/wp-json\/wp\/v2\/categories?post=12629"},{"taxonomy":"post_tag","embeddable":true,"href":"https:\/\/www.hbrkahta.com\/index.php\/wp-json\/wp\/v2\/tags?post=12629"}],"curies":[{"name":"wp","href":"https:\/\/api.w.org\/{rel}","templated":true}]}}