{"id":12626,"date":"2025-03-15T16:11:59","date_gmt":"2025-03-15T13:11:59","guid":{"rendered":"https:\/\/www.hbrkahta.com\/?p=12626"},"modified":"2025-03-15T16:11:59","modified_gmt":"2025-03-15T13:11:59","slug":"ali-tosun-istiklal-marsi-milletimizin-ozgurluk-mucadelesinin-en-guclu-semboludur","status":"publish","type":"post","link":"https:\/\/www.hbrkahta.com\/index.php\/2025\/03\/15\/ali-tosun-istiklal-marsi-milletimizin-ozgurluk-mucadelesinin-en-guclu-semboludur\/","title":{"rendered":"Ali Tosun: &#8216;\u0130stikl\u00e2l Mar\u015f\u0131, milletimizin \u00f6zg\u00fcrl\u00fck m\u00fccadelesinin en g\u00fc\u00e7l\u00fc sembol\u00fcd\u00fcr&#8217;"},"content":{"rendered":"<p>Tosun, mesaj\u0131nda &ldquo;Aziz milletimizin verdi\u011fi destans\u0131 m\u00fccadelenin en g\u00fc\u00e7l\u00fc ifadesi olan \u0130stikl&acirc;l Mar\u015f\u0131m\u0131z, bundan tam 104 y\u0131l \u00f6nce T\u00fcrkiye B\u00fcy\u00fck Millet Meclisi taraf\u0131ndan &lsquo;Mill&icirc; Mar\u015f\u2019 olarak kabul edilmi\u015f ve milletimizin g\u00f6nl\u00fcnde derin bir takdir ve sevgiyle yer edinmi\u015ftir&rdquo; ifadelerine yer verdi.<\/p>\n<p>&#8220;\u0130stikl&acirc;l Mar\u015f\u0131 Mill&icirc; Ruhun En Derin \u0130fadesidir&#8221;<\/p>\n<p>\u0130stikl&acirc;l Mar\u015f\u0131\u2019n\u0131n yaln\u0131zca bir \u015fiir de\u011fil, milletin var olma ve ba\u011f\u0131ms\u0131zl\u0131k m\u00fccadelesinin simgesi oldu\u011funa dikkat \u00e7eken Tosun, &ldquo;Mehmet Akif Ersoy\u2019un kaleminden \u00e7\u0131kan bu e\u015fsiz eser, y\u00fcre\u011fimizdeki vatan sevgisinin ve mill&icirc; ruhun en derin ifadesidir. T\u00fcrk milletinin var olma ve ba\u011f\u0131ms\u0131zl\u0131k m\u00fccadelesindeki kararl\u0131l\u0131\u011f\u0131n\u0131, inanc\u0131n\u0131 ve azmini her sat\u0131r\u0131nda hissettiren bu b\u00fcy\u00fck \u015fiir, mill&icirc; kimli\u011fimizin temel ta\u015flar\u0131ndan biridir&rdquo; dedi.<\/p>\n<p>Mehmet Akif Ersoy\u2019un sadece \u0130stikl&acirc;l Mar\u015f\u0131\u2019n\u0131n \u015fairi de\u011fil, ayn\u0131 zamanda inan\u00e7 ve istiklal m\u00fccadelesini en g\u00fc\u00e7l\u00fc \u015fekilde yans\u0131tan bir fikir adam\u0131 oldu\u011funu belirten Tosun, &#8220;O, eserleri ve ya\u015fam\u0131yla topluma rehberlik eden bir \u00f6nc\u00fc olmu\u015f, kalemiyle milletimizin ba\u011f\u0131ms\u0131zl\u0131k tutkusunu ve manevi de\u011ferlerini \u00f6l\u00fcms\u00fczle\u015ftirmi\u015ftir&#8221; dedi.<\/p>\n<p>&#8220;Gen\u00e7 Nesillere D\u00fc\u015fen G\u00f6rev: \u0130stikl&acirc;l Mar\u015f\u0131\u2019n\u0131n Ruhunu Ya\u015fatmak&#8221;<\/p>\n<p>Milli E\u011fitim M\u00fcd\u00fcr\u00fc Tosun, mesaj\u0131nda gen\u00e7 nesillere seslenerek, &#8220;Bug\u00fcn bizlere d\u00fc\u015fen en \u00f6nemli sorumluluk, Mehmet Akif\u2019in vatanperverli\u011fini ve ideallerini gen\u00e7 nesillere aktarmak, bu kutlu miras\u0131 ya\u015fatarak gelece\u011fe ta\u015f\u0131makt\u0131r. Gen\u00e7 nesillere d\u00fc\u015fen en \u00f6nemli g\u00f6rev ise \u0130stikl&acirc;l Mar\u015f\u0131\u2019m\u0131zda v\u00fccut bulan de\u011ferlere her zaman sahip \u00e7\u0131kmak, ortak sesimiz ve vicdan\u0131m\u0131z olan bu kutlu miras\u0131 ilelebet ya\u015fatmak ve bu bilinci nesilden nesile aktarmakt\u0131r&#8221; ifadelerine yer verdi.<\/p>\n<p>E\u011fitimin, \u0130stikl&acirc;l Mar\u015f\u0131\u2019n\u0131n ruhunu yeni nesillere aktarmada b\u00fcy\u00fck bir sorumlulu\u011fa sahip oldu\u011funu vurgulayan Tosun, &#8220;E\u011fitimde de \u0130stikl&acirc;l Mar\u015f\u0131\u2019m\u0131z\u0131n ruhunu \u00f6\u011frencilerimize kazand\u0131rmak, onlara \u00f6\u011frendiklerini hayata ge\u00e7irme bilinci a\u015f\u0131lamak b\u00fcy\u00fck \u00f6nem ta\u015f\u0131maktad\u0131r. Maarif Modelimizin &lsquo;Bilgi ve Beceriler\u2019 boyutunda da vurguland\u0131\u011f\u0131 gibi, bilginin sadece aktar\u0131lmas\u0131 de\u011fil, anlam ve de\u011fer kazanmas\u0131 esast\u0131r. Bu nedenle \u00f6\u011frencilerimizi yaln\u0131zca bilgiyle donatmak de\u011fil, ayn\u0131 zamanda mill&icirc; \u015fuura sahip bireyler olarak yeti\u015ftirmek en temel g\u00f6revimizdir&#8221; dedi.<\/p>\n<p>&#8220;\u015eehitlerimizi, Gazilerimizi ve Mehmet Akif Ersoy\u2019u Rahmet ve Minnetle An\u0131yorum&#8221;<\/p>\n<p>Ali Tosun, mesaj\u0131n\u0131n sonunda Gazi Mustafa Kemal Atat\u00fcrk ve silah arkada\u015flar\u0131 ba\u015fta olmak \u00fczere, \u0130stikl&acirc;l M\u00fccadelesi\u2019nin kahramanlar\u0131n\u0131 sayg\u0131 ve minnetle anarak, \u015fu ifadeleri kulland\u0131:<\/p>\n<p>&#8220;Bu duygu ve d\u00fc\u015f\u00fcncelerle, Gazi Mustafa Kemal Atat\u00fcrk ve kahraman silah arkada\u015flar\u0131 ba\u015fta olmak \u00fczere, bu topraklar\u0131 bizlere vatan k\u0131lan aziz \u015fehitlerimizi, ebediyete irtihal eden gazilerimizi, ba\u011f\u0131ms\u0131zl\u0131\u011fa olan inanc\u0131n\u0131 ve i\u00e7indeki iman\u0131 dizelerine yans\u0131tan vatan \u015fairi Mehmet Akif Ersoy\u2019u ve \u0130stikl&acirc;l Harbi\u2019nin t\u00fcm kahramanlar\u0131n\u0131 rahmet, minnet ve \u015f\u00fckranla an\u0131yorum.&#8221;<\/p><\/p>\n","protected":false},"excerpt":{"rendered":"<p>  &#8211; Ad\u0131yaman \u0130l Milli E\u011fitim M\u00fcd\u00fcr\u00fc Ali Tosun, &#8220;12 Mart \u0130stikl\u00e2l Mar\u015f\u0131&#8217;n\u0131n Kabul\u00fc ve Mehmet Akif Ersoy&#8217;u Anma G\u00fcn\u00fc&#8221; dolay\u0131s\u0131yla yay\u0131mlad\u0131\u011f\u0131 mesaj\u0131nda, \u0130stikl\u00e2l Mar\u015f\u0131\u2019n\u0131n milletin ba\u011f\u0131ms\u0131zl\u0131k m\u00fccadelesinin en g\u00fc\u00e7l\u00fc sembollerinden biri oldu\u011funu vurgulad\u0131.<\/p>\n","protected":false},"author":1,"featured_media":12627,"comment_status":"open","ping_status":"open","sticky":false,"template":"","format":"standard","meta":{"om_disable_all_campaigns":false,"_monsterinsights_skip_tracking":false,"_monsterinsights_sitenote_active":false,"_monsterinsights_sitenote_note":"","_monsterinsights_sitenote_category":0,"footnotes":""},"categories":[1,11],"tags":[540,2129,2134,809,1404],"aioseo_notices":[],"_links":{"self":[{"href":"https:\/\/www.hbrkahta.com\/index.php\/wp-json\/wp\/v2\/posts\/12626"}],"collection":[{"href":"https:\/\/www.hbrkahta.com\/index.php\/wp-json\/wp\/v2\/posts"}],"about":[{"href":"https:\/\/www.hbrkahta.com\/index.php\/wp-json\/wp\/v2\/types\/post"}],"author":[{"embeddable":true,"href":"https:\/\/www.hbrkahta.com\/index.php\/wp-json\/wp\/v2\/users\/1"}],"replies":[{"embeddable":true,"href":"https:\/\/www.hbrkahta.com\/index.php\/wp-json\/wp\/v2\/comments?post=12626"}],"version-history":[{"count":1,"href":"https:\/\/www.hbrkahta.com\/index.php\/wp-json\/wp\/v2\/posts\/12626\/revisions"}],"predecessor-version":[{"id":12628,"href":"https:\/\/www.hbrkahta.com\/index.php\/wp-json\/wp\/v2\/posts\/12626\/revisions\/12628"}],"wp:featuredmedia":[{"embeddable":true,"href":"https:\/\/www.hbrkahta.com\/index.php\/wp-json\/wp\/v2\/media\/12627"}],"wp:attachment":[{"href":"https:\/\/www.hbrkahta.com\/index.php\/wp-json\/wp\/v2\/media?parent=12626"}],"wp:term":[{"taxonomy":"category","embeddable":true,"href":"https:\/\/www.hbrkahta.com\/index.php\/wp-json\/wp\/v2\/categories?post=12626"},{"taxonomy":"post_tag","embeddable":true,"href":"https:\/\/www.hbrkahta.com\/index.php\/wp-json\/wp\/v2\/tags?post=12626"}],"curies":[{"name":"wp","href":"https:\/\/api.w.org\/{rel}","templated":true}]}}