{"id":12623,"date":"2025-03-15T15:59:59","date_gmt":"2025-03-15T12:59:59","guid":{"rendered":"https:\/\/www.hbrkahta.com\/?p=12623"},"modified":"2025-03-15T15:59:59","modified_gmt":"2025-03-15T12:59:59","slug":"besnide-kuduz-karantinasi","status":"publish","type":"post","link":"https:\/\/www.hbrkahta.com\/index.php\/2025\/03\/15\/besnide-kuduz-karantinasi\/","title":{"rendered":"Besni\u2019de kuduz karantinas\u0131"},"content":{"rendered":"<p class=\"MsoNoSpacing\">Besni \u0130l\u00e7esine ba\u011fl\u0131 1932 n\u00fcfuslu K\u00f6seceli beldesinde M\u00fcsl\u00fcm Ceyhan isimli vatanda\u015f k\u00f6pe\u011finin kuduz belirtilerini g\u00f6sterdi\u011fini il\u00e7e kaymakaml\u0131\u011f\u0131na  bildirdi. K\u00f6seceli beldesine giden Tar\u0131m ve Orman \u0130l M\u00fcd\u00fcrl\u00fc\u011f\u00fcne ba\u011fl\u0131 veterinerler, k\u00f6pekten al\u0131nan numunelerin pozitif \u00e7\u0131kmas\u0131 sonucu kuduz oldu\u011funu tespit etti.<\/p>\n<p class=\"MsoNoSpacing\">Belde giri\u015fine &#8220;Kuduz risk b\u00f6lgesi&#8221; tabelas\u0131 as\u0131ld\u0131. Belde 6 ay kuduz karantinas\u0131na al\u0131nd\u0131.<\/p>\n<p class=\"MsoNoSpacing\">Karantinaya al\u0131nan K\u00f6seceli beldesinde de a\u00e7\u0131klama yapan belediye \u00e7al\u0131\u015fan\u0131 Zahittin Orhan yapt\u0131\u011f\u0131 a\u00e7\u0131klamada, &#8220;Beldedemizde bir vatanda\u015f\u0131n k\u00f6pe\u011finin sald\u0131rgan hareketler sergilemesi \u00fczerine yetkililerin yapt\u0131\u011f\u0131 incelemede kuduz tespit edildi. \u0130l\u00e7e Tar\u0131m ve Orman M\u00fcd\u00fcrl\u00fc\u011f\u00fc ekiplerinin beldedeki t\u00fcm hayvanlarda kuduz a\u015f\u0131s\u0131 yap\u0131ld\u0131.<\/p>\n<p class=\"MsoNoSpacing\">Kuduz \u00e7\u0131kan k\u00f6pe\u011fin sahibinin k\u00f6pe\u011fi Gaziantep\u2019in Araban il\u00e7esinden sahiplenmesi \u00fczerine Araban\u2019daki \u0130l\u00e7e Tar\u0131m ve Orman M\u00fcd\u00fcrl\u00fc\u011f\u00fc ekiplerine bilgi verildi. Yetkililer K\u00f6seceli Beldesi ve Araban il\u00e7esinde a\u015f\u0131lama \u00e7al\u0131\u015fmas\u0131 ba\u015flatt\u0131. K\u00f6pekte kuduz belietileri tespit edilmesi \u00fczerine beldemiz 6 ay kuduz karantinas\u0131na al\u0131nd\u0131.&#8221; dedi.<\/p><\/p>\n","protected":false},"excerpt":{"rendered":"<p> Ad\u0131yaman&#8217;\u0131n Besni il\u00e7esine ba\u011fl\u0131 K\u00f6seceli beldesinde  bir k\u00f6pe\u011fin kuduz oldu\u011fu tespit edilmesi \u00fczerine 6 ay s\u00fcreyle karantinaya al\u0131nd\u0131.<\/p>\n","protected":false},"author":1,"featured_media":12624,"comment_status":"open","ping_status":"open","sticky":false,"template":"","format":"standard","meta":{"om_disable_all_campaigns":false,"_monsterinsights_skip_tracking":false,"_monsterinsights_sitenote_active":false,"_monsterinsights_sitenote_note":"","_monsterinsights_sitenote_category":0,"footnotes":""},"categories":[1,11],"tags":[1418,584,2133],"aioseo_notices":[],"_links":{"self":[{"href":"https:\/\/www.hbrkahta.com\/index.php\/wp-json\/wp\/v2\/posts\/12623"}],"collection":[{"href":"https:\/\/www.hbrkahta.com\/index.php\/wp-json\/wp\/v2\/posts"}],"about":[{"href":"https:\/\/www.hbrkahta.com\/index.php\/wp-json\/wp\/v2\/types\/post"}],"author":[{"embeddable":true,"href":"https:\/\/www.hbrkahta.com\/index.php\/wp-json\/wp\/v2\/users\/1"}],"replies":[{"embeddable":true,"href":"https:\/\/www.hbrkahta.com\/index.php\/wp-json\/wp\/v2\/comments?post=12623"}],"version-history":[{"count":1,"href":"https:\/\/www.hbrkahta.com\/index.php\/wp-json\/wp\/v2\/posts\/12623\/revisions"}],"predecessor-version":[{"id":12625,"href":"https:\/\/www.hbrkahta.com\/index.php\/wp-json\/wp\/v2\/posts\/12623\/revisions\/12625"}],"wp:featuredmedia":[{"embeddable":true,"href":"https:\/\/www.hbrkahta.com\/index.php\/wp-json\/wp\/v2\/media\/12624"}],"wp:attachment":[{"href":"https:\/\/www.hbrkahta.com\/index.php\/wp-json\/wp\/v2\/media?parent=12623"}],"wp:term":[{"taxonomy":"category","embeddable":true,"href":"https:\/\/www.hbrkahta.com\/index.php\/wp-json\/wp\/v2\/categories?post=12623"},{"taxonomy":"post_tag","embeddable":true,"href":"https:\/\/www.hbrkahta.com\/index.php\/wp-json\/wp\/v2\/tags?post=12623"}],"curies":[{"name":"wp","href":"https:\/\/api.w.org\/{rel}","templated":true}]}}