{"id":12617,"date":"2025-03-15T15:36:00","date_gmt":"2025-03-15T12:36:00","guid":{"rendered":"https:\/\/www.hbrkahta.com\/?p=12617"},"modified":"2025-03-15T15:36:00","modified_gmt":"2025-03-15T12:36:00","slug":"adiyamanda-baris-ve-demokratik-toplum-cagrisi-toplantisi-duzenlendi","status":"publish","type":"post","link":"https:\/\/www.hbrkahta.com\/index.php\/2025\/03\/15\/adiyamanda-baris-ve-demokratik-toplum-cagrisi-toplantisi-duzenlendi\/","title":{"rendered":"Ad\u0131yaman\u2019da &#8216;Bar\u0131\u015f ve Demokratik Toplum \u00c7a\u011fr\u0131s\u0131&#8217; toplant\u0131s\u0131 d\u00fczenlendi"},"content":{"rendered":"<p>&#8220;\u00c7at\u0131\u015fmalar\u0131n Son Bulmas\u0131 \u0130\u00e7in Bar\u0131\u015f Talebinde Israrc\u0131 Olunmal\u0131&#8221;<\/p>\n<p>Toplant\u0131n\u0131n temel g\u00fcndem maddesi, T\u00fcrkiye\u2019de yakla\u015f\u0131k 50 y\u0131ld\u0131r s\u00fcregelen \u00e7at\u0131\u015fma ortam\u0131n\u0131n son bulmas\u0131 ve toplumsal bar\u0131\u015f\u0131n sa\u011flanmas\u0131 oldu. Kat\u0131l\u0131mc\u0131lar, bar\u0131\u015f s\u00fcrecine sahip \u00e7\u0131k\u0131lmas\u0131 gerekti\u011fini vurgulayarak, demokratik \u00e7\u00f6z\u00fcm yollar\u0131n\u0131n benimsenmesi konusunda ortak g\u00f6r\u00fc\u015f belirtti.<\/p>\n<p>DEM Parti \u015e\u0131rnak Milletvekili Newroz Uysal\u2019\u0131n da kat\u0131ld\u0131\u011f\u0131 toplant\u0131da, b\u00f6lgedeki \u00e7at\u0131\u015fma ve \u015fiddet ortam\u0131n\u0131n sona erdirilmesi i\u00e7in bar\u0131\u015f taleplerinin g\u00fc\u00e7l\u00fc bir \u015fekilde dile getirilmesi gerekti\u011fi ifade edildi.<\/p>\n<p>&#8220;Suriye&#8217;deki Alevi Katliam\u0131 K\u0131nand\u0131&#8221;<\/p>\n<p>Toplant\u0131da, Suriye\u2019de ya\u015fanan Alevi katliam\u0131na da de\u011finildi ve bu t\u00fcr sald\u0131r\u0131lar\u0131n kabul edilemez oldu\u011fu vurguland\u0131. Kat\u0131l\u0131mc\u0131lar, inan\u00e7 topluluklar\u0131na y\u00f6nelik \u015fiddetin her ko\u015fulda k\u0131nanmas\u0131 gerekti\u011fini belirterek, bar\u0131\u015f ve insan haklar\u0131 m\u00fccadelesinin s\u00fcrd\u00fcr\u00fclmesi gerekti\u011fini dile getirdi.<\/p>\n<p>Sonu\u00e7 bildirgesinde, t\u00fcm demokratik kesimlerin ortak bar\u0131\u015f talebi etraf\u0131nda birle\u015fmesi gerekti\u011fi ve diyalog yollar\u0131n\u0131n a\u00e7\u0131k tutulmas\u0131n\u0131n elzem oldu\u011fu vurguland\u0131. Toplant\u0131n\u0131n, ilerleyen s\u00fcre\u00e7te bar\u0131\u015f odakl\u0131 \u00e7al\u0131\u015fmalar\u0131n s\u00fcrd\u00fcr\u00fclmesine y\u00f6nelik bir ba\u015flang\u0131\u00e7 olabilece\u011fi ifade edildi.<\/p><\/p>\n","protected":false},"excerpt":{"rendered":"<p> Rojin S\u00dcNG\u00dc &#8211; Halklar\u0131n E\u015fitlik ve Demokrasi Partisi (DEM Parti) Ad\u0131yaman \u0130l E\u015f Ba\u015fkanl\u0131\u011f\u0131, Ad\u0131yaman&#8217;da geni\u015f kat\u0131l\u0131ml\u0131 bir &#8220;Bar\u0131\u015f ve Demokratik Toplum \u00c7a\u011fr\u0131s\u0131&#8221; toplant\u0131s\u0131 ger\u00e7ekle\u015ftirdi. Toplant\u0131ya, \u00e7e\u015fitli siyasi partiler, Ad\u0131yaman Barosu, \u0130nsan Haklar\u0131 Derne\u011fi, Tabipler Birli\u011fi, Ad\u0131yaman Kent Konseyi, Di\u015f Hekimleri Odas\u0131, Pir Sultan Abdal K\u00fclt\u00fcr Derne\u011fi, Demokratik Alevi Dernekleri, kanaat \u00f6nderleri ve bir\u00e7ok sivil toplum kurulu\u015fu temsilcisi kat\u0131ld\u0131.<\/p>\n","protected":false},"author":1,"featured_media":12618,"comment_status":"open","ping_status":"open","sticky":false,"template":"","format":"standard","meta":{"om_disable_all_campaigns":false,"_monsterinsights_skip_tracking":false,"_monsterinsights_sitenote_active":false,"_monsterinsights_sitenote_note":"","_monsterinsights_sitenote_category":0,"footnotes":""},"categories":[1,11],"tags":[174,1359],"aioseo_notices":[],"_links":{"self":[{"href":"https:\/\/www.hbrkahta.com\/index.php\/wp-json\/wp\/v2\/posts\/12617"}],"collection":[{"href":"https:\/\/www.hbrkahta.com\/index.php\/wp-json\/wp\/v2\/posts"}],"about":[{"href":"https:\/\/www.hbrkahta.com\/index.php\/wp-json\/wp\/v2\/types\/post"}],"author":[{"embeddable":true,"href":"https:\/\/www.hbrkahta.com\/index.php\/wp-json\/wp\/v2\/users\/1"}],"replies":[{"embeddable":true,"href":"https:\/\/www.hbrkahta.com\/index.php\/wp-json\/wp\/v2\/comments?post=12617"}],"version-history":[{"count":1,"href":"https:\/\/www.hbrkahta.com\/index.php\/wp-json\/wp\/v2\/posts\/12617\/revisions"}],"predecessor-version":[{"id":12619,"href":"https:\/\/www.hbrkahta.com\/index.php\/wp-json\/wp\/v2\/posts\/12617\/revisions\/12619"}],"wp:featuredmedia":[{"embeddable":true,"href":"https:\/\/www.hbrkahta.com\/index.php\/wp-json\/wp\/v2\/media\/12618"}],"wp:attachment":[{"href":"https:\/\/www.hbrkahta.com\/index.php\/wp-json\/wp\/v2\/media?parent=12617"}],"wp:term":[{"taxonomy":"category","embeddable":true,"href":"https:\/\/www.hbrkahta.com\/index.php\/wp-json\/wp\/v2\/categories?post=12617"},{"taxonomy":"post_tag","embeddable":true,"href":"https:\/\/www.hbrkahta.com\/index.php\/wp-json\/wp\/v2\/tags?post=12617"}],"curies":[{"name":"wp","href":"https:\/\/api.w.org\/{rel}","templated":true}]}}