{"id":12332,"date":"2025-03-02T20:11:59","date_gmt":"2025-03-02T17:11:59","guid":{"rendered":"https:\/\/www.hbrkahta.com\/?p=12332"},"modified":"2025-03-02T20:11:59","modified_gmt":"2025-03-02T17:11:59","slug":"saglik-sen-hekim-komisyonu-kuruldu","status":"publish","type":"post","link":"https:\/\/www.hbrkahta.com\/index.php\/2025\/03\/02\/saglik-sen-hekim-komisyonu-kuruldu\/","title":{"rendered":"Sa\u011fl\u0131k-Sen Hekim Komisyonu kuruldu"},"content":{"rendered":"<p class=\"MsoNoSpacing\">Op.Dr.\u0130brahim Halil D\u00fcndar, ba\u015fkanl\u0131\u011f\u0131nda kurulan Sa\u011fl\u0131k-Sen Ad\u0131yaman Hekim Komisyonu Y\u00f6netim Kurulu \u00dcyeli\u011fine ise Prof.Dr.Ramazan \u0130lyas \u00d6ner, Dr.\u00d6\u011fr.\u00dcyesi Fedli Emre K\u0131l\u0131\u00e7, Dr.Osman K\u00fc\u00e7\u00fck\u00e7elep\u00e7e, Dr.\u015eeng\u00fcl Tuzcu Tekba\u015f, Dr.Mehmet Akatay, Dt.Mustafa Polat ve Asst.Dr.Burhan Y\u0131lmaz se\u00e7ildi.<\/p>\n<p class=\"MsoNoSpacing\">&#8220;Hekimlerimiz bu \u00fclkenin gelece\u011fi, bug\u00fcn\u00fc, yar\u0131n\u0131&#8221;<\/p>\n<p class=\"MsoNoSpacing\">D\u00fczenlenen toplant\u0131da a\u00e7\u0131l\u0131\u015f konu\u015fmalar\u0131n ard\u0131ndan de\u011ferlendirmede bulunan Sa\u011fl\u0131k-Sen Ad\u0131yaman \u015eube Ba\u015fkan\u0131 Yakub \u00c7elik, &ldquo;Biz sa\u011fl\u0131k sisteminin gelece\u011fi ad\u0131na, hekimlerimiz ad\u0131na, yar\u0131nlar\u0131m\u0131z ad\u0131na \u00e7al\u0131\u015fmak istiyoruz. Hekimlerimiz bu \u00fclkenin gelece\u011fi, bug\u00fcn\u00fc, yar\u0131n\u0131. Sa\u011fl\u0131k-Sen bu bilin\u00e7le sendikal m\u00fccadeleyi yerine getiriyor.<\/p>\n<p class=\"MsoNoSpacing\">Ba\u015fkan \u00c7elik, &#8220;E\u011fer sa\u011fl\u0131kta bir m\u00fccadele olacaksa bu hekimin, hem\u015firenin, paramedi\u011fin, t\u0131bbi sekreterin, radyoloji teknikerinin, fizyoterapistin bir araya gelmesiyle olur. Hekimimizin, hem\u015firemizin yo\u011fun bak\u0131mdaki, ameliyathanedeki \u00e7al\u0131\u015fmalar\u0131n\u0131 ve ya\u015fad\u0131klar\u0131 zorluklar\u0131 hepimiz biliyoruz. Hekim olmazsa olmaz, hem\u015fire olmazsa da olmaz. Bu ekibi par\u00e7alamak, b\u00f6lmek istiyorlar. \u0130\u015fte biz bu birlikteli\u011fi sa\u011flamak i\u00e7in Hekim Komisyonu&#8217;nu kurduk&#8221; diye konu\u015ftu.<\/p>\n<p class=\"MsoNoSpacing\">&#8220;Bizim derdimiz \u00fcz\u00fcm yemek&#8221; diyen \u00c7elik, &#8220;Biz hem\u015firenin oldu\u011fu gibi hekimin de s\u00f6zc\u00fcs\u00fc olmak istiyoruz. G\u00fc\u00e7 birli\u011fi ile sa\u011fl\u0131ktaki birlikteli\u011fi sa\u011flayacak ve m\u00fccadeleyi daha de\u011ferli hale getirece\u011fiz&#8221; dedi.<\/p>\n<p class=\"MsoNoSpacing\">&ldquo;T\u00fcm hekimlerimizi Sa\u011fl\u0131k-Sen&#8217;e davet ediyoruz&rdquo;<\/p>\n<p class=\"MsoNoSpacing\">Sa\u011fl\u0131\u011f\u0131n t\u00fcm bile\u015fenlerinin bir b\u00fct\u00fcn oldu\u011funu ve Hekim Komisyonu&#8217;nun amac\u0131ndan bahseden Ba\u015fkan \u00c7elik, &ldquo;Biz hekimin, hem\u015firenin, teknikerin, teknisyenin ve ATT&#8217;nin yani sa\u011fl\u0131\u011f\u0131n t\u00fcm bile\u015fenlerinin bir b\u00fct\u00fcn oldu\u011funu biliyor ve bu inan\u00e7la \u00e7al\u0131\u015f\u0131yoruz.<\/p>\n<p class=\"MsoNoSpacing\">Sa\u011fl\u0131k-Sen Hekim Komisyonu da hekimlerimizin ekonomik, \u00f6zl\u00fck ve sosyal haklar\u0131n\u0131n geli\u015ftirilmesi ve korunmas\u0131 ad\u0131na \u00e7al\u0131\u015fmalara ba\u015flad\u0131. Biz sa\u011fl\u0131\u011f\u0131n t\u00fcm bile\u015fenleri bir araya gelerek m\u00fccadele etmek zorunday\u0131z. Ancak bu \u015fekilde m\u00fccadele ederek bir noktaya gelebiliriz. Bu y\u00fczden t\u00fcm hekimlerimizi Sa\u011fl\u0131k-Sen \u00e7at\u0131s\u0131 alt\u0131nda ya\u015fanan sorunlara kar\u015f\u0131 m\u00fccadele etmeye davet ediyoruz&rdquo; \u015feklinde konu\u015ftu.<\/p>\n<p class=\"MsoNoSpacing\">&ldquo;Hekimin hakk\u0131n\u0131 korumak ve geli\u015ftirmek i\u00e7in \u00e7al\u0131\u015f\u0131yoruz&rdquo;<\/p>\n<p class=\"MsoNoSpacing\">Son olarak toplu s\u00f6zle\u015fme masas\u0131na oturan yetkili sendika Sa\u011fl\u0131k-Sen\u2019in oldu\u011funu hat\u0131rlatan Ba\u015fkan \u00c7elik, konu\u015fmas\u0131n\u0131 \u015f\u00f6yle s\u00fcrd\u00fcrd\u00fc:<br \/>\n&ldquo;Biz sa\u011fl\u0131\u011f\u0131n t\u00fcm bran\u015flar\u0131n\u0131n beraber hareket etti\u011finde daha g\u00fc\u00e7l\u00fc oldu\u011funa inan\u0131yoruz&rdquo; diyen Ba\u015fkan \u00c7elik, &ldquo;Nas\u0131l hem\u015firenin, ebenin, paramedi\u011fin hakk\u0131n\u0131 koruyan Sa\u011fl\u0131k-Sen ise hekimin hakk\u0131n\u0131 koruyacak tek yer de Sa\u011fl\u0131k-Sen&#8217;dir. Toplu s\u00f6zle\u015fme masas\u0131na oturan yetkili sendika Sa\u011fl\u0131k-Sen&#8217;dir. Biz hekimimizin, hakk\u0131n\u0131 korumak ve geli\u015ftirmek i\u00e7in \u00e7al\u0131\u015fmalar\u0131m\u0131z\u0131 s\u00fcrd\u00fcr\u00fcyoruz, bu vesileyle Hekim Komisyonumuz ile birlikte yapaca\u011f\u0131m\u0131z \u00e7al\u0131\u015fmalar\u0131m\u0131z\u0131n sa\u011fl\u0131\u011f\u0131n mihenk ta\u015f\u0131 olan Hekimlerimiz ba\u015fta olmak \u00fczere t\u00fcm sa\u011fl\u0131k camiam\u0131za hay\u0131rlara vesile olmas\u0131n\u0131 temenni ediyorum&rdquo;<\/p><\/p>\n","protected":false},"excerpt":{"rendered":"<p> Sa\u011fl\u0131k-Sen Ad\u0131yaman Hekim Komisyonu Op.Dr.\u0130brahim Halil D\u00fcndar, ba\u015fkanl\u0131\u011f\u0131nda kuruldu.<\/p>\n","protected":false},"author":1,"featured_media":12333,"comment_status":"open","ping_status":"open","sticky":false,"template":"","format":"standard","meta":{"om_disable_all_campaigns":false,"_monsterinsights_skip_tracking":false,"_monsterinsights_sitenote_active":false,"_monsterinsights_sitenote_note":"","_monsterinsights_sitenote_category":0,"footnotes":""},"categories":[1,11,13],"tags":[540,574,1271,2097,685],"aioseo_notices":[],"_links":{"self":[{"href":"https:\/\/www.hbrkahta.com\/index.php\/wp-json\/wp\/v2\/posts\/12332"}],"collection":[{"href":"https:\/\/www.hbrkahta.com\/index.php\/wp-json\/wp\/v2\/posts"}],"about":[{"href":"https:\/\/www.hbrkahta.com\/index.php\/wp-json\/wp\/v2\/types\/post"}],"author":[{"embeddable":true,"href":"https:\/\/www.hbrkahta.com\/index.php\/wp-json\/wp\/v2\/users\/1"}],"replies":[{"embeddable":true,"href":"https:\/\/www.hbrkahta.com\/index.php\/wp-json\/wp\/v2\/comments?post=12332"}],"version-history":[{"count":1,"href":"https:\/\/www.hbrkahta.com\/index.php\/wp-json\/wp\/v2\/posts\/12332\/revisions"}],"predecessor-version":[{"id":12334,"href":"https:\/\/www.hbrkahta.com\/index.php\/wp-json\/wp\/v2\/posts\/12332\/revisions\/12334"}],"wp:featuredmedia":[{"embeddable":true,"href":"https:\/\/www.hbrkahta.com\/index.php\/wp-json\/wp\/v2\/media\/12333"}],"wp:attachment":[{"href":"https:\/\/www.hbrkahta.com\/index.php\/wp-json\/wp\/v2\/media?parent=12332"}],"wp:term":[{"taxonomy":"category","embeddable":true,"href":"https:\/\/www.hbrkahta.com\/index.php\/wp-json\/wp\/v2\/categories?post=12332"},{"taxonomy":"post_tag","embeddable":true,"href":"https:\/\/www.hbrkahta.com\/index.php\/wp-json\/wp\/v2\/tags?post=12332"}],"curies":[{"name":"wp","href":"https:\/\/api.w.org\/{rel}","templated":true}]}}