{"id":12314,"date":"2025-03-02T13:36:01","date_gmt":"2025-03-02T10:36:01","guid":{"rendered":"https:\/\/www.hbrkahta.com\/?p=12314"},"modified":"2025-03-02T13:36:01","modified_gmt":"2025-03-02T10:36:01","slug":"ramazan-etkinlikleri-murat-belet-ilahi-konseriyle-basladi","status":"publish","type":"post","link":"https:\/\/www.hbrkahta.com\/index.php\/2025\/03\/02\/ramazan-etkinlikleri-murat-belet-ilahi-konseriyle-basladi\/","title":{"rendered":"Ramazan Etkinlikleri Murat Belet ilahi konseriyle ba\u015flad\u0131"},"content":{"rendered":"<p class=\"MsoNoSpacing\">\u0130lk etkinlik, Kur\u2019an-\u0131 Kerim tilavetiyle ba\u015flad\u0131 ve vatanda\u015flar yo\u011fun ilgi g\u00f6sterdi. \u00c7ocuklar\u0131n g\u00f6zlerindeki mutluluk, Ramazan ay\u0131n\u0131n huzurunu yans\u0131tt\u0131.<\/p>\n<p class=\"MsoNoSpacing\">Tutdere: Dayan\u0131\u015fmay\u0131 birlikte b\u00fcy\u00fctece\u011fiz<\/p>\n<p class=\"MsoNoSpacing\">Ad\u0131yaman Belediye Ba\u015fkan\u0131 Abdurrahman Tutdere, Ramazan ay\u0131n\u0131n ilk g\u00fcn\u00fcnde d\u00fczenlenen program\u0131n a\u00e7\u0131l\u0131\u015f konu\u015fmas\u0131n\u0131 yapt\u0131. Ad\u0131yaman Belediyesi\u2019nin iftar \u00e7ad\u0131r\u0131nda halkla bir araya gelerek oru\u00e7lar\u0131n\u0131 a\u00e7t\u0131klar\u0131n\u0131 ve bu manevi birlikteli\u011fi Ramazan boyunca s\u00fcrd\u00fcreceklerini belirtti. Ba\u015fkan Tutdere s\u00f6zlerini \u015f\u00f6yle s\u00fcrd\u00fcrd\u00fc:<\/p>\n<p class=\"MsoNoSpacing\">&#8220;Bug\u00fcn m\u00fcbarek Ramazan ay\u0131n\u0131n ilk g\u00fcn\u00fc. Mimar Sinan K\u00fclt\u00fcr Park\u0131\u2019nda kurdu\u011fumuz iftar \u00e7ad\u0131r\u0131nda halk\u0131m\u0131zla birlikte iftar\u0131m\u0131z\u0131 a\u00e7t\u0131k, dualar ettik. Bug\u00fcn burada, Abd\u00fclhamit Han K\u00fclt\u00fcr Merkezi\u2019nde Kur\u2019an-\u0131 Kerim tilavetiyle ba\u015flayan program\u0131m\u0131zda sizleri a\u011f\u0131rlamaktan onur duyuyoruz.<\/p>\n<p class=\"MsoNoSpacing\">&#8220;Ramazan ay\u0131, dayan\u0131\u015fma ve karde\u015flik ay\u0131d\u0131r. Biz, Ad\u0131yaman\u2019da bu birlikteli\u011fi b\u00fcy\u00fctmek i\u00e7in var g\u00fcc\u00fcm\u00fczle \u00e7al\u0131\u015f\u0131yoruz. Ramazan boyunca halk\u0131m\u0131z\u0131n yan\u0131nda olmaya devam edece\u011fiz. \u0130ftar \u00e7ad\u0131r\u0131m\u0131zda sofralar\u0131m\u0131z\u0131 payla\u015facak, dayan\u0131\u015fmay\u0131 b\u00fcy\u00fctece\u011fiz. \u00c7\u00fcnk\u00fc biliyoruz ki biz birlikte Ad\u0131yaman\u2019\u0131z, biz birlikte huzuru ve ya\u015fam\u0131 yeniden in\u015fa edece\u011fiz.&#8221;<\/p>\n<p class=\"MsoNoSpacing\">Ba\u015fkan Tutdere, 6 \u015eubat depreminin ac\u0131lar\u0131n\u0131n hala taze oldu\u011funu belirterek, &#8220;Bu Ramazan&#8217;\u0131, 6 \u015eubat&#8217;ta yitirdi\u011fimiz hem\u015ferilerimizin yoklu\u011funda kar\u015f\u0131l\u0131yoruz. Onlar\u0131n ac\u0131s\u0131 y\u00fcre\u011fimizde. Ancak bizler, dayan\u0131\u015fma ile bu zor g\u00fcnlerin \u00fcstesinden gelece\u011fiz.&#8221; dedi.<\/p>\n<p class=\"MsoNoSpacing\">Tutdere: Bu \u015fehri karde\u015fli\u011fin ve bar\u0131\u015f\u0131n \u015fehri yapaca\u011f\u0131z&rdquo;<\/p>\n<p class=\"MsoNoSpacing\">Konu\u015fmas\u0131n\u0131n devam\u0131nda Ad\u0131yaman Belediyesi\u2019nin sosyal hizmetlerine de de\u011finen Ba\u015fkan Tutdere, &#8220;Ad\u0131yaman Belediyesi her zaman halk\u0131n\u0131n yan\u0131ndad\u0131r. \u0130htiya\u00e7 sahibi her ailemiz bize ula\u015ft\u0131\u011f\u0131nda an\u0131nda yanlar\u0131nda olaca\u011f\u0131z. Ramazan ay\u0131 boyunca da ihtiya\u00e7 sahibi ailelerimize g\u0131da ve \u00e7e\u015fitli destekleri ula\u015ft\u0131raca\u011f\u0131z. Ramazan&#8217;dan sonra da bu destekleri s\u00fcrd\u00fcrmeye devam edece\u011fiz. Zor bir s\u00fcre\u00e7ten ge\u00e7iyoruz, ancak biz bu s\u00fcreci dayan\u0131\u015fma ile a\u015faca\u011f\u0131z. Enerjimizi, g\u00fcc\u00fcm\u00fcz\u00fc sizden al\u0131yoruz. Sizlerin duas\u0131na ve deste\u011fine ihtiyac\u0131m\u0131z var. Hep birlikte bu yaralar\u0131 saraca\u011f\u0131z ve Ad\u0131yaman\u2019\u0131 karde\u015fli\u011fin, bar\u0131\u015f\u0131n \u015fehri yapaca\u011f\u0131z.&#8221; diye konu\u015ftu.<\/p>\n<p class=\"MsoNoSpacing\">Program sonunda sanat\u00e7\u0131 Murat Belet, ilahi ve ezgileriyle dinleyicilere unutulmaz bir gece ya\u015fatt\u0131. Konserin ard\u0131ndan Ba\u015fkan Abdurrahman Tutdere, sanat\u00e7\u0131 Murat Belet\u2019e \u00e7i\u00e7ek takdim ederek te\u015fekk\u00fcr etti.<\/p><\/p>\n","protected":false},"excerpt":{"rendered":"<p> Ad\u0131yaman Belediyesi, Ramazan ay\u0131n\u0131n manevi atmosferini payla\u015fmak ve birlik duygusunu peki\u015ftirmek amac\u0131yla d\u00fczenledi\u011fi etkinliklere Murat Belet konseriyle ba\u015flad\u0131. Abd\u00fclhamit Han K\u00fclt\u00fcr Merkezi\u2019nde ger\u00e7ekle\u015fen etkinlikte, \u00e7ocuklara pamuk \u015feker ikram edilerek sevin\u00e7lerine ortak olundu.<\/p>\n","protected":false},"author":1,"featured_media":12315,"comment_status":"open","ping_status":"open","sticky":false,"template":"","format":"standard","meta":{"om_disable_all_campaigns":false,"_monsterinsights_skip_tracking":false,"_monsterinsights_sitenote_active":false,"_monsterinsights_sitenote_note":"","_monsterinsights_sitenote_category":0,"footnotes":""},"categories":[1,11],"tags":[559,2095,574,1312,548],"aioseo_notices":[],"_links":{"self":[{"href":"https:\/\/www.hbrkahta.com\/index.php\/wp-json\/wp\/v2\/posts\/12314"}],"collection":[{"href":"https:\/\/www.hbrkahta.com\/index.php\/wp-json\/wp\/v2\/posts"}],"about":[{"href":"https:\/\/www.hbrkahta.com\/index.php\/wp-json\/wp\/v2\/types\/post"}],"author":[{"embeddable":true,"href":"https:\/\/www.hbrkahta.com\/index.php\/wp-json\/wp\/v2\/users\/1"}],"replies":[{"embeddable":true,"href":"https:\/\/www.hbrkahta.com\/index.php\/wp-json\/wp\/v2\/comments?post=12314"}],"version-history":[{"count":1,"href":"https:\/\/www.hbrkahta.com\/index.php\/wp-json\/wp\/v2\/posts\/12314\/revisions"}],"predecessor-version":[{"id":12316,"href":"https:\/\/www.hbrkahta.com\/index.php\/wp-json\/wp\/v2\/posts\/12314\/revisions\/12316"}],"wp:featuredmedia":[{"embeddable":true,"href":"https:\/\/www.hbrkahta.com\/index.php\/wp-json\/wp\/v2\/media\/12315"}],"wp:attachment":[{"href":"https:\/\/www.hbrkahta.com\/index.php\/wp-json\/wp\/v2\/media?parent=12314"}],"wp:term":[{"taxonomy":"category","embeddable":true,"href":"https:\/\/www.hbrkahta.com\/index.php\/wp-json\/wp\/v2\/categories?post=12314"},{"taxonomy":"post_tag","embeddable":true,"href":"https:\/\/www.hbrkahta.com\/index.php\/wp-json\/wp\/v2\/tags?post=12314"}],"curies":[{"name":"wp","href":"https:\/\/api.w.org\/{rel}","templated":true}]}}