{"id":12311,"date":"2025-03-01T18:35:58","date_gmt":"2025-03-01T15:35:58","guid":{"rendered":"https:\/\/www.hbrkahta.com\/?p=12311"},"modified":"2025-03-01T18:35:58","modified_gmt":"2025-03-01T15:35:58","slug":"adiyamanda-ilk-teravih-coskusu-deprem-sonrasi-hem-sehir-hem-nesiller-ihya-ediliyor","status":"publish","type":"post","link":"https:\/\/www.hbrkahta.com\/index.php\/2025\/03\/01\/adiyamanda-ilk-teravih-coskusu-deprem-sonrasi-hem-sehir-hem-nesiller-ihya-ediliyor\/","title":{"rendered":"Ad\u0131yaman\u2019da ilk teravih co\u015fkusu: Deprem sonras\u0131 hem \u015fehir hem nesiller ihya ediliyor"},"content":{"rendered":"<p>Ad\u0131yaman M\u00fcft\u00fcs\u00fc Dr. Mevl\u00fct Halilo\u011flu, ilk teravih namaz\u0131nda Emir Sultan Camii&#8217;nde cemaat ile bir araya geldi. Teravih namaz\u0131 \u00f6ncesinde cemaate vaaz veren Halilo\u011flu, Ramazan ay\u0131n\u0131n bereket, birlik ve dayan\u0131\u015fma ay\u0131 oldu\u011funu vurgulad\u0131. Ard\u0131ndan namaz\u0131 bizzat k\u0131ld\u0131ran M\u00fcft\u00fc Halilo\u011flu, caminin \u00e7ocuklarla dolu olmas\u0131ndan duydu\u011fu memnuniyeti dile getirerek, Ramazan-\u0131 \u015eerif\u2019in hay\u0131rlara vesile olmas\u0131n\u0131 diledi.<\/p>\n<p>Ramazan Ay\u0131: Manevi Yenilenme ve Dayan\u0131\u015fma Zaman\u0131<\/p>\n<p>Ramazan ay\u0131, oru\u00e7, ibadet ve hay\u0131r i\u015flerinin yo\u011funla\u015ft\u0131\u011f\u0131 bir ay olman\u0131n yan\u0131 s\u0131ra, toplumsal dayan\u0131\u015fman\u0131n ve manevi uyan\u0131\u015f\u0131n zirveye \u00e7\u0131kt\u0131\u011f\u0131 bir d\u00f6nem olarak kabul ediliyor. Ad\u0131yaman\u2019da da bu kutsal ay\u0131n, deprem sonras\u0131 dayan\u0131\u015fmay\u0131 ve yeniden yap\u0131lanmay\u0131 daha da g\u00fc\u00e7lendirmesi bekleniyor.<\/p>\n<p>Ge\u00e7ti\u011fimiz y\u0131l 6 \u015eubat depremlerinin en a\u011f\u0131r etkiledi\u011fi \u015fehirlerden biri olan Ad\u0131yaman, bir yandan fiziksel olarak in\u015fa edilirken, bir yandan da toplumsal dayan\u0131\u015fma ve manevi de\u011ferlerin yeniden g\u00fc\u00e7lendirilmesi i\u00e7in \u00e7aba harc\u0131yor. Ramazan ay\u0131n\u0131n getirdi\u011fi manevi atmosfer, bu s\u00fcrecin h\u0131zlanmas\u0131 i\u00e7in \u00f6nemli bir f\u0131rsat sunuyor.<\/p>\n<p>Ad\u0131yaman\u2019da Deprem Sonras\u0131 Hem \u015eehir Hem Nesiller \u0130n\u015fa Ediliyor<\/p>\n<p>Depremin ard\u0131ndan Ad\u0131yaman\u2019da yeniden yap\u0131lanma s\u00fcreci h\u0131zla devam ediyor. Yeni konut projeleri, alt yap\u0131 \u00e7al\u0131\u015fmalar\u0131 ve sosyal ya\u015fam alanlar\u0131n\u0131n yeniden olu\u015fturulmas\u0131 \u015fehrin ihya s\u00fcrecinin \u00f6nemli ad\u0131mlar\u0131 aras\u0131nda yer al\u0131yor. Ancak, \u015fehri in\u015fa etmek kadar \u00f6nemli olan bir di\u011fer husus da nesillerin ihyas\u0131.<\/p>\n<p>Ad\u0131yamanl\u0131lar, Ramazan ay\u0131 vesilesiyle camilerde daha fazla vakit ge\u00e7irerek \u00e7ocuklar\u0131na manevi de\u011ferleri a\u015f\u0131lamaya \u00e7al\u0131\u015f\u0131yor. \u0130lk teravih namaz\u0131na g\u00f6sterilen yo\u011fun ilgi, Ad\u0131yaman\u2019\u0131n manevi birlikteli\u011finin g\u00fc\u00e7l\u00fc oldu\u011funu ve dayan\u0131\u015fma ruhunun deprem sonras\u0131 s\u00fcre\u00e7te de devam etti\u011fini ortaya koyuyor.<\/p>\n<p>M\u00fcft\u00fc Dr. Mevl\u00fct Halilo\u011flu\u2019nun da vurgulad\u0131\u011f\u0131 gibi, \u00e7ocuklar\u0131n camileri doldurmas\u0131, sadece bug\u00fcn\u00fcn de\u011fil, gelece\u011fin de in\u015fas\u0131na yap\u0131lan \u00f6nemli bir katk\u0131 olarak de\u011ferlendiriliyor. Ramazan ay\u0131nda d\u00fczenlenecek \u00e7e\u015fitli dini ve sosyal etkinliklerle, gen\u00e7lerin manevi kimliklerinin g\u00fc\u00e7lendirilmesi ve toplumsal dayan\u0131\u015fma ruhunun peki\u015ftirilmesi hedefleniyor.<\/p>\n<p>Ramazan\u2019\u0131n Getirdi\u011fi Umut<\/p>\n<p>Ad\u0131yaman\u2019da ilk teravih namaz\u0131n\u0131n co\u015fkuyla k\u0131l\u0131nmas\u0131, \u015fehrin yeniden aya\u011fa kalkma kararl\u0131l\u0131\u011f\u0131n\u0131n ve dayan\u0131\u015fma ruhunun g\u00fc\u00e7l\u00fc bir g\u00f6stergesi oldu. Ramazan ay\u0131 boyunca yap\u0131lacak iftar programlar\u0131, yard\u0131mla\u015fma faaliyetleri ve manevi etkinliklerle \u015fehrin sadece fiziki olarak de\u011fil, ruhen de iyile\u015fmesi ama\u00e7lan\u0131yor.<\/p>\n<p>Deprem sonras\u0131 ya\u015fanan zorluklara ra\u011fmen Ad\u0131yamanl\u0131lar, bu m\u00fcbarek ay\u0131n manevi atmosferinde birlik ve beraberlik i\u00e7inde yeniden in\u015fa s\u00fcrecine katk\u0131 sa\u011flamaya devam ediyor.<\/p><\/p>\n","protected":false},"excerpt":{"rendered":"<p>  &#8211; Ramazan ay\u0131n\u0131n geli\u015fiyle birlikte Ad\u0131yaman&#8217;da ilk teravih namaz\u0131 k\u0131l\u0131nd\u0131. K\u00fc\u00e7\u00fck b\u00fcy\u00fck bir\u00e7ok Ad\u0131yamanl\u0131, Ramazan ay\u0131n\u0131n ruhunu ya\u015famak i\u00e7in camilere ak\u0131n etti. \u00d6zellikle \u00e7ocuklar\u0131n ve gen\u00e7lerin camilere olan ilgisi, deprem sonras\u0131 toparlanma s\u00fcrecinde yaln\u0131zca \u015fehrin de\u011fil, nesillerin de yeniden in\u015fa edilmesi gerekti\u011finin alt\u0131n\u0131 \u00e7izdi.<\/p>\n","protected":false},"author":1,"featured_media":12312,"comment_status":"open","ping_status":"open","sticky":false,"template":"","format":"standard","meta":{"om_disable_all_campaigns":false,"_monsterinsights_skip_tracking":false,"_monsterinsights_sitenote_active":false,"_monsterinsights_sitenote_note":"","_monsterinsights_sitenote_category":0,"footnotes":""},"categories":[1,11],"tags":[559,540,1312,2077,1421],"aioseo_notices":[],"_links":{"self":[{"href":"https:\/\/www.hbrkahta.com\/index.php\/wp-json\/wp\/v2\/posts\/12311"}],"collection":[{"href":"https:\/\/www.hbrkahta.com\/index.php\/wp-json\/wp\/v2\/posts"}],"about":[{"href":"https:\/\/www.hbrkahta.com\/index.php\/wp-json\/wp\/v2\/types\/post"}],"author":[{"embeddable":true,"href":"https:\/\/www.hbrkahta.com\/index.php\/wp-json\/wp\/v2\/users\/1"}],"replies":[{"embeddable":true,"href":"https:\/\/www.hbrkahta.com\/index.php\/wp-json\/wp\/v2\/comments?post=12311"}],"version-history":[{"count":1,"href":"https:\/\/www.hbrkahta.com\/index.php\/wp-json\/wp\/v2\/posts\/12311\/revisions"}],"predecessor-version":[{"id":12313,"href":"https:\/\/www.hbrkahta.com\/index.php\/wp-json\/wp\/v2\/posts\/12311\/revisions\/12313"}],"wp:featuredmedia":[{"embeddable":true,"href":"https:\/\/www.hbrkahta.com\/index.php\/wp-json\/wp\/v2\/media\/12312"}],"wp:attachment":[{"href":"https:\/\/www.hbrkahta.com\/index.php\/wp-json\/wp\/v2\/media?parent=12311"}],"wp:term":[{"taxonomy":"category","embeddable":true,"href":"https:\/\/www.hbrkahta.com\/index.php\/wp-json\/wp\/v2\/categories?post=12311"},{"taxonomy":"post_tag","embeddable":true,"href":"https:\/\/www.hbrkahta.com\/index.php\/wp-json\/wp\/v2\/tags?post=12311"}],"curies":[{"name":"wp","href":"https:\/\/api.w.org\/{rel}","templated":true}]}}