{"id":12308,"date":"2025-03-01T18:24:01","date_gmt":"2025-03-01T15:24:01","guid":{"rendered":"https:\/\/www.hbrkahta.com\/?p=12308"},"modified":"2025-03-01T18:24:01","modified_gmt":"2025-03-01T15:24:01","slug":"prof-dr-fevzi-rencber-adiyaman-turkiye-mozaiginin-en-guzel-orneklerinden-biri","status":"publish","type":"post","link":"https:\/\/www.hbrkahta.com\/index.php\/2025\/03\/01\/prof-dr-fevzi-rencber-adiyaman-turkiye-mozaiginin-en-guzel-orneklerinden-biri\/","title":{"rendered":"Prof. Dr. Fevzi Ren\u00e7ber: &#8216;Ad\u0131yaman, T\u00fcrkiye mozai\u011finin en g\u00fczel \u00f6rneklerinden biri&#8217;"},"content":{"rendered":"<p>Ad\u0131yaman&#8217;daki Alevi-S\u00fcnni birlikteli\u011fini bozma giri\u015fimlerinin ba\u015far\u0131s\u0131z olaca\u011f\u0131n\u0131 ifade eden Ren\u00e7ber, cem evlerine y\u00f6nelik sald\u0131r\u0131lar\u0131n amac\u0131n\u0131n toplumsal huzuru bozmak oldu\u011funu ancak Ad\u0131yaman\u2019\u0131n bu t\u00fcr provokasyonlara prim vermeyecek bir ge\u00e7mi\u015fe ve toplumsal yap\u0131ya sahip oldu\u011funu s\u00f6yledi.<\/p>\n<p>&#8220;Ad\u0131yaman, Bar\u0131\u015f\u0131n ve Birlikte Ya\u015faman\u0131n Sembol\u00fc&#8221;<\/p>\n<p>Ad\u0131yaman\u2019da Alevi-S\u00fcnni, T\u00fcrk-K\u00fcrt, M\u00fcsl\u00fcman-Hristiyan olmak \u00fczere bir\u00e7ok etnik ve dini grubun as\u0131rlard\u0131r bir arada ya\u015fad\u0131\u011f\u0131na dikkat \u00e7eken Ren\u00e7ber, yapt\u0131\u011f\u0131 akademik ara\u015ft\u0131rmalarda kentte mezhepsel veya etnik temelli bir \u00e7at\u0131\u015fman\u0131n olmad\u0131\u011f\u0131n\u0131 vurgulad\u0131.<\/p>\n<p>&#8220;Ad\u0131yaman\u2019da Alevi ve S\u00fcnni toplumu ge\u00e7mi\u015ften bug\u00fcne birbirini \u00f6tekile\u015ftirmeden, \u00f6nyarg\u0131lardan uzak bir \u015fekilde ya\u015fam\u0131\u015ft\u0131r. Aleviler S\u00fcnnileri, S\u00fcnniler ise Alevileri kirve yapm\u0131\u015f, aralar\u0131nda akrabal\u0131k ba\u011flar\u0131 kurmu\u015flard\u0131r. Ayn\u0131 cenazede saf tutmu\u015f, ayn\u0131 d\u00fc\u011f\u00fcnde halay \u00e7ekmi\u015flerdir. Yapt\u0131\u011f\u0131m\u0131z alan ara\u015ft\u0131rmalar\u0131nda bir\u00e7ok Alevi dede, S\u00fcnni kesimlerle aralar\u0131nda hi\u00e7bir sorunun olmad\u0131\u011f\u0131n\u0131 ifade etmi\u015ftir.&#8221;<\/p>\n<p>Ren\u00e7ber, &#8220;Ad\u0131yaman, \u0130slam ortak paydas\u0131n\u0131n ve birlikte ya\u015fama k\u00fclt\u00fcr\u00fcn\u00fcn en \u00f6nemli merkezlerinden biridir.&#8221; diyerek, bu birli\u011fin bozulmas\u0131n\u0131n m\u00fcmk\u00fcn olmad\u0131\u011f\u0131n\u0131 dile getirdi.<\/p>\n<p>&#8220;Cemevlerine Y\u00f6nelik Sald\u0131r\u0131lar\u0131n Amac\u0131 Toplumsal Bar\u0131\u015f\u0131 Bozmak&#8221;<\/p>\n<p>Son g\u00fcnlerde Ad\u0131yaman\u2019da cem evlerine y\u00f6nelik sald\u0131r\u0131lara ili\u015fkin de\u011ferlendirmelerde bulunan Prof. Dr. Fevzi Ren\u00e7ber, bu t\u00fcr giri\u015fimlerin Alevi-S\u00fcnni \u00e7at\u0131\u015fmas\u0131 \u00e7\u0131karmaya y\u00f6nelik oldu\u011funu s\u00f6yledi. Ancak Ad\u0131yaman halk\u0131n\u0131n sa\u011fduyulu davrand\u0131\u011f\u0131n\u0131 ve bu t\u00fcr provokasyonlara gelmeyece\u011fini belirten Ren\u00e7ber, \u015fu ifadeleri kulland\u0131:<\/p>\n<p>&#8220;Ad\u0131yaman\u2019da cem evlerine yap\u0131lan sald\u0131r\u0131lar, T\u00fcrkiye\u2019nin i\u00e7ine girdi\u011fi bar\u0131\u015f iklimine zarar vermek isteyenlerin provokasyonlar\u0131d\u0131r. Ancak Ad\u0131yaman\u2019da birlik ve beraberlik h&acirc;kimdir. Alevi ve S\u00fcnni toplumu ge\u00e7mi\u015fte oldu\u011fu gibi bug\u00fcn de karde\u015flik i\u00e7inde ya\u015famaya devam edecektir. Hi\u00e7bir sald\u0131r\u0131, Ad\u0131yaman\u2019daki karde\u015fli\u011fi bozamaz.&#8221;<\/p>\n<p>Ren\u00e7ber, Ad\u0131yaman halk\u0131n\u0131n bar\u0131\u015f\u00e7\u0131l yap\u0131s\u0131n\u0131n ve toplumsal dayan\u0131\u015fmas\u0131n\u0131n bu t\u00fcr giri\u015fimlerin ba\u015far\u0131s\u0131z olmas\u0131n\u0131 sa\u011flayaca\u011f\u0131n\u0131 belirtti.<\/p>\n<p>&#8220;Ad\u0131yaman, T\u00fcrkiye\u2019nin K\u00fclt\u00fcrel Zenginli\u011fini Yans\u0131tan Bir \u015eehirdir&#8221;<\/p>\n<p>Prof. Dr. Fevzi Ren\u00e7ber, Ad\u0131yaman\u2019\u0131n sadece dini ve mezhepsel a\u00e7\u0131dan de\u011fil, etnik yap\u0131s\u0131yla da T\u00fcrkiye mozai\u011finin en g\u00fczel \u00f6rneklerinden biri oldu\u011funu belirtti. Ad\u0131yaman&#8217;\u0131n huzur, karde\u015flik ve ho\u015fg\u00f6r\u00fc k\u00fclt\u00fcr\u00fcn\u00fcn k\u00f6kl\u00fc bir ge\u00e7mi\u015fe dayand\u0131\u011f\u0131n\u0131 vurgulayan Ren\u00e7ber, &#8220;Bu \u015fehir, T\u00fcrkiye\u2019de bar\u0131\u015f\u0131n, birlikteli\u011fin ve ortak ya\u015fama k\u00fclt\u00fcr\u00fcn\u00fcn en \u00f6nemli sembollerinden biridir.&#8221; dedi.<\/p>\n<p>Ad\u0131yaman halk\u0131n\u0131n sa\u011fduyulu tutumunun toplumsal huzurun korunmas\u0131nda en \u00f6nemli etken oldu\u011funu belirten Ren\u00e7ber, kentteki karde\u015flik ortam\u0131n\u0131n s\u00fcrmesi i\u00e7in herkesin bu birlikteli\u011fi desteklemesi gerekti\u011fini ifade etti.<\/p><\/p>\n","protected":false},"excerpt":{"rendered":"<p> G\u00fclbahar S\u00dcNG\u00dc &#8211; Ad\u0131yamanl\u0131 Akademisyenler Platformu Ba\u015fkan\u0131 Prof. Dr. Fevzi Ren\u00e7ber, Ad\u0131yaman\u2019\u0131n farkl\u0131 inan\u00e7 ve etnik gruplar\u0131n bir arada bar\u0131\u015f ve karde\u015flik i\u00e7inde ya\u015fad\u0131\u011f\u0131 bir \u015fehir oldu\u011funu belirterek, son d\u00f6nemde ya\u015fanan geli\u015fmelere dikkat \u00e7ekti.<\/p>\n","protected":false},"author":1,"featured_media":12309,"comment_status":"open","ping_status":"open","sticky":false,"template":"","format":"standard","meta":{"om_disable_all_campaigns":false,"_monsterinsights_skip_tracking":false,"_monsterinsights_sitenote_active":false,"_monsterinsights_sitenote_note":"","_monsterinsights_sitenote_category":0,"footnotes":""},"categories":[1,11],"tags":[559,540,2093,2094,450],"aioseo_notices":[],"_links":{"self":[{"href":"https:\/\/www.hbrkahta.com\/index.php\/wp-json\/wp\/v2\/posts\/12308"}],"collection":[{"href":"https:\/\/www.hbrkahta.com\/index.php\/wp-json\/wp\/v2\/posts"}],"about":[{"href":"https:\/\/www.hbrkahta.com\/index.php\/wp-json\/wp\/v2\/types\/post"}],"author":[{"embeddable":true,"href":"https:\/\/www.hbrkahta.com\/index.php\/wp-json\/wp\/v2\/users\/1"}],"replies":[{"embeddable":true,"href":"https:\/\/www.hbrkahta.com\/index.php\/wp-json\/wp\/v2\/comments?post=12308"}],"version-history":[{"count":1,"href":"https:\/\/www.hbrkahta.com\/index.php\/wp-json\/wp\/v2\/posts\/12308\/revisions"}],"predecessor-version":[{"id":12310,"href":"https:\/\/www.hbrkahta.com\/index.php\/wp-json\/wp\/v2\/posts\/12308\/revisions\/12310"}],"wp:featuredmedia":[{"embeddable":true,"href":"https:\/\/www.hbrkahta.com\/index.php\/wp-json\/wp\/v2\/media\/12309"}],"wp:attachment":[{"href":"https:\/\/www.hbrkahta.com\/index.php\/wp-json\/wp\/v2\/media?parent=12308"}],"wp:term":[{"taxonomy":"category","embeddable":true,"href":"https:\/\/www.hbrkahta.com\/index.php\/wp-json\/wp\/v2\/categories?post=12308"},{"taxonomy":"post_tag","embeddable":true,"href":"https:\/\/www.hbrkahta.com\/index.php\/wp-json\/wp\/v2\/tags?post=12308"}],"curies":[{"name":"wp","href":"https:\/\/api.w.org\/{rel}","templated":true}]}}