{"id":12263,"date":"2025-02-28T17:12:02","date_gmt":"2025-02-28T14:12:02","guid":{"rendered":"https:\/\/www.hbrkahta.com\/?p=12263"},"modified":"2025-02-28T17:12:02","modified_gmt":"2025-02-28T14:12:02","slug":"adiyamanda-ges-projesine-tepki-koyluler-tarim-ve-hayvancilik-alanlarinin-korunmasini-istiyor","status":"publish","type":"post","link":"https:\/\/www.hbrkahta.com\/index.php\/2025\/02\/28\/adiyamanda-ges-projesine-tepki-koyluler-tarim-ve-hayvancilik-alanlarinin-korunmasini-istiyor\/","title":{"rendered":"Ad\u0131yaman&#8217;da GES projesine tepki: K\u00f6yl\u00fcler tar\u0131m ve hayvanc\u0131l\u0131k alanlar\u0131n\u0131n korunmas\u0131n\u0131 istiyor"},"content":{"rendered":"<p>&#8220;GES panelleri tar\u0131ma elveri\u015fli olmayan arazilere kurulmal\u0131&#8221;<\/p>\n<p>Eylemde konu\u015fan k\u00f6yl\u00fclerden biri, b\u00f6lgenin tar\u0131m ve hayvanc\u0131l\u0131k a\u00e7\u0131s\u0131ndan \u00f6nemine vurgu yaparak, GES panellerinin uygun olmayan bir alana yap\u0131lmas\u0131n\u0131n yanl\u0131\u015f oldu\u011funu belirtti. K\u00f6yl\u00fc, &#8220;Burada devlete kar\u015f\u0131 de\u011filiz ancak bu b\u00f6lge tar\u0131ma elveri\u015flidir. Hayvanc\u0131l\u0131k yap\u0131yoruz ve paneller kuruldu\u011funda burada ya\u015faman\u0131n bir anlam\u0131 kalmaz. \u00c7\u00fcnk\u00fc k\u00f6y\u00fc bo\u011fuyor, nefes alamay\u0131z, hayvanc\u0131l\u0131k biter, sorunlar\u0131m\u0131z artar. Oysa buray\u0131 trakt\u00f6rle s\u00fcr\u00fcyor, bi\u00e7erle bi\u00e7iyoruz. Devletin bunu g\u00f6rmesi ve bize hak vermesi laz\u0131m. Buras\u0131 zaman\u0131nda dedelerimiz taraf\u0131ndan hazineden al\u0131nm\u0131\u015ft\u0131r&#8221; ifadelerini kulland\u0131.<\/p>\n<p>&#8220;Hakk\u0131m\u0131z\u0131 savunuyoruz, ma\u011fduriyetimizin giderilmesini istiyoruz&#8221;<\/p>\n<p>Bir di\u011fer k\u00f6yl\u00fc ise, k\u00f6yl\u00fclerin uzun y\u0131llard\u0131r tar\u0131msal faaliyetlerle ge\u00e7imini sa\u011flad\u0131\u011f\u0131n\u0131 vurgulayarak, GES projesine kar\u015f\u0131 olduklar\u0131n\u0131 belirtti. &#8220;Biz k\u00f6y halk\u0131 olarak \u00e7ok ma\u011fduruz ve ma\u011fduriyetimizin giderilmesini istiyoruz. Devlet b\u00fcy\u00fcklerimizin bu konuya el atmas\u0131n\u0131 bekliyoruz. T\u00fcrkiye Petrolleri burada bir i\u015flem y\u00fcr\u00fct\u00fcyor ve tar\u0131m arazilerimiz zarar g\u00f6recek. GES panelleri yap\u0131l\u0131rsa biz bu arazimizi kullanamayaca\u011f\u0131z. Kanunlara g\u00f6re tar\u0131ma elveri\u015fli tarlalara bu t\u00fcr projeler yap\u0131lmaz. Burada hakk\u0131m\u0131z\u0131 yasal olarak savunuyoruz&#8221; dedi.<\/p>\n<p>&#8220;Dedelerimizden kalan bu topraklar elimizden al\u0131nmamal\u0131&#8221;<\/p>\n<p>K\u00f6yl\u00fc, mezrada ya\u015fayanlar\u0131n tar\u0131ma uygun arazilerde hayvanc\u0131l\u0131kla ge\u00e7indi\u011fini belirterek, &#8220;Biz burada y\u0131llard\u0131r \u00e7ile \u00e7ekerek tar\u0131m yapt\u0131k, hayvanc\u0131l\u0131k yapt\u0131k. T\u00fcrkiye Petrolleri\u2019nin burada ne i\u015fi var? Milli Emlak, e\u011fer bu arazi hazine mal\u0131ysa, hakk\u0131m\u0131z\u0131 tan\u0131s\u0131n. Devlet bu topra\u011f\u0131n ger\u00e7ek sahiplerini g\u00f6rmezden gelmemeli. K\u00f6yl\u00fc olarak her g\u00fcn bu \u00e7ileyi \u00e7ekiyoruz&#8221; diyerek tepkisini dile getirdi.<\/p>\n<p>K\u00f6yl\u00fcler, T\u00fcrkiye Petrolleri taraf\u0131ndan y\u00fcr\u00fct\u00fclen projenin durdurulmas\u0131n\u0131 ve tar\u0131ma uygun olmayan b\u00f6lgelerde ger\u00e7ekle\u015ftirilmesini talep etti. B\u00f6lge halk\u0131, yetkililerden s\u00fcrecin yeniden de\u011ferlendirilmesini ve ma\u011fduriyetlerinin giderilmesini beklediklerini ifade etti.<\/p><\/p>\n","protected":false},"excerpt":{"rendered":"<p> Mustafa KAMI\u015eLI \u2013 T\u00fcrkiye Petrolleri taraf\u0131ndan yap\u0131lmas\u0131 planlanan G\u00fcne\u015f Enerjisi Santrali (GES) projesi, tar\u0131ma elveri\u015fli arazilerde hayvanc\u0131l\u0131k ve \u00e7ift\u00e7ilik yapan k\u00f6yl\u00fclerin tepkisini \u00e7ekti. Ad\u0131yaman\u2019\u0131n Kahta il\u00e7esine ba\u011fl\u0131 \u00c7alt\u0131l\u0131 K\u00f6y\u00fc, Karadut mezras\u0131nda ya\u015fayan vatanda\u015flar, projenin tar\u0131m ve hayvanc\u0131l\u0131\u011f\u0131 olumsuz etkileyece\u011fini belirterek protesto eylemi ger\u00e7ekle\u015ftirdi.<\/p>\n","protected":false},"author":1,"featured_media":12264,"comment_status":"open","ping_status":"open","sticky":false,"template":"","format":"standard","meta":{"om_disable_all_campaigns":false,"_monsterinsights_skip_tracking":false,"_monsterinsights_sitenote_active":false,"_monsterinsights_sitenote_note":"","_monsterinsights_sitenote_category":0,"footnotes":""},"categories":[1,11],"tags":[1629,540,2088,1206,2087],"aioseo_notices":[],"_links":{"self":[{"href":"https:\/\/www.hbrkahta.com\/index.php\/wp-json\/wp\/v2\/posts\/12263"}],"collection":[{"href":"https:\/\/www.hbrkahta.com\/index.php\/wp-json\/wp\/v2\/posts"}],"about":[{"href":"https:\/\/www.hbrkahta.com\/index.php\/wp-json\/wp\/v2\/types\/post"}],"author":[{"embeddable":true,"href":"https:\/\/www.hbrkahta.com\/index.php\/wp-json\/wp\/v2\/users\/1"}],"replies":[{"embeddable":true,"href":"https:\/\/www.hbrkahta.com\/index.php\/wp-json\/wp\/v2\/comments?post=12263"}],"version-history":[{"count":1,"href":"https:\/\/www.hbrkahta.com\/index.php\/wp-json\/wp\/v2\/posts\/12263\/revisions"}],"predecessor-version":[{"id":12265,"href":"https:\/\/www.hbrkahta.com\/index.php\/wp-json\/wp\/v2\/posts\/12263\/revisions\/12265"}],"wp:featuredmedia":[{"embeddable":true,"href":"https:\/\/www.hbrkahta.com\/index.php\/wp-json\/wp\/v2\/media\/12264"}],"wp:attachment":[{"href":"https:\/\/www.hbrkahta.com\/index.php\/wp-json\/wp\/v2\/media?parent=12263"}],"wp:term":[{"taxonomy":"category","embeddable":true,"href":"https:\/\/www.hbrkahta.com\/index.php\/wp-json\/wp\/v2\/categories?post=12263"},{"taxonomy":"post_tag","embeddable":true,"href":"https:\/\/www.hbrkahta.com\/index.php\/wp-json\/wp\/v2\/tags?post=12263"}],"curies":[{"name":"wp","href":"https:\/\/api.w.org\/{rel}","templated":true}]}}