{"id":12260,"date":"2025-02-28T16:00:00","date_gmt":"2025-02-28T13:00:00","guid":{"rendered":"https:\/\/www.hbrkahta.com\/?p=12260"},"modified":"2025-02-28T16:00:00","modified_gmt":"2025-02-28T13:00:00","slug":"yeniden-refah-partisi-il-baskani-ismail-demir-ramazana-buruk-ve-mahzun-giriyoruz","status":"publish","type":"post","link":"https:\/\/www.hbrkahta.com\/index.php\/2025\/02\/28\/yeniden-refah-partisi-il-baskani-ismail-demir-ramazana-buruk-ve-mahzun-giriyoruz\/","title":{"rendered":"Yeniden Refah Partisi \u0130l Ba\u015fkan\u0131 \u0130smail Demir: &#8216;Ramazan&#8217;a buruk ve mahzun giriyoruz&#8217;"},"content":{"rendered":"<p>&ldquo;Ramazan\u2019a Buruk ve Mahzun Giriyoruz&rdquo;<\/p>\n<p>Bas\u0131n mensuplar\u0131na seslenen Demir, konu\u015fmas\u0131na Yeniden Refah Partisi Genel Ba\u015fkan\u0131 Dr. Fatih Erbakan\u2019\u0131n selamlar\u0131n\u0131 ileterek ba\u015flad\u0131. Ramazan ay\u0131n\u0131n M\u00fcsl\u00fcmanlar i\u00e7in b\u00fcy\u00fck bir rahmet ve bereket ay\u0131 oldu\u011funu belirten Demir, ancak bu y\u0131l Ramazan\u2019\u0131n buruk ve mahzun bir \u015fekilde kar\u015f\u0131land\u0131\u011f\u0131n\u0131 ifade etti.<\/p>\n<p>Ba\u015fta Gazze olmak \u00fczere, d\u00fcnyada milyonlarca M\u00fcsl\u00fcman\u0131n i\u015fgal, yoksulluk ve \u00e7aresizlik i\u00e7inde Ramazan\u2019a girdi\u011fini belirten Demir, &ldquo;Allah\u2019tan, kendilerine ebedi kurtulu\u015f ve huzur diliyor, \u00f6z yurtlar\u0131nda d\u00fc\u015fman i\u015fgalinin bir an \u00f6nce son bulmas\u0131n\u0131 temenni ediyoruz&rdquo; dedi. Ayr\u0131ca, yard\u0131m kurulu\u015flar\u0131 taraf\u0131ndan ba\u015flat\u0131lan yard\u0131m kampanyalar\u0131na destek \u00e7a\u011fr\u0131s\u0131nda bulundu.<\/p>\n<p>&ldquo;Vatanda\u015flar G\u0131da Fiyatlar\u0131 Kar\u015f\u0131s\u0131nda Zor Durumda&rdquo;<\/p>\n<p>Ekonomiye dair de\u011ferlendirmelerde bulunan Demir, \u00f6zellikle g\u0131da fiyatlar\u0131ndaki art\u0131\u015f\u0131n vatanda\u015flar\u0131 zor duruma soktu\u011funu belirtti. Ramazan \u00f6ncesinde temel g\u0131da maddelerinin fiyatlar\u0131n\u0131n h\u0131zla y\u00fckseldi\u011fine dikkat \u00e7eken Demir, &ldquo;\u0130nsanlar\u0131m\u0131z, m\u00fcbarek oru\u00e7 ay\u0131 \u00f6ncesi hurma, zeytin, kay\u0131s\u0131 gibi iftarl\u0131klar\u0131 bile ne yaz\u0131k ki cam\u0131n gerisinden, ancak vitrinden izleyebiliyor&rdquo; dedi.<\/p>\n<p>Ramazan pidesinden k\u0131rm\u0131z\u0131 ete, bakliyattan kuruyemi\u015fe kadar bir\u00e7ok temel t\u00fcketim \u00fcr\u00fcn\u00fcn\u00fcn fiyatlar\u0131n\u0131n artt\u0131\u011f\u0131n\u0131 belirten Demir, f\u0131rsat\u00e7\u0131larla m\u00fccadelede yetersiz kal\u0131nd\u0131\u011f\u0131n\u0131 savundu. Ticaret Bakanl\u0131\u011f\u0131 ve Tar\u0131m Bakanl\u0131\u011f\u0131\u2019n\u0131n piyasay\u0131 kontrol alt\u0131na alamad\u0131\u011f\u0131n\u0131 ifade eden Demir, &ldquo;Bakan \u00e7ok, vatanda\u015f\u0131n halini g\u00f6ren yok&rdquo; \u015feklinde konu\u015ftu.<\/p>\n<p>&ldquo;Fitre ile Bir Aile Nas\u0131l Ge\u00e7inecek?&rdquo;<\/p>\n<p>Diyanet \u0130\u015fleri Ba\u015fkanl\u0131\u011f\u0131 taraf\u0131ndan belirlenen 180 TL\u2019lik fitre miktar\u0131n\u0131 da ele\u015ftiren Demir, bu rakamla bir ailenin Ramazan boyunca nas\u0131l ge\u00e7inece\u011finin hesaplanmas\u0131 gerekti\u011fini s\u00f6yledi. Yapt\u0131\u011f\u0131 hesaplamayla 4 ki\u015filik bir ailenin g\u00fcnl\u00fck iftar ve sahur giderinin 1.440 TL, ayl\u0131k giderinin ise 43 bin 200 TL oldu\u011funu belirten Demir, &ldquo;Asgari \u00fccret 22 bin 104 TL, en d\u00fc\u015f\u00fck emekli ayl\u0131\u011f\u0131 14 bin 469 TL. Nas\u0131l \u00e7\u0131kaca\u011f\u0131z bu hesab\u0131n i\u00e7inden? \u0130nsanlar\u0131m\u0131z Ramazan\u2019\u0131 nas\u0131l ge\u00e7irecek?&rdquo; diyerek ekonomik s\u0131k\u0131nt\u0131lar\u0131n alt\u0131n\u0131 \u00e7izdi.<\/p>\n<p>&ldquo;Erken Se\u00e7im \u00c7\u00f6z\u00fcm Olacakt\u0131r&rdquo;<\/p>\n<p>Cumhur \u0130ttifak\u0131\u2019n\u0131n ekonomi politikalar\u0131n\u0131 ele\u015ftiren Demir, MHP\u2019nin ba\u015flatt\u0131\u011f\u0131 &ldquo;Ask\u0131da Bu\u011fday&rdquo; uygulamas\u0131n\u0131n k\u0131rsaldaki vatanda\u015flar\u0131n bile bu\u011fdaya muhta\u00e7 hale geldi\u011fini g\u00f6sterdi\u011fini s\u00f6yledi.<\/p>\n<p>Ekonomik darbo\u011fazdan \u00e7\u0131k\u0131\u015f\u0131n yolunun erken se\u00e7im oldu\u011funu savunan Demir, &ldquo;Bu darbo\u011fazdan \u00e7\u0131k\u0131\u015f\u0131n yolu, al\u0131nacak erken se\u00e7im karar\u0131yla, hekimi de re\u00e7eteyi de de\u011fi\u015ftirmektir. \u0130lk se\u00e7imde Yeniden Refah Partisi\u2019ni iktidara getirmek, Milli G\u00f6r\u00fc\u015f ve Adil D\u00fczen re\u00e7eteleriyle, yolsuzlu\u011fu da yoksullu\u011fu da bitirmektir&rdquo; ifadelerini kulland\u0131.<\/p>\n<p>Konu\u015fmas\u0131n\u0131n sonunda t\u00fcm vatanda\u015flar\u0131n Ramazan ay\u0131n\u0131 tebrik eden Demir, &ldquo;Ramazan-\u0131 \u015eerif\u2019in, maddi ve manevi kurtulu\u015fumuza ve s\u00fcrekli huzura vesile olmas\u0131n\u0131 diliyorum&rdquo; diyerek s\u00f6zlerini tamamlad\u0131.<\/p><\/p>\n","protected":false},"excerpt":{"rendered":"<p>  \u2013 Yeniden Refah Partisi (YRP) Ad\u0131yaman \u0130l Ba\u015fkan\u0131 \u0130smail Demir, partisinin il ba\u015fkanl\u0131\u011f\u0131nda d\u00fczenledi\u011fi bas\u0131n toplant\u0131s\u0131nda Ramazan ay\u0131n\u0131n ba\u015flamas\u0131, ekonomik sorunlar ve h\u00fck\u00fcmet politikalar\u0131na dair \u00f6nemli a\u00e7\u0131klamalarda bulundu.<\/p>\n","protected":false},"author":1,"featured_media":12261,"comment_status":"open","ping_status":"open","sticky":false,"template":"","format":"standard","meta":{"om_disable_all_campaigns":false,"_monsterinsights_skip_tracking":false,"_monsterinsights_sitenote_active":false,"_monsterinsights_sitenote_note":"","_monsterinsights_sitenote_category":0,"footnotes":""},"categories":[1,11],"tags":[540,351,2001],"aioseo_notices":[],"_links":{"self":[{"href":"https:\/\/www.hbrkahta.com\/index.php\/wp-json\/wp\/v2\/posts\/12260"}],"collection":[{"href":"https:\/\/www.hbrkahta.com\/index.php\/wp-json\/wp\/v2\/posts"}],"about":[{"href":"https:\/\/www.hbrkahta.com\/index.php\/wp-json\/wp\/v2\/types\/post"}],"author":[{"embeddable":true,"href":"https:\/\/www.hbrkahta.com\/index.php\/wp-json\/wp\/v2\/users\/1"}],"replies":[{"embeddable":true,"href":"https:\/\/www.hbrkahta.com\/index.php\/wp-json\/wp\/v2\/comments?post=12260"}],"version-history":[{"count":1,"href":"https:\/\/www.hbrkahta.com\/index.php\/wp-json\/wp\/v2\/posts\/12260\/revisions"}],"predecessor-version":[{"id":12262,"href":"https:\/\/www.hbrkahta.com\/index.php\/wp-json\/wp\/v2\/posts\/12260\/revisions\/12262"}],"wp:featuredmedia":[{"embeddable":true,"href":"https:\/\/www.hbrkahta.com\/index.php\/wp-json\/wp\/v2\/media\/12261"}],"wp:attachment":[{"href":"https:\/\/www.hbrkahta.com\/index.php\/wp-json\/wp\/v2\/media?parent=12260"}],"wp:term":[{"taxonomy":"category","embeddable":true,"href":"https:\/\/www.hbrkahta.com\/index.php\/wp-json\/wp\/v2\/categories?post=12260"},{"taxonomy":"post_tag","embeddable":true,"href":"https:\/\/www.hbrkahta.com\/index.php\/wp-json\/wp\/v2\/tags?post=12260"}],"curies":[{"name":"wp","href":"https:\/\/api.w.org\/{rel}","templated":true}]}}